{"id":97,"date":"2006-07-01T22:01:51","date_gmt":"2006-07-02T03:01:51","guid":{"rendered":"http:\/\/28330.vws.magma.ca\/fr\/?p=97"},"modified":"2006-07-01T22:01:51","modified_gmt":"2006-07-02T03:01:51","slug":"editorial-honorer-nos-morts-militaires","status":"publish","type":"post","link":"https:\/\/legionmagazine.com\/fr\/2006\/07\/editorial-honorer-nos-morts-militaires\/","title":{"rendered":"\u00c9ditorial Honorer nos morts militaires"},"content":{"rendered":"<h1><\/h1>\n<h2><\/h2>\n<p>Le protocole pour pleurer et rendre hommage \u00e0 nos guerriers                   tomb\u00e9s est devenu un sujet de d\u00e9bat national au Parlement et                   aux m\u00e9dias ce printemps.<\/p>\n<p>\u00c0 la Direction nationale de la L\u00e9gion royale canadienne, quand                   on a demand\u00e9 une opinion, on a r\u00e9p\u00e9t\u00e9 ce qu&#8217;on en pense depuis                   longtemps\u00a0: que la bonne pratique est de mettre en berne le                   drapeau national sur la Tour de la Paix \u00e0 Ottawa et les \u00e9difices                   du gouvernement \u00e0 travers le pays le 11 novembre seulement,                   le jour du Souvenir.<\/p>\n<p>&#8220;Nous allons nous souvenir de tous pour ce qu&#8217;ils ont fait&#8221;,                   dit la pr\u00e9sidente nationale Mary Ann Burdett. &#8220;Ils ont servi                   avec dignit\u00e9 et honneur, et ce jour de comm\u00e9moration nationale                   est en l&#8217;honneur des presque 117 000 qui ont fait ce sacrifice.&#8221;<\/p>\n<p>La L\u00e9gion croit de plus, et ce n&#8217;est que juste, que les filiales                   doivent chacune pouvoir prendre leur propre d\u00e9cision \u00e0 propos                   de l&#8217;abaissement du drapeau canadien \u00e0 leurs locaux lors de                   la mort d&#8217;un membre militaire de leur localit\u00e9. L&#8217;organisation                   soutient aussi le protocole des Forces canadiennes qui est                   de permettre l&#8217;abaissement des drapeaux aux unit\u00e9s, bases et                   installations pour reconna\u00eetre la mort d&#8217;un compagnon d&#8217;arme.<\/p>\n<p>Les d\u00e9bats ont r\u00e9sult\u00e9 de la d\u00e9cision du nouveau gouvernement                   f\u00e9d\u00e9ral de ne pas mettre les drapeaux en berne sur la Tour                   de la Paix suite \u00e0 la mort, en avril, de quatre soldats des                   FC en Afghanistan, ce qui donnait un total de 16 soldats et                   un diplomate depuis 2002.<\/p>\n<p>Les critiques ont d\u00e9clar\u00e9 que le gouvernement leur manquait                   de respect. Nous ne sommes pas du tout d&#8217;accord. Nous n&#8217;aimions                   pas l&#8217;application s\u00e9lective du gouvernement selon laquelle                   on octroyait la reconnaissance nationale \u00e0 certains mais pas \u00e0 d&#8217;autres.                   La r\u00e9alit\u00e9 c&#8217;est que l&#8217;ancien gouvernement est celui qui n&#8217;\u00e9tait                   pas en cadence, celui qui s&#8217;est \u00e9loign\u00e9 d&#8217;une pratique qui                   a \u00e9t\u00e9 adopt\u00e9e peu de temps apr\u00e8s la Premi\u00e8re Guerre mondiale.                   Nous appuyons le retour \u00e0 l&#8217;ancienne pratique par le gouvernement                   actuel.<\/p>\n<p>Que le 11 novembre, quand nous les honorons tous, reste le                   jour de la reconnaissance universelle.<\/p>\n","protected":false},"excerpt":{"rendered":"<p>Le protocole pour pleurer et rendre hommage \u00e0 nos guerriers tomb\u00e9s est devenu un sujet de d\u00e9bat national au Parlement et aux m\u00e9dias ce printemps. \u00c0 la Direction nationale de la L\u00e9gion royale canadienne, quand on a demand\u00e9 une opinion, on a r\u00e9p\u00e9t\u00e9 ce qu&#8217;on en pense depuis longtemps\u00a0: que la bonne pratique est de [&hellip;]<\/p>\n","protected":false},"author":1,"featured_media":0,"comment_status":"open","ping_status":"open","sticky":false,"template":"","format":"standard","meta":{"footnotes":""},"categories":[3],"tags":[],"class_list":["post-97","post","type-post","status-publish","format-standard","hentry","category-articles-principaux"],"_links":{"self":[{"href":"https:\/\/legionmagazine.com\/fr\/wp-json\/wp\/v2\/posts\/97","targetHints":{"allow":["GET"]}}],"collection":[{"href":"https:\/\/legionmagazine.com\/fr\/wp-json\/wp\/v2\/posts"}],"about":[{"href":"https:\/\/legionmagazine.com\/fr\/wp-json\/wp\/v2\/types\/post"}],"author":[{"embeddable":true,"href":"https:\/\/legionmagazine.com\/fr\/wp-json\/wp\/v2\/users\/1"}],"replies":[{"embeddable":true,"href":"https:\/\/legionmagazine.com\/fr\/wp-json\/wp\/v2\/comments?post=97"}],"version-history":[{"count":0,"href":"https:\/\/legionmagazine.com\/fr\/wp-json\/wp\/v2\/posts\/97\/revisions"}],"wp:attachment":[{"href":"https:\/\/legionmagazine.com\/fr\/wp-json\/wp\/v2\/media?parent=97"}],"wp:term":[{"taxonomy":"category","embeddable":true,"href":"https:\/\/legionmagazine.com\/fr\/wp-json\/wp\/v2\/categories?post=97"},{"taxonomy":"post_tag","embeddable":true,"href":"https:\/\/legionmagazine.com\/fr\/wp-json\/wp\/v2\/tags?post=97"}],"curies":[{"name":"wp","href":"https:\/\/api.w.org\/{rel}","templated":true}]}}