{"id":773,"date":"2011-03-01T11:14:21","date_gmt":"2011-03-01T15:14:21","guid":{"rendered":"https:\/\/legionmagfren.wpengine.com\/?p=773"},"modified":"2011-02-22T11:16:36","modified_gmt":"2011-02-22T15:16:36","slug":"2010-l-annee-en-resume","status":"publish","type":"post","link":"https:\/\/legionmagazine.com\/fr\/2011\/03\/2010-l-annee-en-resume\/","title":{"rendered":"2010 : L\u2019ann\u00e9e en r\u00e9sum\u00e9"},"content":{"rendered":"<h2>Nouvelle pr\u00e9sidente, nouvelle approche<\/h2>\n<p>Proactif, progressif, positif et productif : mots cl\u00e9s qui r\u00e9sument l\u2019ann\u00e9e et la nouvelle pr\u00e9sidente nationale a commenc\u00e9 \u00e0 s\u2019en servir au Congr\u00e8s national.<\/p>\n<p>Le 43e Congr\u00e8s national de la L\u00e9gion royale canadienne, tenu \u00e0 Winnipeg, avait \u00e9t\u00e9 pr\u00e9c\u00e9d\u00e9 par une br\u00e8ve r\u00e9union du Conseil ex\u00e9cutif national (CEN) \u00e0 la salle Marlborough de l\u2019H\u00f4tel Marlborough o\u00f9 fut fond\u00e9e la L\u00e9gion. Une c\u00e9r\u00e9monie s\u2019est ensuite d\u00e9roul\u00e9e au cours de laquelle une plaque a \u00e9t\u00e9 d\u00e9voil\u00e9e par la Commission des lieux et monuments historiques du Canada qui reconnait la fondation comme un \u00ab \u00e9v\u00e8nement historique d\u2019importance nationale \u00bb.<\/p>\n<p>La d\u00e9claration d\u2019un d\u00e9put\u00e9 remerciant la L\u00e9gion et les anciens combattants canadiens a aussi \u00e9t\u00e9 lue \u00e0 l\u2019Assembl\u00e9e l\u00e9gislative du Manitoba.<\/p>\n<p>Wim Geerts, ambassadeur du Royaume des Pays-Bas au Canada, \u00e9tait l\u2019invit\u00e9 d\u2019honneur \u00e0 la c\u00e9r\u00e9monie de d\u00e9p\u00f4t de couronnes.<\/p>\n<p>Quelques invit\u00e9s, dont le ministre d\u2019Anciens Combattants Canada (ACC), ont transmis les salutations de certains groupes ou fait des expos\u00e9s pendant le congr\u00e8s. Patricia Varga a \u00e9t\u00e9 \u00e9lue pr\u00e9sidente nationale par acclamation. Lors de son discours d\u2019acceptation, elle a dit que la L\u00e9gion devait \u00eatre proactive, progressive, positive et productive.<\/p>\n<p>Wilf Edmond a endoss\u00e9 le r\u00f4le de pr\u00e9sident sortant et Gordon Moore a assum\u00e9 le poste de premier vice-pr\u00e9sident national. Les trois postes de vice-pr\u00e9sident national ont \u00e9t\u00e9 d\u00e9croch\u00e9s par Tom Eagles, David Flannigan et George O\u2019Dair. Le tr\u00e9sorier national Michael Cook et le pr\u00e9sident des d\u00e9bats national Thomas Irvine ont conserv\u00e9 leur poste.<\/p>\n<p>Le grand pr\u00e9sident Charles Belzile a proc\u00e9d\u00e9 \u00e0 l\u2019installation des membres du comit\u00e9 directeur. Larry Murray, qui le rempla\u00e7ait au poste honoraire, a ensuite \u00e9t\u00e9 install\u00e9 par la nouvelle pr\u00e9sidente nationale et le pr\u00e9sident sortant.<\/p>\n<p>Des collectes ont \u00e9t\u00e9 faites lors de l\u2019\u00e9v\u00e8nement pour le Fonds de la Ligue royale des anciens combattants du Commonwealth (LRACC) et pour le Fonds de moral des troupes (FMT). Ces dons se sont chiffr\u00e9s \u00e0 151 109,45 $, plus des promesses de 74 420 $, pour la LRACC, et \u00e0 45 019,93 $, plus des promesses de 6 050 $, pour le FMT.<\/p>\n<p>Les activit\u00e9s \u00e0 la Maison de la L\u00e9gion se sont poursuivies pendant l\u2019ann\u00e9e. Le Bureau d\u2019entraide a trait\u00e9 un grand nombre de demandes d\u2019aide et offert ses services de repr\u00e9sentation aux membres des Forces canadiennes (FC) et de la GRC, aux anciens combattants de tout \u00e2ge et \u00e0 leur famille. Les officiers d\u2019entraide ont interjet\u00e9 des appels et d\u00e9pos\u00e9 des demandes de r\u00e9examen devant le Tribunal des anciens combattants (r\u00e9vision et appel), et assist\u00e9 \u00e0 quatre ateliers du Service de pr\u00e9paration \u00e0 une seconde carri\u00e8re.<\/p>\n<p>Une s\u00e9ance de formation officielle a \u00e9t\u00e9 tenue \u00e0 la Direction nationale pour les nouveaux officiers d\u2019entraide, assistants et autres personnes int\u00e9ress\u00e9es, dont des repr\u00e9sentants d\u2019ACC, des FC et de la GRC. On a aussi continu\u00e9 d\u2019aborder les membres r\u00e9guliers et r\u00e9servistes des FC avec le concours des Centres de ressources pour les familles des militaires, de l\u2019unit\u00e9 interarm\u00e9es de soutien au personnel et des Centres int\u00e9gr\u00e9s de soutien au personnel, et gr\u00e2ce au soutien des directions divisionnaires, pour montrer qu\u2019\u00ab on se soucie \u00bb.<\/p>\n<p>Sous l\u2019autorit\u00e9 du Comit\u00e9 des anciens combattants, des services et des ain\u00e9s (CACSA), maintenant pr\u00e9sid\u00e9 par la pr\u00e9sidente nationale Varga, deux s\u00e9ries de cours pour sondeurs de soins de longue dur\u00e9e ont \u00e9t\u00e9 donn\u00e9s et le Manuel d\u2019Officier d\u2019entraide a \u00e9t\u00e9 mis \u00e0 jour. Les officiers d\u2019entraide des directions ont tous assist\u00e9, \u00e0 Charlottetown, \u00e0 la s\u00e9ance de formation pour officiers d\u2019entraide sur le perfectionnement professionnel.<\/p>\n<p>Le Bureau des services a aussi contr\u00f4l\u00e9 le programme des logements de la L\u00e9gion. (Il se termine en mars 2011, quand l\u2019inventaire des logements mis \u00e0 jour sera remis aux directions divi\u00adsionnaires.) La L\u00e9gion a travaill\u00e9 \u00e9troitement avec la Soci\u00e9t\u00e9 canadienne de la scl\u00e9rose lat\u00e9rale amyotrophique (SLA) afin qu\u2019ACC reconnaisse le droit des anciens combattants souffrant de la SLA \u00e0 toucher des prestations d\u2019invalidit\u00e9. Une nouvelle politique \u00e0 cet \u00e9gard a \u00e9t\u00e9 adopt\u00e9e en octobre.<\/p>\n<p>La L\u00e9gion a de plus paru devant le Comit\u00e9 permanent des anciens combattants de la Chambre des communes et confirm\u00e9 qu\u2019elle ent\u00e9rine les recommandations du Comit\u00e9 consultatif de la nouvelle Charte des anciens combattants. La L\u00e9gion a maintenu qu\u2019elle soutient la nouvelle Charte des anciens combattants (NCAC) conform\u00e9ment au principe qu\u2019elle doit \u00eatre une \u00ab charte vivante \u00bb modifi\u00e9e selon les besoins.<\/p>\n<p>La L\u00e9gion a ensuite paru devant le comit\u00e9 pour discuter des questions li\u00e9es \u00e0 une loi servant \u00e0 limiter la vente des ordres, d\u00e9corations et m\u00e9dailles militaires d\u2019importance culturelle \u00e0 des gens qui ne sont pas r\u00e9sidents du Canada. Le Parlement l\u2019a finalement approuv\u00e9e malgr\u00e9 l\u2019opposition de la L\u00e9gion et d\u2019autres organisations d\u2019anciens combattants. La L\u00e9gion consulte les autres organisations d\u2019anciens combattants au cas par cas lorsqu\u2019elle est invit\u00e9e \u00e0 paraitre devant les comit\u00e9s du gouvernement. La L\u00e9gion a aussi t\u00e9moign\u00e9 devant le comit\u00e9 pour discuter du stress de combat et du stress op\u00e9rationnel.<\/p>\n<p>Elle a \u00e9galement paru devant le Sous-comit\u00e9 des anciens combattants du S\u00e9nat pour discuter des probl\u00e8mes li\u00e9s \u00e0 la NCAC, et elle a fait le point sur les r\u00e9solutions que la L\u00e9gion a prises \u00e0 son 43e Congr\u00e8s national.<\/p>\n<p>La L\u00e9gion a particip\u00e9 \u00e0 une r\u00e9union \u00e0 Ste-Anne-de-Bellevue o\u00f9 il fut question du transfert de l\u2019H\u00f4pital Ste-Anne pour anciens combattants \u00e0 la province de Qu\u00e9bec. Elle a aussi assist\u00e9 aux International Society for Traumatic Stress Studies, \u00e0 la r\u00e9union de l\u2019Association canadienne de g\u00e9rontologie et \u00e0 la CF Health Initiative Conference \u00e0 l\u2019Universit\u00e9 Queen\u2019s.<\/p>\n<p>La pr\u00e9sidente nationale et le secr\u00e9taire national ont assist\u00e9 \u00e0 des consultations du ministre des Anciens Combattants pour discuter des am\u00e9liorations pr\u00e9vues \u00e0 la NCAC, qui ont \u00e9t\u00e9 suivies par des expos\u00e9s et l\u2019annonce officielle d\u2019une loi servant \u00e0 modifier la NCAC.<\/p>\n<p>D\u2019autres annonces ont \u00e9t\u00e9 faites par la suite sur le d\u00e9veloppement d\u2019options \u00e9chelonn\u00e9es concernant les indemnit\u00e9s d\u2019invalidit\u00e9. La L\u00e9gion a aussi parrain\u00e9 deux d\u00e9clarations de politique dans la revue L\u00e9gion. Il y a \u00e9galement eu du progr\u00e8s dans le soci\u00e9tariat.<\/p>\n<p>Les avis de renouv\u00e8lement ont \u00e9t\u00e9 envoy\u00e9s aux soci\u00e9taires qui n\u2019avaient pas acquitt\u00e9 les frais de 2009 ou 2010. Les rappels ont port\u00e9 fruit, menant \u00e0 19 000 renouv\u00e8lements.<\/p>\n<p>En juin, une r\u00e9solution a \u00e9t\u00e9 adopt\u00e9e pour permettre aux directions divisionnaires et aux filiales de reconnaitre le service en continu chez les dames auxiliaires (DA). Les ann\u00e9es de services chez les DA ne peuvent pas \u00eatre combin\u00e9es \u00e0 celles du service \u00e0 la L\u00e9gion, mais elles peuvent dor\u00e9navant \u00eatre reconnues au moyen d\u2019un autocollant au revers de la carte de membre de la L\u00e9gion.<\/p>\n<p>Le Comit\u00e9 de l\u2019adh\u00e9sion, pr\u00e9sid\u00e9 par le vice-pr\u00e9sident George O\u2019Dair, a si\u00e9g\u00e9 pour la premi\u00e8re fois en septembre. Il a introduit des modifications au programme l\u00e8ve-t\u00f4t servant \u00e0 augmenter le pourcentage minimal de renouv\u00e8lements n\u00e9cessaire pour obtenir un certificat ou un sceau de 50 \u00e0 75 p. 100.<\/p>\n<p>Le Prix d\u2019excellence en adh\u00e9sion est un nouveau programme de certificats de m\u00e9rite approuv\u00e9 par le comit\u00e9. Il sera d\u00e9cern\u00e9 aux filiales en reconnaissance de leur d\u00e9vouement exemplaire, de leur travail et du temps qu\u2019elles passent au renouv\u00e8lement des membres et au recrutement.<\/p>\n<p>En vue d\u2019attirer les militaires, la L\u00e9gion a continu\u00e9 d\u2019offrir l\u2019adh\u00e9sion gratuite pendant un an, comme membre \u00e0 titre personnel, \u00e0 ceux ayant r\u00e9cemment pris leur retraite. Le service des adh\u00e9sions a install\u00e9 un stand aux Championnats nationaux d\u2019athl\u00e9tisme et au salon des m\u00e9dias Zoomer \u00e0 Toronto afin de promouvoir les adh\u00e9sions aupr\u00e8s du grand public.<\/p>\n<p>Le Comit\u00e9 de la d\u00e9fense a maintenu une pr\u00e9sence solide dans le monde de la d\u00e9fense gr\u00e2ce \u00e0 son adh\u00e9sion \u00e0 la Conf\u00e9rence des associations de la d\u00e9fense (CAD) et \u00e0 ses liens \u00e9troits avec les principaux commandants du minist\u00e8re de la D\u00e9fense nationale (MDN).<\/p>\n<p>Le pr\u00e9sident int\u00e9rimaire Randy Price a repr\u00e9sent\u00e9 le comit\u00e9 au Congr\u00e8s national, apr\u00e8s quoi le comit\u00e9 a \u00e9t\u00e9 r\u00e9organis\u00e9. Il compte un repr\u00e9sentant de plus, celui de la GRC, et Bill Leach, ancien commandant de l\u2019arm\u00e9e, en a \u00e9t\u00e9 nomm\u00e9 pr\u00e9sident.<\/p>\n<p>Le comit\u00e9 a remani\u00e9 son mandat, pour lequel il sollicitera une approbation en 2011, en y incluant la GRC.<\/p>\n<p>Il s\u2019est pench\u00e9 sur nombre de sujets, comme une r\u00e9solution demandant au MDN de reconnaitre, au moyen d\u2019une \u00e9pingle, le service des gens qui ont servi moins de 12 ans, et il a plaid\u00e9 pour l\u2019octroi d\u2019une m\u00e9daille de service volontaire \u00e0 tous ceux qui se sont port\u00e9s volon\u00adtaires, sans crit\u00e8re de temps.<\/p>\n<p>La r\u00e9duction des fonds pour la r\u00e9serve est aussi un sujet de pr\u00e9occupation, et la CAD en a fait part au MDN. Des modifications \u00e0 la NCAC ont \u00e9t\u00e9 \u00e9tudi\u00e9es et appuy\u00e9es, mais sans oublier qu\u2019il fallait d\u2019autres am\u00e9liorations.<\/p>\n<p>Le comit\u00e9 a continu\u00e9 de suivre de pr\u00e8s les soins dispens\u00e9s aux militaires apr\u00e8s leur d\u00e9ploiement de concert avec le CACSA.<\/p>\n<p>Le nombre de personnes \u00e0 la c\u00e9r\u00e9monie nationale du jour du Souvenir s\u2019est \u00e9lev\u00e9 \u00e0 30 000. Le cort\u00e8ge vice-royal comprenait le gouverneur g\u00e9n\u00e9ral, David Johnston; la m\u00e8re de la Croix d\u2019argent, Mabel Girouard de Bathurst (N.-B.); le leader du gouvernement \u00e0 la Chambre des communes, John Baird; le pr\u00e9sident du S\u00e9nat, Noel Kinsella; le ministre des Anciens combattants, Jean-Pierre Blackburn; le g\u00e9n\u00e9ral et chef d\u2019\u00e9tat-major de la d\u00e9fense, Walter Natynczyk; les repr\u00e9sentants de la jeunesse canadienne, Jan Sobotka, Jonathan Brown, Michael Sullivan et Shea Goreham (gagnants s\u00e9niors des concours litt\u00e9raires et d\u2019affiches de la L\u00e9gion); et la pr\u00e9sidente de la L\u00e9gion royale canadienne.<\/p>\n<p>L\u2019Acte du Souvenir a \u00e9t\u00e9 r\u00e9cit\u00e9 en anglais par la pr\u00e9sidente nationale, en fran\u00e7ais par le grand pr\u00e9sident et en cri par Norman Henderson.<\/p>\n<p>Le Comit\u00e9 national du coquelicot et du souvenir, pr\u00e9sid\u00e9 par le vice-pr\u00e9sident national Tom Eagles, s\u2019est r\u00e9uni officiellement en deux occasions. Ses membres ont aussi examin\u00e9 des enjeux et en ont discut\u00e9 lors de t\u00e9l\u00e9r\u00e9unions afin qu\u2019ils soient r\u00e9gl\u00e9s en temps opportun.<\/p>\n<p>La campagne annuelle du coquelicot n\u2019a rien perdu de son importance, le premier coquelicot ayant \u00e9t\u00e9 remis au gouverneur g\u00e9n\u00e9ral en octobre. Un lancement c\u00e9r\u00e9moniel semblable a aussi eu lieu dans les autres directions divisionnaires.<\/p>\n<p>Les filiales et les directions ont bien appuy\u00e9 les concours litt\u00e9raires et d\u2019affiches, auxquels pr\u00e8s de 100 000 \u00e9l\u00e8ves ont particip\u00e9.<\/p>\n<p>Le comit\u00e9 s\u2019est livr\u00e9 \u00e0 la r\u00e9vision du Manuel du Coquelicot et a recommand\u00e9 des modifications et des mises \u00e0 jour. Le nouveau manuel sortira au d\u00e9but 2011.<\/p>\n<p>Quatre situations ont suscit\u00e9 une intervention judiciaire contre des entreprises ou des individus qui n\u2019avaient pas obtemp\u00e9r\u00e9 au mandement de cesser leur atteinte au droit d\u2019auteur. La Direction nationale a aussi r\u00e9cemment sign\u00e9 une nouvelle lettre d\u2019entente avec ACC relativement \u00e0 l\u2019utilisation de l\u2019image du coquelicot dans le cadre du programme Le Canada se souvient.<\/p>\n<p>Tous les ans en novembre, les r\u00e9cipiendaires des prix du cadet de l\u2019ann\u00e9e de la Marine, de l\u2019Arm\u00e9e ou de l\u2019Aviation sont invit\u00e9s \u00e0 Ottawa pour participer \u00e0 des \u00e9v\u00e8nements comm\u00e9moratifs et servir de porteurs de couronne pour le cort\u00e8ge vice-royal \u00e0 la c\u00e9r\u00e9monie du jour du Souvenir. Les cadets par excellence de cette ann\u00e9e \u00e9taient la cadette de la Marine Nadine Kelly, la cadette de l\u2019Arm\u00e9e Ashley Linehan et le cadet de l\u2019Aviation Sadiq Valliani.<\/p>\n<p>Rencontres du Canada organise la semaine th\u00e9matique Le Canada se souvient, parrain\u00e9e par ACC, \u00e0 laquelle prennent part, pendant la semaine du souvenir, 150 jeunes et surveillants de toutes les provinces. Le comit\u00e9 a accept\u00e9 l\u2019invitation, en 2010, de leur parler du souvenir et de ce que signifie le coquelicot.<\/p>\n<p>Les Championnats canadiens d\u2019athl\u00e9tisme de la L\u00e9gion ont eu lieu \u00e0 l\u2019Installation d\u2019athl\u00e9tisme Terry-Fox, \u00e0 Ottawa, sous le regard vigilant du nouveau pr\u00e9sident du Comit\u00e9 des sports, David Flannigan. Des 10 divisions \u00e9taient venus 318 athl\u00e8tes parrain\u00e9s par la L\u00e9gion, 33 chaperons et 25 entraineurs. En outre, il y avait 510 athl\u00e8tes de la cat\u00e9gorie ouverte. Une veill\u00e9e fun\u00e8bre \u00e0 la chandelle a \u00e9t\u00e9 organis\u00e9e pour les athl\u00e8tes de la L\u00e9gion, le soir du 5 aout, au Monument comm\u00e9moratif de guerre du Canada.<\/p>\n<p>C\u2019est le lieutenant-gouverneur de l\u2019Ontario, David C. Onley, qui a d\u00e9clar\u00e9 les jeux officiellement ouverts. Le banquet de cl\u00f4ture s\u2019est tenu au Man\u00e8ge militaire de la place Cartier, o\u00f9 Willy MacDonald, couronn\u00e9 du Prix Vimy, \u00e9tait conf\u00e9rencier.<\/p>\n<p>La rencontre a \u00e9t\u00e9 dirig\u00e9e, pour la premi\u00e8re fois au cours d\u2019une p\u00e9riode de trois jours, par le directeur de rencontre de l\u2019endroit, Andy McInnis. Quatorze records de la jeunesse canadienne et vingt de la L\u00e9gion ont \u00e9t\u00e9 battus pendant la comp\u00e9tition. Tous les records de la L\u00e9gion sauf trois et un de la jeunesse canadienne ont \u00e9t\u00e9 battus par des athl\u00e8tes choisis par la L\u00e9gion. Xavier King et Christian Brennan, tous deux de l\u2019Ontario, ont \u00e9t\u00e9 choisis meilleurs athl\u00e8tes masculin et f\u00e9minin de la rencontre.<\/p>\n<p>Au championnat de cribbage, organis\u00e9 par la filiale Sussex (N.-B.) en avril, la comp\u00e9tition des simples a \u00e9t\u00e9 remport\u00e9e par Cathy Kerr de la filiale Charlottetown. Celle des doubles a \u00e9t\u00e9 gagn\u00e9e par Rick Walkden et Cyril Slade de la filiale Fairview, \u00e0 Halifax, et celle des \u00e9quipes, par Roger LeBlanc, Paul Calhoun, Dean McLaughlin et Carl Nash de la filiale Marysville de Fredericton.<\/p>\n<p>Le championnat de fl\u00e9chettes a \u00e9t\u00e9 organis\u00e9 en mai par la filiale Butler de Chester (N.-\u00c9.). Le titre chez les simples a \u00e9t\u00e9 obtenu par Chester MacKenzie de la filiale MacDonald Memorial de Lakeside (N.-\u00c9.), celui chez les doubles, par Jeff Smith et Tom Vaughan de la filiale Carleton de Saint John (N.-B.), et l\u2019\u00e9quipe gagnante a \u00e9t\u00e9 celle de la filiale qu\u00e9b\u00e9coise LaSalle form\u00e9e par S\u00e9bastien Gagnon, Gerald Hull, Jason Hurley et Kevin MacArthur.<\/p>\n<p>Le championnat de curling a \u00e9t\u00e9 organis\u00e9 en mars par la filiale Stephenville (T.-N.). L\u2019\u00e9quipe gagnante \u00e9tait celle de la filiale Gladstone (Man.), form\u00e9e par Jeff Stewart, Craig Douglas, Dwight Fergus et Jeff Mowat.<\/p>\n<p>Le Comit\u00e9 des relations publiques s\u2019est r\u00e9uni en septembre sous la direction du premier vice-pr\u00e9sident Gordon Moore. Il s\u2019est pench\u00e9 sur des suggestions \u00e9mises pour am\u00e9liorer l\u2019empreinte de la L\u00e9gion dans la collectivit\u00e9, mais il n\u2019avait pas encore pr\u00e9sent\u00e9 de nouveau plan au CEN au moment o\u00f9 nous mettions sous presse. Il pr\u00e9f\u00e8re attendre le rapport que le CEN doit recevoir sur l\u2019\u00e9tude de marke\u00adting, dont s\u2019occupe un employ\u00e9 contractuel pour la L\u00e9gion, concernant l\u2019avenir de cette derni\u00e8re et les directions qu\u2019elle devrait prendre.<\/p>\n<p>En attendant, le service des communications a men\u00e9 ses op\u00e9rations habituelles li\u00e9es \u00e0 la gestion du Web, au soutien du catalogue et du graphisme au Bureau d\u2019entraide, \u00e0 la pr\u00e9paration des lettres de f\u00e9licitations et des discours, et \u00e0 l\u2019administration des services d\u2019ordinateurs et de t\u00e9l\u00e9phones. Le service a r\u00e9pondu \u00e0 plus de 10 000 demandes pendant l\u2019ann\u00e9e tout en entretenant et en perfectionnant les op\u00e9rations informatiques.<\/p>\n<p>Quant aux anciens combattants antillais, l\u2019informatique \u00e9tait le dernier de leurs soucis. La L\u00e9gion a donn\u00e9 plus de 304 000 $ aux anciens combattants des Antilles sous la banni\u00e8re de la LRACC en 2010, une g\u00e9n\u00e9rosit\u00e9 dont l\u2019a remerci\u00e9e le prince Philip, pr\u00e9sident de la LRACC. Lors d\u2019une r\u00e9union dirig\u00e9e en novembre par la pr\u00e9sidente nationale, la L\u00e9gion a mis de c\u00f4t\u00e9 300 000 $ de plus pour l\u2019assistance en 2011 et ce, gr\u00e2ce au nombre record de dons re\u00e7us lors du Congr\u00e8s national.<\/p>\n<p>Le Comit\u00e9 du rituel et des r\u00e9compen-ses s\u2019est r\u00e9uni une fois par mois pour que toutes les demandes soient examin\u00e9es en temps opportun. Il a recommand\u00e9 deux nouvelles barres pour les m\u00e9dailles des postes d\u2019officier sortant aux niveaux de la filiale et des directions et, les demandes se faisant de plus en plus nombreuses, il a autoris\u00e9 le service de l\u2019approvisionnement \u00e0 produire et \u00e0 vendre des plaques d\u00e9cern\u00e9es aux l\u00e9gionnaires de l\u2019ann\u00e9e.<\/p>\n<p>L\u2019ancien vice-pr\u00e9sident, Ron Goebel, a pris la place du pr\u00e9sident George O\u2019Dair. Bernie D\u00e9carie, membre du comit\u00e9, l\u2019a ensuite remplac\u00e9.<\/p>\n<p>Le comit\u00e9 a autoris\u00e9 la production de m\u00e9dailles de service \u00e0 la filiale et de service aux DA cr\u00e9\u00e9es \u00e0 la suite d\u2019une r\u00e9solution prise au Congr\u00e8s national. Les m\u00e9dailles sont actuellement disponibles et les crit\u00e8res de leur attribution figurent dans le Manuel des Honneurs et R\u00e9compenses. Le Manuel des Rituel et insignes et le Manuel des Honneurs et r\u00e9compenses ont \u00e9t\u00e9 modifi\u00e9s et ils sont en circulation. Le premier comprend une d\u00e9claration relativement au port de l\u2019uniforme de la L\u00e9gion et les normes de cet uniforme pour les occasions officielles.<\/p>\n<p>Au service de l\u2019approvisionnement, les articles de comm\u00e9moration produits pour le jour de la Victoire et pour la guerre de Cor\u00e9e se sont bien vendus. Le travail s\u2019est poursuivi relativement \u00e0 la cr\u00e9ation d\u2019un magasin Web et \u00e0 la conception du catalogue, dont une nouvelle \u00e9dition paraitra en octobre.<\/p>\n<p>Tout ne s\u2019est pas d\u00e9roul\u00e9 sans pro-bl\u00e8mes avec le manufacturier des coquelicots et des couronnes. Certaines filiales n\u2019ont pas re\u00e7u leurs commandes en entier parce que le stock \u00e9tait insuffisant. Des mesures ont \u00e9t\u00e9 prises pour rem\u00e9dier \u00e0 ce probl\u00e8me avant la prochaine campagne.<\/p>\n<p>Le Comit\u00e9 des constitution et lois, pr\u00e9sid\u00e9 par Jim Rycroft, a continu\u00e9 de prodiguer des conseils sur les questions constitutionnelles soulev\u00e9es par l\u2019interpr\u00e9tation de la loi constitutive et des arr\u00eat\u00e9s g\u00e9n\u00e9raux. Le comit\u00e9 a aussi examin\u00e9 des modifications aux arr\u00eat\u00e9s g\u00e9n\u00e9raux pour nombre de directions.<\/p>\n<p>Il y a eu des changements chez les directeurs et \u00e0 la mani\u00e8re dont se font les choses \u00e0 la Direction nationale. Proactif, progressif, positif et productif : les mots cl\u00e9s du succ\u00e8s.<\/p>\n","protected":false},"excerpt":{"rendered":"<p>Nouvelle pr\u00e9sidente, nouvelle approche Proactif, progressif, positif et productif : mots cl\u00e9s qui r\u00e9sument l\u2019ann\u00e9e et la nouvelle pr\u00e9sidente nationale a commenc\u00e9 \u00e0 s\u2019en servir au Congr\u00e8s national. Le 43e Congr\u00e8s national de la L\u00e9gion royale canadienne, tenu \u00e0 Winnipeg, avait \u00e9t\u00e9 pr\u00e9c\u00e9d\u00e9 par une br\u00e8ve r\u00e9union du Conseil ex\u00e9cutif national (CEN) \u00e0 la salle [&hellip;]<\/p>\n","protected":false},"author":10,"featured_media":0,"comment_status":"open","ping_status":"open","sticky":false,"template":"","format":"standard","meta":{"footnotes":""},"categories":[4],"tags":[],"class_list":["post-773","post","type-post","status-publish","format-standard","hentry","category-nouvelles"],"_links":{"self":[{"href":"https:\/\/legionmagazine.com\/fr\/wp-json\/wp\/v2\/posts\/773","targetHints":{"allow":["GET"]}}],"collection":[{"href":"https:\/\/legionmagazine.com\/fr\/wp-json\/wp\/v2\/posts"}],"about":[{"href":"https:\/\/legionmagazine.com\/fr\/wp-json\/wp\/v2\/types\/post"}],"author":[{"embeddable":true,"href":"https:\/\/legionmagazine.com\/fr\/wp-json\/wp\/v2\/users\/10"}],"replies":[{"embeddable":true,"href":"https:\/\/legionmagazine.com\/fr\/wp-json\/wp\/v2\/comments?post=773"}],"version-history":[{"count":0,"href":"https:\/\/legionmagazine.com\/fr\/wp-json\/wp\/v2\/posts\/773\/revisions"}],"wp:attachment":[{"href":"https:\/\/legionmagazine.com\/fr\/wp-json\/wp\/v2\/media?parent=773"}],"wp:term":[{"taxonomy":"category","embeddable":true,"href":"https:\/\/legionmagazine.com\/fr\/wp-json\/wp\/v2\/categories?post=773"},{"taxonomy":"post_tag","embeddable":true,"href":"https:\/\/legionmagazine.com\/fr\/wp-json\/wp\/v2\/tags?post=773"}],"curies":[{"name":"wp","href":"https:\/\/api.w.org\/{rel}","templated":true}]}}