{"id":6636,"date":"2025-07-16T10:46:30","date_gmt":"2025-07-16T14:46:30","guid":{"rendered":"https:\/\/legionmagazine.com\/fr\/?p=6636"},"modified":"2025-07-16T10:46:30","modified_gmt":"2025-07-16T14:46:30","slug":"seconde-guerre-mondiale","status":"publish","type":"post","link":"https:\/\/legionmagazine.com\/fr\/2025\/07\/seconde-guerre-mondiale\/","title":{"rendered":"SECONDE GUERRE MONDIALE"},"content":{"rendered":"<p><div class=\"caption_img\">\r\n        <a href=\"https:\/\/legionmagazine.com\/fr\/wp-content\/uploads\/2025\/07\/PA-132463.jpg\"><img fetchpriority=\"high\" decoding=\"async\" class=\"wp-image-6637 size-full\" src=\"https:\/\/legionmagazine.com\/fr\/wp-content\/uploads\/2025\/07\/PA-132463.jpg\" alt=\"\" width=\"800\" height=\"614\" srcset=\"https:\/\/legionmagazine.com\/fr\/wp-content\/uploads\/2025\/07\/PA-132463.jpg 800w, https:\/\/legionmagazine.com\/fr\/wp-content\/uploads\/2025\/07\/PA-132463-300x230.jpg 300w, https:\/\/legionmagazine.com\/fr\/wp-content\/uploads\/2025\/07\/PA-132463-768x589.jpg 768w\" sizes=\"(max-width: 800px) 100vw, 800px\" \/><\/a>\r\n        <div class=\"caption\">\r\n            <span>Les soldats du R\u00e9giment de la Chaudi\u00e8re descendent des p\u00e9niches de d\u00e9barquement \u00e0 Berni\u00e8res-sur-Mer, en France, le\u00a0jour J. <\/span>\r\n            \r\n        <div class=\"credit\">\r\n            <span>Lieutenant Frank L. Dubervill\/MDN\/BAC\/PA-132463<\/span>\r\n        <\/div>\r\n\r\n        <\/div>\r\n        \r\n    <\/div><div class=\"caption_img\">\r\n        <a href=\"https:\/\/legionmagazine.com\/fr\/wp-content\/uploads\/2025\/07\/PA-169941.jpg\"><img decoding=\"async\" class=\"wp-image-6641 size-full\" src=\"https:\/\/legionmagazine.com\/fr\/wp-content\/uploads\/2025\/07\/PA-169941.jpg\" alt=\"\" width=\"800\" height=\"843\" srcset=\"https:\/\/legionmagazine.com\/fr\/wp-content\/uploads\/2025\/07\/PA-169941.jpg 800w, https:\/\/legionmagazine.com\/fr\/wp-content\/uploads\/2025\/07\/PA-169941-285x300.jpg 285w, https:\/\/legionmagazine.com\/fr\/wp-content\/uploads\/2025\/07\/PA-169941-768x809.jpg 768w\" sizes=\"(max-width: 800px) 100vw, 800px\" \/><\/a>\r\n        <div class=\"caption\">\r\n            <span>Un enfant attend devant un restaurant n\u00e9erlandais pendant la\u00a0famine de l\u2019\u00ab\u2009hiver de la faim\u2009\u00bb de 1944-1945 en esp\u00e9rant l\u2019aum\u00f4ne. <\/span>\r\n            \r\n        <div class=\"credit\">\r\n            <span>Kryn Taconis\/BAC\/PA-169941<\/span>\r\n        <\/div>\r\n\r\n        <\/div>\r\n        \r\n    <\/div><div class=\"caption_img\">\r\n        <a href=\"https:\/\/legionmagazine.com\/fr\/wp-content\/uploads\/2025\/07\/2T1K6BK1.jpg\"><img decoding=\"async\" class=\"wp-image-6640 size-full\" src=\"https:\/\/legionmagazine.com\/fr\/wp-content\/uploads\/2025\/07\/2T1K6BK1.jpg\" alt=\"\" width=\"800\" height=\"549\" srcset=\"https:\/\/legionmagazine.com\/fr\/wp-content\/uploads\/2025\/07\/2T1K6BK1.jpg 800w, https:\/\/legionmagazine.com\/fr\/wp-content\/uploads\/2025\/07\/2T1K6BK1-300x206.jpg 300w, https:\/\/legionmagazine.com\/fr\/wp-content\/uploads\/2025\/07\/2T1K6BK1-768x527.jpg 768w\" sizes=\"(max-width: 800px) 100vw, 800px\" \/><\/a>\r\n        <div class=\"caption\">\r\n            <span>Une Hollandaise accompagne son mari, un soldat allemand, \u00e0 un camp de prisonniers de guerre. <\/span>\r\n            \r\n        <div class=\"credit\">\r\n            <span>piemags\/archive\/militaire\/Alamy\/2T1K6BK<\/span>\r\n        <\/div>\r\n\r\n        <\/div>\r\n        \r\n    <\/div><\/p>\n<p class=\"p1\"><span class=\"s1\"><b>Les soldats<\/b> de la Premi\u00e8re Arm\u00e9e canadienne prirent part \u00e0 la lib\u00e9ration de la France, de la\u00a0Belgique et des Pays-Bas du jour J \u00e0 la fin de la Seconde Guerre mondiale, et m\u00eame apr\u00e8s. S\u2019ils n\u2019avaient que peu d\u2019occasions de rencontrer la population locale lorsqu\u2019ils \u00e9taient au combat, celles-ci ne manquaient pas quand ils \u00e9taient aux lignes arri\u00e8re.<\/span><\/p>\n<p class=\"p2\"><span class=\"s1\">Venant du Canada et ayant pass\u00e9 beaucoup de temps en Grande-Bretagne, ils ne connaissaient g\u00e9n\u00e9ralement pas bien les habitudes fran\u00e7aises, belges ou n\u00e9erlandaises. M\u00eame s\u2019ils s\u2019entendaient g\u00e9n\u00e9ralement bien avec les habitants, ces derniers et les soldats affichaient des attitudes divergentes. Les relations prenaient donc diff\u00e9rentes formes.<\/span><\/p>\n<p class=\"p2\"><span class=\"s1\">Indubitablement, dans l\u2019ensemble, les r\u00e9actions des personnes lib\u00e9r\u00e9es furent g\u00e9n\u00e9ralement positives. Les rapports de censure r\u00e9guliers, bas\u00e9s sur des lettres de soldats, le montrent clairement. Les censeurs constat\u00e8rent en France que le rapport de commentaires positifs \u00e0 commentaires n\u00e9gatifs \u00e9tait de 45:1, et les nombreuses descriptions de civils accueillant leurs lib\u00e9rateurs avec des fleurs, des baisers et des bouteilles de vin \u00e9taient vraies.<\/span><\/p>\n<p class=\"p2\">Matthew Halton, correspondant de la CBC, rapporta qu\u2019il avait vu une femme d\u00e9poser une rose sur le visage d\u2019un mort canadien le 6\u00a0juin 1944. Apr\u00e8s le bombardement des Britanniques \u00e0 Caen qui\u00a0avait fait des milliers de morts parmi les civils\u00a0fran\u00e7ais, Halton alla \u00e9galement \u00e0 l\u2019Abbaye aux Hommes, dans la ville en ruine. Il y trouva un grand nombre de personnes qui s\u2019y \u00e9taient abrit\u00e9es et qui se pr\u00e9cipit\u00e8rent vers lui pour\u00a0l\u2019accueillir : c\u2019\u00e9tait peut-\u00eatre le\u00a0premier Canadien qu\u2019ils voyaient. \u00ab\u2009Quand ces gens virent nos insignes d\u2019\u00e9paule, ils s\u2019\u00e9cri\u00e8rent\u00a0: \u201cVive le Canada!\u201d Et nous r\u00e9pond\u00eemes : \u201cVive la France!\u201d\u2009\u00bb<\/p>\n<p class=\"p1\"><span class=\"s1\"><b>Toutefois<\/b>, une remarque plusieurs fois r\u00e9p\u00e9t\u00e9e dans les rapports de la censure \u00e9tait troublante. Des soldats rapportaient que des\u00a0Fran\u00e7aises d\u2019entre 14 et 45 ans, parfois en civil, parfois en uniforme allemand, se cachaient derri\u00e8re des arbres pour leur tirer dessus.<\/span><\/p>\n<p class=\"p2\"><span class=\"s1\">Un soldat \u00e9crivit que vers la fin du mois de juin, une femme \u00ab\u2009a eu cinq de nos gars avant que nous ne l\u2019ayons. C\u2019\u00e9tait une femme de\u00a019 ans mari\u00e9e \u00e0 un Allemand, et il y en a beaucoup comme \u00e7a. Elle a \u00e9t\u00e9 abattue alors qu\u2019elle tentait de s\u2019\u00e9chapper d\u2019une cage de\u00a0prisonniers de guerre. Elle a tu\u00e9\u00a0l\u2019un de nos gars [\u2026] avant qu\u2019un des n\u00f4tres ne lui tire dessus.\u2009\u00bb<\/span><\/p>\n<p class=\"p2\"><span class=\"s1\">\u00ab\u2009En plus des Allemands, il faut faire attention aux civils fran\u00e7ais : il y en a qui nous tireraient dans le dos sans h\u00e9sitation; des filles aussi, se plaignit un autre Canadien. Elles ont \u00e9pous\u00e9 des Allemands et nous disent sans ambages qu\u2019elles auraient aim\u00e9 que nous ne soyons pas venus.\u2009\u00bb<\/span><\/p>\n<p class=\"p2\"><span class=\"s1\">Les historiens ont dout\u00e9 de ces r\u00e9cits, mais leur v\u00e9racit\u00e9 parait peu discutable.<\/span><\/p>\n<blockquote>\n<p class=\"p1\">Quand ces gens virent nos insignes d\u2019\u00e9paule, ils s\u2019\u00e9cri\u00e8rent : \u00ab\u2009<span class=\"s1\">Vive le Canada!<\/span>\u2009\u00bb Et nous r\u00e9pond\u00eemes : \u00ab\u2009Vive la France!\u2009\u00bb<\/p>\n<\/blockquote>\n<p><div class=\"caption_img\">\r\n        <a href=\"https:\/\/legionmagazine.com\/fr\/wp-content\/uploads\/2025\/07\/PA-140683.jpg\"><img loading=\"lazy\" decoding=\"async\" class=\"wp-image-6638 size-full\" src=\"https:\/\/legionmagazine.com\/fr\/wp-content\/uploads\/2025\/07\/PA-140683.jpg\" alt=\"\" width=\"800\" height=\"582\" srcset=\"https:\/\/legionmagazine.com\/fr\/wp-content\/uploads\/2025\/07\/PA-140683.jpg 800w, https:\/\/legionmagazine.com\/fr\/wp-content\/uploads\/2025\/07\/PA-140683-300x218.jpg 300w, https:\/\/legionmagazine.com\/fr\/wp-content\/uploads\/2025\/07\/PA-140683-768x559.jpg 768w\" sizes=\"(max-width: 800px) 100vw, 800px\" \/><\/a>\r\n        <div class=\"caption\">\r\n            <span>Le fusilier R.M. Douglas du Royal Winnipeg Rifles est assailli par des N\u00e9erlandaises c\u00e9l\u00e9brant la lib\u00e9ration de la ville de Deventer en avril 1945. <\/span>\r\n            \r\n        <div class=\"credit\">\r\n            <span>Lieutenant Donald I. Grant\/MDN\/BAC\/PA-140683<\/span>\r\n        <\/div>\r\n\r\n        <\/div>\r\n        \r\n    <\/div><div class=\"caption_img\">\r\n        <a href=\"https:\/\/legionmagazine.com\/fr\/wp-content\/uploads\/2025\/07\/2APB57X1.jpg\"><img loading=\"lazy\" decoding=\"async\" class=\"wp-image-6639 size-full\" src=\"https:\/\/legionmagazine.com\/fr\/wp-content\/uploads\/2025\/07\/2APB57X1.jpg\" alt=\"\" width=\"800\" height=\"607\" srcset=\"https:\/\/legionmagazine.com\/fr\/wp-content\/uploads\/2025\/07\/2APB57X1.jpg 800w, https:\/\/legionmagazine.com\/fr\/wp-content\/uploads\/2025\/07\/2APB57X1-300x228.jpg 300w, https:\/\/legionmagazine.com\/fr\/wp-content\/uploads\/2025\/07\/2APB57X1-768x583.jpg 768w\" sizes=\"(max-width: 800px) 100vw, 800px\" \/><\/a>\r\n        <div class=\"caption\">\r\n            <span>Un soldat canadien distribue des cigarettes aux habitants de Gooi, aux Pays-Bas, en mai. <\/span>\r\n            \r\n        <div class=\"credit\">\r\n            <span>BNA Photographique\/Alamy\/2ApB57X<\/span>\r\n        <\/div>\r\n\r\n        <\/div>\r\n        \r\n    <\/div><\/p>\n<p class=\"p2\"><span class=\"s1\">Il y avait, bien s\u00fbr, d\u2019autres types de relations. Jock Colville, l\u2019un des secr\u00e9taires particuliers de Winston Churchill, s\u2019\u00e9tait enr\u00f4l\u00e9 dans la RAF. Il nota dans son journal que dans un a\u00e9rodrome pr\u00e8s de Bayeux, en France, les maisons closes avaient re\u00e7u l\u2019ordre de fermer.<\/span><\/p>\n<p class=\"p2\"><span class=\"s1\">\u00ab\u2009Des policiers militaires y furent affect\u00e9s pour s\u2019assurer du respect de l\u2019ordre. Sans se d\u00e9courager et sans complexe, plusieurs des dames d\u00e9munies se pr\u00e9sent\u00e8rent dans un champ attenant \u00e0 notre verger. Des files d\u2019aviateurs, et notamment, j\u2019ai le regret de le dire, de dignes Canadiens fran\u00e7ais catholiques romains, faisaient la queue pour leurs services, appor-tant des articles tels que des boites de sardines pour les payer.\u2009\u00bb<\/span><\/p>\n<p class=\"p2\"><span class=\"s1\">Comme cela le laissait entendre, les Canadiens avaient des besoins urgents, et de vastes r\u00e9serves de nourriture et de cigarettes pouvant servir de monnaie d\u2019\u00e9change.<\/span><\/p>\n<p class=\"p2\"><span class=\"s1\">Cependant, cela n\u2019emp\u00eachait pas le pillage, en particulier d\u2019aliments frais. Un officier du R\u00e9giment de la Chaudi\u00e8re s\u2019est rappel\u00e9 qu\u2019un de\u00a0ses hommes \u00ab\u2009arriva un jour avec plein d\u2019\u0153ufs dans son casque et trois ou quatre bouteilles de vin <\/span>dans les bras. Il avait rencontr\u00e9 une Fran\u00e7aise qui lui aurait dit : \u201cMon Dieu, les Canadiens sont-ils venus ici pour nous sauver ou pour nous d\u00e9valiser?\u201d\u2009\u00bb<\/p>\n<p class=\"p1\"><span class=\"s1\"><b>C\u2019\u00e9tait la m\u00eame histoire<\/b> en Belgique, o\u00f9 les Canadiens entr\u00e8rent pour la premi\u00e8re fois d\u00e9but septembre 1944 alors qu\u2019ils combattaient des Allemands bien entrain\u00e9s qui tentaient d\u2019emp\u00eacher le nettoyage de l\u2019estuaire de l\u2019Escaut. Le march\u00e9 noir se <\/span><span class=\"s1\">d\u00e9veloppait au fil du d\u00e9placement des combats, car les Canadiens faisaient le trafic de denr\u00e9es alimentaires et d\u2019\u00e9quipement.<\/span><\/p>\n<p class=\"p2\"><span class=\"s1\">Les simples soldats, les plus bas sur la modeste \u00e9chelle salariale de temps de guerre, pouvaient obtenir des poign\u00e9es de francs belges pour un bidon d\u2019essence ou une tenue de combat, et il y avait des rapports de prostitu\u00e9es fabriquant \u00ab\u2009de beaux manteaux d\u2019hiver taill\u00e9s dans des couvertures, ainsi que des robes chaudes ou des\u00a0manteaux pour leurs enfants\u2009\u00bb.<\/span><\/p>\n<p class=\"p2\"><span class=\"s1\">Pourtant, les Belges \u00e9taient mieux vus que les Fran\u00e7ais.<\/span><\/p>\n<p class=\"p2\"><span class=\"s1\">\u00ab\u2009Je pense que la Belgique les surpasse tous, \u00e9crivit William Hollett du Lincoln and Welland Regiment \u00e0 son p\u00e8re. Ils sont bien nourris et bien v\u00eatus, et ce sont les personnes les plus propres que j\u2019ai jamais vues\u2009\u00bb, une opinion commune parmi les Canadiens.<\/span><\/p>\n<p class=\"p2\"><span class=\"s1\">\u00ab\u2009Les filles partout en Belgique sont tout aussi jolies que celles d\u2019ailleurs\u2009\u00bb, ajouta Hollett.<\/span><\/p>\n<p class=\"p2\"><span class=\"s1\">Par ailleurs, Geoff Turpin, qui appartenait \u00e0 un r\u00e9giment de blind\u00e9s, fut invit\u00e9 chez une famille o\u00f9 \u00ab\u2009[ils ont] mang\u00e9 des raisins et bu du vin et du Pernod et du Bols jusqu\u2019\u00e0 plus soif, et [il a] pass\u00e9 une soir\u00e9e merveilleuse.\u2009\u00bb<\/span><\/p>\n<p class=\"p2\"><span class=\"s1\">Un aviateur de l\u2019ARC \u00e9crivit qu\u2019il \u00e9tait all\u00e9 \u00e0 Bruxelles et \u00e0 Anvers, et qu\u2019il avait trouv\u00e9 que la vie y \u00e9tait ch\u00e8re, mais int\u00e9ressante. Sans une once d\u2019ironie, il\u00a0ajouta cependant : \u00ab\u2009on ne peut pas les comparer \u00e0 Toronto\u2009\u00bb.<\/span><\/p>\n<p class=\"p2\"><span class=\"s1\">Un artilleur qui avait servi en Italie, le sergent Hugh Swinton, dit de sa caserne locale <\/span>que \u00ab\u2009c\u2019\u00e9tait assur\u00e9ment un bonheur d\u2019\u00eatre parmi de telles personnes apr\u00e8s tous ces mois dans la boue et la crasse\u2009\u00bb.<\/p>\n<p class=\"p2\">Le major d\u2019artillerie Elmer Bell \u00e9crivit : \u00ab\u2009Il y a des collaborateurs parmi les Belges, mais les clandestins s\u2019en d\u00e9barrassent assez efficacement.<\/p>\n<p class=\"p2\"><span class=\"s1\">\u00ab\u2009Les Europ\u00e9ens ne pensent qu\u2019aux affaires, poursuivit Bell, et\u00a0dans les transactions financi\u00e8res, ils pensent que nous sommes tous riches, alors ils essaient de nous soutirer le plus possible. Nous payons donc g\u00e9n\u00e9ralement au prix fort tout ce que nous achetons.\u2009\u00bb<\/span><\/p>\n<p class=\"p1\"><span class=\"s1\"><b>En f\u00e9vrier 1945<\/b>, les relations entre les habitants et leurs lib\u00e9rateurs \u00e9taient devenues tendues.<\/span><\/p>\n<p class=\"p2\"><span class=\"s1\">Un soldat se plaignit qu\u2019il \u00ab\u2009en avait de plus en plus marre du peuple belge en g\u00e9n\u00e9ral, ils ne semblent savoir que g\u00e9mir. Pourquoi ne font-ils pas un peu plus eux-m\u00eames au lieu de se laisser aller et\u00a0de tout critiquer [\u2026] ils devraient plut\u00f4t \u00eatre tr\u00e8s reconnaissants d\u2019avoir surv\u00e9cu \u00e0 la guerre \u00e0 si peu de frais. La Belgique, c\u2019est le paradis par rapport \u00e0 la Hollande; on n\u2019y entend pas la moiti\u00e9 des r\u00e9criminations qu\u2019on entend ici.\u2009\u00bb<\/span><\/p>\n<p class=\"p2\"><span class=\"s1\">La difficult\u00e9 r\u00e9sidait en partie dans le fait que le gouvernement<br \/>\n<\/span>belge, qui avait \u00e9t\u00e9 en exil en Grande-Bretagne, tardait \u00e0 <span class=\"s1\">prendre les r\u00eanes apr\u00e8s la lib\u00e9ration. De plus, les mouvements de r\u00e9sistance \u00e9taient fortement divis\u00e9s dans leur politique et m\u00e9contents des dirigeants exil\u00e9s.<\/span><\/p>\n<p class=\"p2\"><span class=\"s1\">Cela causa in\u00e9vitablement des probl\u00e8mes aux agents des affaires civiles du Canada et de Grande-Bretagne qui tentaient de\u00a0relancer l\u2019\u00e9conomie et d\u2019h\u00e9berger les r\u00e9fugi\u00e9s en toute s\u00e9curit\u00e9. La\u00a0difficult\u00e9, \u00e0 Anvers, port indispensable \u00e0 l\u2019approvisionnement des Alli\u00e9s, c\u2019\u00e9tait de garder les dockers au travail plut\u00f4t que de les envoyer en s\u00e9curit\u00e9 ailleurs.<\/span><\/p>\n<p class=\"p2\"><span class=\"s1\">Rien n\u2019\u00e9tait pourtant comparable aux probl\u00e8mes qu\u2019il y avait aux Pays-Bas, o\u00f9 les Allemands avaient affam\u00e9 la population, surtout dans les grandes villes, et inond\u00e9 une grande partie de la campagne pour <\/span>ralentir la marche des Alli\u00e9s.<\/p>\n<p class=\"p2\"><span class=\"s1\">\u00ab\u2009C\u2019est tr\u00e8s triste de voir autant d\u2019enfants sous-aliment\u00e9s et si mal habill\u00e9s, \u00e9crivit un signaleur canadien. Les gens sont vraiment dans le besoin, les\u00a0Allemands ont pill\u00e9 le pays.\u2009\u00bb<\/span><\/p>\n<p class=\"p2\"><span class=\"s1\">Un autre fantassin dit d\u2019un petit village pr\u00e8s d\u2019Arnhem : \u00ab\u2009Dieu merci, je vis au Canada. Les gens n\u2019ont pas de culture, et leur\u00a0style de vie est si archa\u00efque.\u2009\u00bb<\/span><\/p>\n<p>&nbsp;<\/p>\n<p class=\"p1\"><span class=\"s1\"><b>Apr\u00e8s que l\u2019Escaut <\/b>eut \u00e9t\u00e9 ouvert \u00e0 la navigation des Alli\u00e9s, le major Bell \u00e9crivit \u00e0 nouveau : \u00ab\u2009Les civils, ici, sont tr\u00e8s bons avec nous, et c\u2019est aussi un miracle [\u2026]. Je ne pense pas que nous appr\u00e9cierions deux cents soldats cantonn\u00e9s autour de notre maison et de notre grange.\u2009\u00bb<\/span><\/p>\n<p class=\"p2\"><span class=\"s1\">Lorsque les Allemands eurent d\u00e9pos\u00e9 les armes et que les convois canadiens arriv\u00e8rent dans le nord <\/span>du pays, les Hollandais attendaient avec impatience l\u2019arriv\u00e9e de leurs lib\u00e9rateurs. \u00ab\u2009Quand j\u2019ai vu un char au loin, avec la t\u00eate d\u2019un soldat qui d\u00e9passait, mon sang s\u2019est glac\u00e9, et je me suis dit\u00a0: \u201cVoici la lib\u00e9ration\u201d, a d\u00e9clar\u00e9 <span class=\"s1\">une femme du coin. Le\u00a0souffle m\u2019a manqu\u00e9; puis le soldat s\u2019est lev\u00e9, et c\u2019\u00e9tait comme un saint.<\/span><\/p>\n<p class=\"p2\"><span class=\"s1\">\u00ab\u2009Un vaste silence s\u2019est install\u00e9, rompu soudainement par un grand cri qui semblait jaillir de la terre. Et les gens sont mont\u00e9s sur le char, et ils en ont sorti le soldat, et ils pleuraient.\u2009\u00bb<\/span><\/p>\n<p class=\"p2\"><span class=\"s1\">L\u2019officier du renseignement John Gray fut l\u2019un des premiers <\/span><span class=\"s2\">Canadiens \u00e0 entrer dans Rotterdam aux derniers jours de la guerre. So<\/span><span class=\"s1\">n chauffeur et lui avaient pris leur diner, et il remarqua une douzaine <\/span>d\u2019hommes autour de sa jeep.<\/p>\n<p class=\"p2\">\u00ab\u2009En m\u2019appr\u00eatant \u00e0 monter, j\u2019ai vu le reste de notre repas dans une boite en carton : des sandwichs et une tarte\u2009\u00bb, dit-il. \u00ab\u2009La nourriture \u00e9tait-elle d\u2019une <span class=\"s1\">quelconque utilit\u00e9?\u2009\u00bb demanda-t-il \u00e0 un homme qui \u00ab\u2009m\u2019a regard\u00e9 d\u2019un <\/span>air incr\u00e9dule : d\u2019une quelconque utilit\u00e9? Il s\u2019assit sur le capot de la jeep o\u00f9 il se mit \u00e0 d\u00e9chiqueter les sandwichs et en faire de petits <span class=\"s1\">morceaux pour en donner \u00e0 chacun <\/span>[\u2026] chacun en eut un petit peu, et\u00a0ils s\u2019en l\u00e9ch\u00e8rent les babines.\u2009\u00bb<\/p>\n<p class=\"p1\"><span class=\"s1\">Pour beaucoup de Hollandais, \u00e9crivit Gray, \u00ab\u2009le gout m\u00eame de la\u00a0libert\u00e9 a longtemps \u00e9t\u00e9 une bouch\u00e9e de bon pain ou de p\u00e2tisserie, car\u00a0ils l\u2019avaient presque oubli\u00e9\u2009\u00bb.<\/span><\/p>\n<p class=\"p1\"><span class=\"s1\">Les Canadiens apportaient de la nourriture, de la joie et la libert\u00e9, et les N\u00e9erlandais leur en \u00e9taient reconnaissants.<\/span><\/p>\n<blockquote>\n<p class=\"p1\"><span class=\"s1\">Les cigarettes devinrent la devise de pr\u00e9dilection<\/span>. Un soldat pouvait \u00e9changer quelques cigarettes contre un appareil photo, des bijoux ou des relations sexuelles.<\/p>\n<\/blockquote>\n<div class=\"caption_img\">\r\n        <a href=\"https:\/\/legionmagazine.com\/fr\/wp-content\/uploads\/2025\/07\/collectie-naar-schuilkelder__vandenbrink_22juli1940-1.jpg\"><img loading=\"lazy\" decoding=\"async\" class=\"wp-image-6642 size-full\" src=\"https:\/\/legionmagazine.com\/fr\/wp-content\/uploads\/2025\/07\/collectie-naar-schuilkelder__vandenbrink_22juli1940-1.jpg\" alt=\"\" width=\"800\" height=\"639\" srcset=\"https:\/\/legionmagazine.com\/fr\/wp-content\/uploads\/2025\/07\/collectie-naar-schuilkelder__vandenbrink_22juli1940-1.jpg 800w, https:\/\/legionmagazine.com\/fr\/wp-content\/uploads\/2025\/07\/collectie-naar-schuilkelder__vandenbrink_22juli1940-1-300x240.jpg 300w, https:\/\/legionmagazine.com\/fr\/wp-content\/uploads\/2025\/07\/collectie-naar-schuilkelder__vandenbrink_22juli1940-1-768x613.jpg 768w\" sizes=\"(max-width: 800px) 100vw, 800px\" \/><\/a>\r\n        <div class=\"caption\">\r\n            <span>Les \u0153uvres d\u2019art d\u2019une grande valeur sont plac\u00e9es dans un bunker secret.<\/span>\r\n            \r\n        <div class=\"credit\">\r\n            <span>Mus\u00e9e Kr\u00f6ller-M\u00fcller<\/span>\r\n        <\/div>\r\n\r\n        <\/div>\r\n        \r\n    <\/div>\n<p class=\"p3\"><b>Cependant, il ne fallut pas<\/b> longtemps avant que des probl\u00e8mes ne surviennent. Les cigarettes dont les Canadiens disposaient gratuitement et en grande quantit\u00e9 \u00e9taient tr\u00e8s recherch\u00e9es par les N\u00e9erlandais, et elles devinrent la devise de pr\u00e9dilection. Un soldat pouvait \u00e9changer quelques ciga<span class=\"s2\">rettes contre un appareil photo, des <\/span>bijoux ou des relations sexuelles.<\/p>\n<p class=\"p1\">Les civils avaient besoin de nourriture, de charbon, d\u2019essence, de v\u00eatements, de v\u00e9hicules et, en\u00a0fait, de presque tout ce que les\u00a0Canadiens avaient. Le march\u00e9 noir prit tout ce que les soldats pouvaient offrir, et les Canadiens prirent les filles aussi, ce qui rendait furieux les soldats, les p\u00e8res et les croyants n\u00e9erlandais qui craignaient que cela ne donne que des maladies v\u00e9n\u00e9riennes et des enfants ill\u00e9gitimes.<\/p>\n<p class=\"p1\">Ils s\u2019inqui\u00e9taient \u00e0 juste titre. Les taux d\u2019infections sexuellement transmissibles chez les soldats \u00e9taient \u00e9lev\u00e9s et, 70 ans apr\u00e8s la guerre, des organisations existaient toujours en Hollande pour rechercher \u00ab\u2009Tom de Toronto\u2009\u00bb, personnifi\u00e9 par le soldat qui avait fait un enfant en 1946 puis \u00e9tait retourn\u00e9 au Canada en abandonnant la m\u00e8re et l\u2019enfant.<\/p>\n<p class=\"p1\">De nombreux soldats, environ 1\u2009900 en tout, ont cependant \u00e9pous\u00e9 leurs ch\u00e9ries n\u00e9erlandaises. Le brigadier J.A. Roberts, commandant de la 8<sup>e<\/sup> Brigade d\u2019infanterie canadienne, tomba amoureux de la veuve d\u2019un aviateur n\u00e9erlandais ex\u00e9cut\u00e9 par les nazis. Il rentra chez lui o\u00f9 il divor\u00e7a, puis il \u00e9pousa la Hollandaise et l\u2019amena au Canada.<\/p>\n<p class=\"p1\"><span class=\"s1\">Amsterdam devint l\u2019endroit privil\u00e9gi\u00e9 pour les cong\u00e9s. L\u2019histoire du jeune aviateur de l\u2019ARC Stanley <\/span>Winfield \u00e9tait typique chez les lib\u00e9rateurs. Il \u00e9tait en service en\u00a0Allemagne depuis le jour de la\u00a0victoire en Europe, o\u00f9 la non-<br \/>\nfraternisation \u00e9tait toujours en vigueur. La ville n\u00e9erlandaise avait des logements r\u00e9serv\u00e9s aux militaires, et l\u2019arm\u00e9e leur fournissait une carte o\u00f9 \u00e9taient indiqu\u00e9s les clubs, les cabarets et\u00a0soir\u00e9es dansantes. Avec un ami, ils trouv\u00e8rent rapidement deux filles n\u00e9erlandaises qui devinrent leurs \u00ab\u2009compagnes pendant trois jours, et [ils all\u00e8rent] au cin\u00e9ma, nager, danser et m\u00eame faire de l\u2019\u00e9quitation. Les d\u00e9penses pour tout le temps, a d\u00e9clar\u00e9 Winfield, <span class=\"s1\">furent de 1\u2009000 cigarettes chacun, que nous avions vendues \u00e0 l\u2019arriv\u00e9e \u00e0 deux florins la cigarette.\u2009\u00bb<\/span><\/p>\n<p class=\"p3\"><span class=\"s1\"><b>Et puis, il y avait l\u2019art<\/b>. De nombreux soldats furent de fervents pillards, arrachant des cadres aux murs pour les envoyer au Canada. Cela arriva assez souvent pour que la reine Wilhelmine des Pays-Bas se plaigne au g\u00e9n\u00e9ral Guy Simonds. Il r\u00e9prima cela s\u00e9v\u00e8rement.<\/span><\/p>\n<p class=\"p1\"><span class=\"s1\">Mais, toutes les \u0153uvres ne furent pas vol\u00e9es. Le lieutenant-colonel Gerald Levenston, officier d\u2019\u00e9tat-major au quartier g\u00e9n\u00e9ral de Simonds, se lia d\u2019amiti\u00e9 avec le conservateur du mus\u00e9e Kr\u00f6ller-M\u00fcller \u00e0 Otterlo. Une collection de\u00a0260 peintures, dont une centaine d\u2019\u0153uvres de Vincent Van Gogh, avait \u00e9t\u00e9 cach\u00e9e aux nazis et entrepos\u00e9e dans une grotte, et le conservateur demanda \u00e0 l\u2019officier de l\u2019aider \u00e0 les rapporter au mus\u00e9e. Il persuada des soldats de se porter volontaires et se procura quelques camions pour les transporter. Quinze ans apr\u00e8s, M. Levenston, alors homme d\u2019affaires prosp\u00e8re \u00e0 Toronto qui avait des relations au Mus\u00e9e royal de l\u2019Ontario, joua un r\u00f4le d\u00e9terminant dans l\u2019organisation d\u2019une exposition d\u2019\u0153uvres de Van Gogh.<\/span><\/p>\n<p class=\"p1\"><span class=\"s1\">Les Canadiens \u00e9taient des lib\u00e9rateurs en France, en Belgique et en\u00a0Hollande, mais ils \u00e9taient aussi des hommes qui avaient surv\u00e9cu au bain de sang de la guerre, et ils saisissaient toutes les occasions de\u00a0profiter de la vie. Les civils, tout aussi humains, \u00e9taient presque tous reconnaissants, mais beaucoup essayaient de profiter des militaires. Des tensions ont in\u00e9vitablement surgi, mais au fil des ann\u00e9es, le souvenir des vicissitudes s\u2019est estomp\u00e9, et la gratitude s\u2019est install\u00e9e.<\/span><\/p>\n<p class=\"p1\"><span class=\"s1\">C\u2019est toujours le cas. <\/span><\/p>\n","protected":false},"excerpt":{"rendered":"<p>Les soldats de la Premi\u00e8re Arm\u00e9e canadienne prirent part \u00e0 la lib\u00e9ration de la France, de la\u00a0Belgique et des Pays-Bas du jour J \u00e0 la fin de la Seconde Guerre mondiale, et m\u00eame apr\u00e8s. S\u2019ils n\u2019avaient que peu d\u2019occasions de rencontrer la population locale lorsqu\u2019ils \u00e9taient au combat, celles-ci ne manquaient pas quand ils \u00e9taient [&hellip;]<\/p>\n","protected":false},"author":1,"featured_media":6637,"comment_status":"closed","ping_status":"open","sticky":false,"template":"","format":"standard","meta":{"footnotes":""},"categories":[3],"tags":[],"class_list":["post-6636","post","type-post","status-publish","format-standard","has-post-thumbnail","hentry","category-articles-principaux"],"_links":{"self":[{"href":"https:\/\/legionmagazine.com\/fr\/wp-json\/wp\/v2\/posts\/6636","targetHints":{"allow":["GET"]}}],"collection":[{"href":"https:\/\/legionmagazine.com\/fr\/wp-json\/wp\/v2\/posts"}],"about":[{"href":"https:\/\/legionmagazine.com\/fr\/wp-json\/wp\/v2\/types\/post"}],"author":[{"embeddable":true,"href":"https:\/\/legionmagazine.com\/fr\/wp-json\/wp\/v2\/users\/1"}],"replies":[{"embeddable":true,"href":"https:\/\/legionmagazine.com\/fr\/wp-json\/wp\/v2\/comments?post=6636"}],"version-history":[{"count":0,"href":"https:\/\/legionmagazine.com\/fr\/wp-json\/wp\/v2\/posts\/6636\/revisions"}],"wp:featuredmedia":[{"embeddable":true,"href":"https:\/\/legionmagazine.com\/fr\/wp-json\/wp\/v2\/media\/6637"}],"wp:attachment":[{"href":"https:\/\/legionmagazine.com\/fr\/wp-json\/wp\/v2\/media?parent=6636"}],"wp:term":[{"taxonomy":"category","embeddable":true,"href":"https:\/\/legionmagazine.com\/fr\/wp-json\/wp\/v2\/categories?post=6636"},{"taxonomy":"post_tag","embeddable":true,"href":"https:\/\/legionmagazine.com\/fr\/wp-json\/wp\/v2\/tags?post=6636"}],"curies":[{"name":"wp","href":"https:\/\/api.w.org\/{rel}","templated":true}]}}