{"id":6522,"date":"2024-04-22T14:07:34","date_gmt":"2024-04-22T18:07:34","guid":{"rendered":"https:\/\/legionmagazine.com\/fr\/?p=6522"},"modified":"2024-04-22T14:07:34","modified_gmt":"2024-04-22T18:07:34","slug":"le-gouvernement-neglige-le-sort-des-interpretes-afghans-dit-lombudsman","status":"publish","type":"post","link":"https:\/\/legionmagazine.com\/fr\/2024\/04\/le-gouvernement-neglige-le-sort-des-interpretes-afghans-dit-lombudsman\/","title":{"rendered":"Le gouvernement n\u00e9glige le sort des interpr\u00e8tes afghans, dit l\u2019ombudsman"},"content":{"rendered":"<div class=\"caption_img\">\r\n        <a href=\"https:\/\/legionmagazine.com\/fr\/wp-content\/uploads\/2024\/04\/filer4aax.jpg\"><img fetchpriority=\"high\" decoding=\"async\" class=\"wp-image-6523 size-full\" src=\"https:\/\/legionmagazine.com\/fr\/wp-content\/uploads\/2024\/04\/filer4aax.jpg\" alt=\"\" width=\"800\" height=\"562\" srcset=\"https:\/\/legionmagazine.com\/fr\/wp-content\/uploads\/2024\/04\/filer4aax.jpg 800w, https:\/\/legionmagazine.com\/fr\/wp-content\/uploads\/2024\/04\/filer4aax-300x211.jpg 300w, https:\/\/legionmagazine.com\/fr\/wp-content\/uploads\/2024\/04\/filer4aax-768x540.jpg 768w\" sizes=\"(max-width: 800px) 100vw, 800px\" \/><\/a>\r\n        <div class=\"caption\">\r\n            <span>Le capitaine Alex Watson s\u2019entretient avec des villageois par l\u2019interm\u00e9diaire d\u2019un interpr\u00e8te dont le visage est dissimul\u00e9 pour le prot\u00e9ger des repr\u00e9sailles.<\/span>\r\n            \r\n        <div class=\"credit\">\r\n            <span><\/span>\r\n        <\/div>\r\n\r\n        <\/div>\r\n        \r\n    <\/div>\n<p class=\"p1\"><b>L\u2019<\/b><b>ombudsman<\/b> du MDN\/FAC condamne le gouvernement f\u00e9d\u00e9ral et l\u2019accuse de n\u00e9gliger le sort des anciens interpr\u00e8tes afghans qui ont risqu\u00e9 leur\u00a0vie et celle de leurs proches en travaillant aux c\u00f4t\u00e9s des Forces arm\u00e9es canadiennes pendant les 13 ann\u00e9es de la guerre.<\/p>\n<p class=\"p2\">Dans une lettre adress\u00e9e \u00e0 Bill\u00a0Blair, ministre de la D\u00e9fense, Gregory Lick note que depuis juillet, 15 anciens \u00ab conseillers linguistiques et culturels \u00bb (CLC) vivant d\u00e9sormais au Canada ont contact\u00e9 son bureau pour se plaindre que leurs demandes soumises \u00e0 la Commission de la s\u00e9curit\u00e9 professionnelle et de l\u2019assurance contre les accidents du travail (CSPAAT) de l\u2019Ontario n\u2019ont pas \u00e9t\u00e9 bien r\u00e9gl\u00e9es.<\/p>\n<p class=\"p2\">\u00ab \u00c0 ce jour, leurs efforts pour obtenir un traitement et des soins pour leurs besoins mentaux et physiques subis en soutenant nos troupes se sont heurt\u00e9s \u00e0\u00a0l\u2019inaction, a-t-il \u00e9crit dans la\u00a0lettre publi\u00e9e sur le site Web de\u00a0l\u2019ombudsman. Les traitements m\u00e9dicaux et les compensations financi\u00e8res pour les blessures ont \u00e9t\u00e9 inad\u00e9quats ou inexistants. \u00bb<\/p>\n<blockquote>\n<p class=\"p1\"><span class=\"s1\">\u00ab <\/span><b>Beaucoup d\u2019entre eux ont servi plus de cinq ans<\/b><span class=\"s1\"> \u201csans pause ni\u00a0rel\u00e8ve\u201d \u00bb.<\/span><\/p>\n<\/blockquote>\n<p class=\"p2\">De nombreux Afghans et quelques Pakistanais ont servi d\u2019interpr\u00e8tes et de conseillers \u00e0 plusieurs p\u00e9riodes entre d\u00e9cembre 2001, quand sont arriv\u00e9s les premiers soldats des forces sp\u00e9ciales du pays dans la zone de guerre, et mars 2014, quand la mission a pris fin et que le dernier cadre instructeur est parti. Le Canada a retir\u00e9 ses troupes de combat en 2011.<\/p>\n<p class=\"p2\">Beaucoup de ces CLC, ainsi que leurs proches, ont subi des menaces pendant leur service. Plusieurs ont \u00e9t\u00e9 tu\u00e9s ou bless\u00e9s par les talibans; d\u2019autres ont \u00e9t\u00e9 confront\u00e9s \u00e0 de multiples probl\u00e8mes mentaux et physiques.<\/p>\n<p class=\"p2\">Ottawa a d\u2019abord offert d\u2019ac-cueillir les CLC qui pouvaient prouver avoir re\u00e7u des menaces en raison de leur travail pour le Canada. Environ 800 interpr\u00e8tes et leurs proches sont venus au Canada avant la fin du programme en 2011, rejoints par 7\u2009500 autres apr\u00e8s la fin de la guerre et la victoire des talibans en octobre 2021.<\/p>\n<p class=\"p1\"><b>Certains interpr\u00e8tes<\/b> ont pass\u00e9 plus de temps au c\u0153ur des op\u00e9rations de combat que les soldats pour lesquels ils travaillaient. Leur\u00a0mission \u00e9tait p\u00e9rilleuse, car\u00a0ils recueillaient des rensei-<br \/>\ngnements, surveillaient les communications, avertissaient des attaques imminentes et aidaient les commandants \u00e0 comprendre la culture locale. Cependant, ils \u00e9taient agents contractuels et n\u2019avaient pas droit aux avantages habituels du gouvernement f\u00e9d\u00e9ral pour ce type de contrat, m\u00eame si la plupart sont plus tard\u00a0devenus citoyens canadiens.<\/p>\n<p class=\"p2\">\u00ab Bien qu\u2019une proc\u00e9dure d\u2019appel soit en cours pour certains d\u2019entre eux, a \u00e9crit M. Lick, les faits de cette affaire d\u00e9montrent un manque de soutien de la part du gouvernement pour ces Canadiens. Cette affaire est sur le point de devenir un chapitre honteux de\u00a0l\u2019histoire militaire du Canada.<\/p>\n<p class=\"p1\">\u00ab La prise en charge de ces anciens conseillers linguistiques et culturels est une obligation morale, et leur bien \u00eatre\u00a0rel\u00e8ve de la responsabilit\u00e9 du gouver-nement du Canada. \u00bb<\/p>\n<p class=\"p1\"><span class=\"s1\">M. Lick note que c\u2019est le service <\/span>de renseignement militaire qui les\u00a0a recrut\u00e9s, et que les soldats qui servaient \u00e0 leurs c\u00f4t\u00e9s ont soulign\u00e9 leur r\u00f4le essentiel dans les op\u00e9rations. Il explique que beaucoup d\u2019entre eux ont servi plus de cinq\u00a0ans \u00ab sans pause ni rel\u00e8ve \u00bb, <span class=\"s1\">et\u00a0que divers commandants de force op\u00e9rationnelle leur ont d\u00e9cern\u00e9 des <\/span>honneurs et mentions \u00e9logieuses.<\/p>\n<div class=\"caption_img\">\r\n        <a href=\"https:\/\/legionmagazine.com\/fr\/wp-content\/uploads\/2024\/04\/meeting1axx.jpg\"><img decoding=\"async\" class=\"wp-image-6524 size-full\" src=\"https:\/\/legionmagazine.com\/fr\/wp-content\/uploads\/2024\/04\/meeting1axx.jpg\" alt=\"\" width=\"800\" height=\"600\" srcset=\"https:\/\/legionmagazine.com\/fr\/wp-content\/uploads\/2024\/04\/meeting1axx.jpg 800w, https:\/\/legionmagazine.com\/fr\/wp-content\/uploads\/2024\/04\/meeting1axx-300x225.jpg 300w, https:\/\/legionmagazine.com\/fr\/wp-content\/uploads\/2024\/04\/meeting1axx-768x576.jpg 768w, https:\/\/legionmagazine.com\/fr\/wp-content\/uploads\/2024\/04\/meeting1axx-400x300.jpg 400w\" sizes=\"(max-width: 800px) 100vw, 800px\" \/><\/a>\r\n        <div class=\"caption\">\r\n            <span>Watson (troisi\u00e8me militaire \u00e0 partir de\u00a0la\u00a0gauche) et d\u2019autres membres du 3e\u00a0Groupement tactique du PPCLI parlent avec des villageois pr\u00e8s de Kandahar en\u00a02002. Le visage de\u00a0l\u2019interm\u00e9diaire est dissimul\u00e9 pour le\u00a0prot\u00e9ger des repr\u00e9sailles.<\/span>\r\n            \r\n        <div class=\"credit\">\r\n            <span><\/span>\r\n        <\/div>\r\n\r\n        <\/div>\r\n        \r\n    <\/div>\n<p class=\"p1\">On leur avait dit au d\u00e9but qu\u2019ils travailleraient en relative s\u00e9curit\u00e9 sur le terrain d\u2019aviation de Kandahar, explique M. Lick, mais \u00ab au bout de quelques jours \u00bb, ils se sont retrouv\u00e9s dans des bases d\u2019op\u00e9rations avanc\u00e9es, des villages, des convois et des zones de combats.<\/p>\n<p class=\"p1\">\u00ab Connaissant les risques inh\u00e9rents \u00e0 leur travail essentiel de soutien des membres des FAC d\u00e9ploy\u00e9s, des efforts appropri\u00e9s n\u2019ont pas \u00e9t\u00e9 entrepris pour s\u2019assurer du bien\u00a0\u00eatre <span class=\"s2\">des CLC apr\u00e8s le d\u00e9ploiement\u00a0\u00bb, <\/span>a \u00e9crit l\u2019ombudsman.<\/p>\n<blockquote>\n<p class=\"p1\"><span class=\"s1\">\u00ab Nous savons qu\u2019ils ont travaill\u00e9 pour nous, <\/span><b>et nous voulons leur apporter toute l\u2019aide possible<\/b><span class=\"s1\">. \u00bb<\/span><\/p>\n<\/blockquote>\n<p class=\"p1\">\u00ab Malgr\u00e9 les efforts d\u00e9ploy\u00e9s par le sous-ministre adjoint des ressources humaines (civiles) de Direction Sant\u00e9 globale pour aider ces anciens CLC en validant la nature de leur travail sp\u00e9cialis\u00e9 et dangereux, les d\u00e9cisions de la\u00a0CSPAAT ont jusqu\u2019\u00e0 pr\u00e9sent \u00e9t\u00e9 d\u00e9favorables aux CLC et pourraient indiquer que la CSPAAT n\u2019est pas calibr\u00e9e de mani\u00e8re ad\u00e9quate pour ces d\u00e9lib\u00e9rations. \u00bb<\/p>\n<p class=\"p3\"><b>M. Lick <\/b>a d\u00e9clar\u00e9 que la couverture m\u00e9diatique et la r\u00e9action g\u00e9n\u00e9rale avaient r\u00e9v\u00e9l\u00e9 un appui \u00ab enthousiaste \u00bb de la population ainsi que du personnel subalterne pour le sort des interpr\u00e8tes.<\/p>\n<p class=\"p1\">\u00ab Malgr\u00e9 les efforts r\u00e9cents du minist\u00e8re pour fournir une validation \u00e0 la CSPAAT \u00e0 l\u2019appui de leurs demandes, aucune aide significative n\u2019a \u00e9t\u00e9 apport\u00e9e. Laisser cette question en suspens ne sert ni le gouvernement du Canada, ni les anciens CLC, ni\u00a0les int\u00e9r\u00eats des Canadiens. \u00bb<\/p>\n<p class=\"p1\">Les gestionnaires de cas du<br \/>\n<span class=\"s1\">CSPAAT ont balay\u00e9 les \u00e9valuations <\/span>de psychiatres et de travailleurs sociaux en rejetant les demandes de prestations de plus d\u2019une douzaine d\u2019interpr\u00e8tes au printemps dernier.<\/p>\n<p class=\"p1\">La commission a par la suite accept\u00e9 de revoir les cas. Un porte-parole de la CSPAAT a d\u00e9clar\u00e9 \u00e0 la CBC que l\u2019organisme traitait 17 demandes concernant d\u2019anciens CLC. L\u2019ombudsman est\u00a0en relation avec 15 d\u2019entre eux.<\/p>\n<p class=\"p1\">\u00ab Nous travaillons aussi vite et aussi rigoureusement que possible, a d\u00e9clar\u00e9 \u00e0 CBC News Christine Arnott, directrice des Affaires publiques de la CSPAAT. Parfois, rendre une d\u00e9cision peut prendre plus de temps que nous le souhaiterions, car nous devons obtenir des renseignements pertinents qui\u00a0remontent \u00e0 des ann\u00e9es sur le dossier m\u00e9dical et professionnel. \u00bb<\/p>\n<p class=\"p1\">Mme Arnott assure que les d\u00e9cisions seront prises avant No\u00ebl et qu\u2019elles seront accompagn\u00e9es d\u2019explications \u00e0 l\u2019attention des conseillers.<\/p>\n<p class=\"p1\">Le ministre a d\u00e9clar\u00e9 qu\u2019il avait rencontr\u00e9 l\u2019ombudsman et\u00a0qu\u2019il cherchait une solution.<\/p>\n<p class=\"p1\">\u00ab Nous savons qu\u2019ils ont travaill\u00e9 pour nous, et nous voulons leur apporter toute l\u2019aide possible. \u00bb<\/p>\n<p class=\"p1\">Le gouvernement f\u00e9d\u00e9ral pr\u00e9voyait de faire venir un total de 40\u2009000 Afghans entre aout 2021 et fin 2023. Selon les chiffres les plus r\u00e9cents, 37\u2009000 ont gagn\u00e9 le Canada.<\/p>\n","protected":false},"excerpt":{"rendered":"<p>L\u2019ombudsman du MDN\/FAC condamne le gouvernement f\u00e9d\u00e9ral et l\u2019accuse de n\u00e9gliger le sort des anciens interpr\u00e8tes afghans qui ont risqu\u00e9 leur\u00a0vie et celle de leurs proches en travaillant aux c\u00f4t\u00e9s des Forces arm\u00e9es canadiennes pendant les 13 ann\u00e9es de la guerre. Dans une lettre adress\u00e9e \u00e0 Bill\u00a0Blair, ministre de la D\u00e9fense, Gregory Lick note que [&hellip;]<\/p>\n","protected":false},"author":1,"featured_media":6523,"comment_status":"closed","ping_status":"open","sticky":false,"template":"","format":"standard","meta":{"footnotes":""},"categories":[3],"tags":[],"class_list":["post-6522","post","type-post","status-publish","format-standard","has-post-thumbnail","hentry","category-articles-principaux"],"_links":{"self":[{"href":"https:\/\/legionmagazine.com\/fr\/wp-json\/wp\/v2\/posts\/6522","targetHints":{"allow":["GET"]}}],"collection":[{"href":"https:\/\/legionmagazine.com\/fr\/wp-json\/wp\/v2\/posts"}],"about":[{"href":"https:\/\/legionmagazine.com\/fr\/wp-json\/wp\/v2\/types\/post"}],"author":[{"embeddable":true,"href":"https:\/\/legionmagazine.com\/fr\/wp-json\/wp\/v2\/users\/1"}],"replies":[{"embeddable":true,"href":"https:\/\/legionmagazine.com\/fr\/wp-json\/wp\/v2\/comments?post=6522"}],"version-history":[{"count":0,"href":"https:\/\/legionmagazine.com\/fr\/wp-json\/wp\/v2\/posts\/6522\/revisions"}],"wp:featuredmedia":[{"embeddable":true,"href":"https:\/\/legionmagazine.com\/fr\/wp-json\/wp\/v2\/media\/6523"}],"wp:attachment":[{"href":"https:\/\/legionmagazine.com\/fr\/wp-json\/wp\/v2\/media?parent=6522"}],"wp:term":[{"taxonomy":"category","embeddable":true,"href":"https:\/\/legionmagazine.com\/fr\/wp-json\/wp\/v2\/categories?post=6522"},{"taxonomy":"post_tag","embeddable":true,"href":"https:\/\/legionmagazine.com\/fr\/wp-json\/wp\/v2\/tags?post=6522"}],"curies":[{"name":"wp","href":"https:\/\/api.w.org\/{rel}","templated":true}]}}