{"id":6461,"date":"2023-09-25T15:20:54","date_gmt":"2023-09-25T19:20:54","guid":{"rendered":"https:\/\/legionmagazine.com\/fr\/?p=6461"},"modified":"2023-09-25T15:20:54","modified_gmt":"2023-09-25T19:20:54","slug":"desnazissurle-saint-laurent","status":"publish","type":"post","link":"https:\/\/legionmagazine.com\/fr\/2023\/09\/desnazissurle-saint-laurent\/","title":{"rendered":"Desnazissurle Saint-Laurent"},"content":{"rendered":"<div class=\"caption_img\">\r\n        <a href=\"https:\/\/legionmagazine.com\/fr\/wp-content\/uploads\/2023\/09\/Max-schultze.jpg\"><img fetchpriority=\"high\" decoding=\"async\" class=\"wp-image-6462 size-full\" src=\"https:\/\/legionmagazine.com\/fr\/wp-content\/uploads\/2023\/09\/Max-schultze.jpg\" alt=\"\" width=\"800\" height=\"534\" srcset=\"https:\/\/legionmagazine.com\/fr\/wp-content\/uploads\/2023\/09\/Max-schultze.jpg 800w, https:\/\/legionmagazine.com\/fr\/wp-content\/uploads\/2023\/09\/Max-schultze-300x200.jpg 300w, https:\/\/legionmagazine.com\/fr\/wp-content\/uploads\/2023\/09\/Max-schultze-768x513.jpg 768w\" sizes=\"(max-width: 800px) 100vw, 800px\" \/><\/a>\r\n        <div class=\"caption\">\r\n            <span>L&#8217;artiste Max Schultz repr\u00e9sente le croiseur allemand Emden lors de son passage \u00e0 Montr\u00e9al en 1936.<\/span>\r\n            \r\n        <div class=\"credit\">\r\n            <span>Max Schulz\/CWM\/19910197-001<\/span>\r\n        <\/div>\r\n\r\n        <\/div>\r\n        \r\n    <\/div>\n<p class=\"p1\"><span class=\"s1\"><b>Un puissant navire <\/b>de guerre de l\u2019Allemagne nazie aux grands pavillons frapp\u00e9s de svastikas qui s\u2019aventure effront\u00e9ment dans le plus grand port du Canada o\u00f9 des Canadiens d\u2019origine allemande lui font bon accueil. Cette sc\u00e8ne troublante est bel et bien vraie\u00a0: Montr\u00e9al se r\u00e9veilla face au\u00a0croiseur <i>Emden<\/i> en mai 1936.<\/span><\/p>\n<p class=\"p2\"><span class=\"s1\">En septembre 1935, le consul g\u00e9n\u00e9ral allemand Ludwig Kempff, qui habitait \u00e0 Montr\u00e9al, avait demand\u00e9 \u00e0 Ottawa l\u2019autorisation pour que l\u2019<i>Emden<\/i> fasse escale dans la ville du 12 au 18 mai 1936. <\/span>Il s\u2019agissait d\u2019un \u00ab navire-\u00e9cole pour les aspirants de marine\u00a0\u00bb sur le point d\u2019entreprendre une croisi\u00e8re de huit mois en Am\u00e9rique du Sud et du Nord.<span class=\"Apple-converted-space\">\u00a0<\/span><\/p>\n<p class=\"p2\"><span class=\"s1\">De tels p\u00e9riples visaient \u00e0 diffuser la propagande nazie et \u00e0 afficher la puissance croissante de l\u2019Allemagne. Kempff nota que \u00ab les visites de courtoisie habituelles seraient rendues, sans aucune attente d\u2019animations officielles \u00bb. Ottawa accepta avec m\u00e9fiance de recevoir le navire, et ce, en d\u00e9pit de\u00a0la r\u00e9voltante r\u00e9pression de l\u2019Allemagne contre ses citoyens (en\u00a0particulier les Juifs et les groupes syndicaux), de sa r\u00e9pudiation du Trait\u00e9 de Versailles et de son programme de r\u00e9armement public.<\/span><\/p>\n<p class=\"p2\">Puis l\u2019Allemagne se mit \u00e0 agir de plus en plus mal. En mars 1936, elle renia un engagement <span class=\"s1\">ant\u00e9rieur et remilitarisa la Rh\u00e9nanie. <\/span><span class=\"s2\">L\u2019Allemagne \u00e9tait de nouveau sur\u00a0le pied de guerre, et la visite de l\u2019<i>Emden<\/i> semblait faire partie du plan. Des officiers canadiens pourraient effectuer des visites \u00e0 bord du\u00a0navire par courtoisie, mais seules des r\u00e9unions officieuses se tiendraient entre les repr\u00e9sentants des deux pays afin de ne pas faire preuve d\u2019une apparente bienveillance. Il n\u2019y aurait ni r\u00e9ception ni c\u00e9r\u00e9monie gouvernementale, bien que certaines unit\u00e9s militaires locales, comme le Canadian Grenadier Guards et le 17 th Duke of\u00a0York\u2019s Royal Canadian Hussars trinqu\u00e8-rent avec quelques Allemands.<\/span><\/p>\n<p class=\"p1\"><span class=\"s1\"><b>La visite de<\/b> <b>l\u2019<\/b><\/span><span class=\"s2\"><b><i>Emden<\/i><\/b><\/span><span class=\"s1\"> \u00e9tait controvers\u00e9e et les politiciens devaient faire preuve de prudence. Le maire de Montr\u00e9al, Camillien Houde, refusa de rencontrer les Allemands pendant leur s\u00e9jour, et la ville ne tint aucune r\u00e9union <\/span>avec ces ambassadeurs du <span class=\"s1\">r\u00e9gime odieux d\u2019Hitler. L\u2019\u00e9chevin de Montr\u00e9al Joseph Schubert, partisan <\/span>du Parti travailliste, nota que<br \/>\n<span class=\"s1\">\u00ab le croiseur en visite n\u2019a pas de mission pacifique en vue \u00bb et qu\u2019Hitler \u00ab opprime le peuple allemand \u00bb.<span class=\"Apple-converted-space\">\u00a0<\/span><\/span><\/p>\n<p><a href=\"https:\/\/legionmagazine.com\/fr\/wp-content\/uploads\/2023\/09\/La-Presse-12-Mai-1936-p1-partie-2.jpg\"><img decoding=\"async\" class=\"alignnone size-full wp-image-6463\" src=\"https:\/\/legionmagazine.com\/fr\/wp-content\/uploads\/2023\/09\/La-Presse-12-Mai-1936-p1-partie-2.jpg\" alt=\"\" width=\"800\" height=\"324\" srcset=\"https:\/\/legionmagazine.com\/fr\/wp-content\/uploads\/2023\/09\/La-Presse-12-Mai-1936-p1-partie-2.jpg 800w, https:\/\/legionmagazine.com\/fr\/wp-content\/uploads\/2023\/09\/La-Presse-12-Mai-1936-p1-partie-2-300x122.jpg 300w, https:\/\/legionmagazine.com\/fr\/wp-content\/uploads\/2023\/09\/La-Presse-12-Mai-1936-p1-partie-2-768x311.jpg 768w\" sizes=\"(max-width: 800px) 100vw, 800px\" \/><\/a><\/p>\n<div class=\"caption_img\">\r\n        <a href=\"https:\/\/legionmagazine.com\/fr\/wp-content\/uploads\/2023\/09\/e010861841-v8.jpg\"><img decoding=\"async\" class=\"wp-image-6464 size-full\" src=\"https:\/\/legionmagazine.com\/fr\/wp-content\/uploads\/2023\/09\/e010861841-v8.jpg\" alt=\"\" width=\"800\" height=\"630\" srcset=\"https:\/\/legionmagazine.com\/fr\/wp-content\/uploads\/2023\/09\/e010861841-v8.jpg 800w, https:\/\/legionmagazine.com\/fr\/wp-content\/uploads\/2023\/09\/e010861841-v8-300x236.jpg 300w, https:\/\/legionmagazine.com\/fr\/wp-content\/uploads\/2023\/09\/e010861841-v8-768x605.jpg 768w\" sizes=\"(max-width: 800px) 100vw, 800px\" \/><\/a>\r\n        <div class=\"caption\">\r\n            <span>L&#8217;escale de l&#8217;Emden dans la ville r\u00e9colta des gros titres (en haut). Son \u00e9quipage, tr\u00e8s honor\u00e9 pendant l&#8217;escale, prend la pose pour une photo.<\/span>\r\n            \r\n        <div class=\"credit\">\r\n            <span>La Presse; The Montreal Daily Star; BAC\/3527920 <\/span>\r\n        <\/div>\r\n\r\n        <\/div>\r\n        \r\n    <\/div>\n<p class=\"p2\"><span class=\"s3\">Mais d\u2019un autre c\u00f4t\u00e9, l\u2019\u00e9chevin L\u00e9on Tr\u00e9panier accueillit le navire et souhaita que la ville s\u2019assure \u00ab\u00a0que les marins du croiseur allemand aient le droit, comme les citoyens, de se promener \u00e0 leur guise dans les rues de Montr\u00e9al \u00bb.<\/span><\/p>\n<p class=\"p2\"><span class=\"s3\">L\u2019<i>Emden<\/i> arriva en grande pompe et dans un climat d\u2019attente \u00e0 Montr\u00e9al le matin du 12 mai. Le\u00a0rutilant navire de 155 m\u00e8tres et de 5\u2009400 tonnes avait \u00e9t\u00e9 mis en\u00a0service en 1925 et comptait 660 membres d\u2019\u00e9quipage. Son <\/span><span class=\"s1\">armement principal se composait <\/span>de huit canons de 5,9 pouces.<\/p>\n<p class=\"p2\">Le <i>Montreal Daily Star <\/i><span class=\"s3\">rapporta que 3\u2009000 personnes vinrent voir l\u2019orchestre du croiseur jouer \u00ab\u00a0d\u2019entrainantes marches allemandes, et que plus d\u2019un Allemand versa des larmes en r\u00e9entendant des airs de sa patrie sur des l\u00e8vres allemandes et un navire allemand\u00a0\u00bb. Dans le public se trouvaient des membres de la communaut\u00e9 allemande de Montr\u00e9al, forte de 5\u2009000 personnes, et environ \u00ab 300 ou plus \u00bb cri\u00e8rent <\/span>\u00ab Heil! Heil! Heil! \u00bb beaucoup avec le bras tendu du salut nazi. <span class=\"Apple-converted-space\">\u00a0<\/span><\/p>\n<p class=\"p2\"><span class=\"s3\">Mais, il y avait aussi une vive opposition antinazie. Plus de 250\u00a0policiers assuraient le main-tien de l\u2019ordre, et de nombreux spectateurs \u00ab hu\u00e8rent et siffl\u00e8rent\u00a0\u00bb. <\/span>La police finit par disperser\u00a0une foule incontr\u00f4lable de 200 manifestants par la force. Elle arr\u00eata 10\u00a0personnes et saisit des banderoles, dont une qui clamait\u00a0: <span class=\"s3\">\u00ab\u00a0L\u2019<i>Emden<\/i> est un symbole de per-s\u00e9cution du peuple allemand \u00bb. <span class=\"Apple-converted-space\">\u00a0<\/span><\/span><\/p>\n<p class=\"p2\"><span class=\"s3\">Les marins allemands furent tout de m\u00eame plut\u00f4t bien accueillis. Une centaine assista \u00e0 une r\u00e9ception en leur honneur au Teutonia Club, organisation allemande locale o\u00f9 un portrait d\u2019Hitler saluait les <\/span>visiteurs. Beaucoup aussi visi-t\u00e8rent le Mont-Royal et d\u2019autres lieux touristiques \u00e0 Montr\u00e9al.<\/p>\n<p class=\"p2\"><span class=\"s3\">En outre, plus de 150 membres d\u2019\u00e9quipage se rendirent en train \u00e0\u00a0Niagara Falls, en Ontario, tandis qu\u2019une centaine pr\u00e9f\u00e9ra les forts historiques de Chambly, de Saint-Jean et de Lennox. Kempff et d\u2019\u00e9minents Allemands de la r\u00e9gion organis\u00e8rent diverses activit\u00e9s, dont des danses et des r\u00e9ceptions d\u2019envergure dans les h\u00f4tels Windsor et Ritz-Carlton, fr\u00e9quent\u00e9s par l\u2019\u00e9lite de Montr\u00e9al.<\/span><\/p>\n<p class=\"p2\"><span class=\"s3\">Le 18 mai, l\u2019<i>Emden<\/i> appareilla pour retourner \u00e0 son port d\u2019attache. Un fort symbole de l\u2019Allemagne nazie s\u2019\u00e9tait trouv\u00e9 au centre de Montr\u00e9al, mais dans les jours qui suivirent, il\u00a0commen\u00e7a \u00e0 sembler in\u00e9luctable que le navire et le r\u00e9gime qu\u2019il repr\u00e9sentait allaient bient\u00f4t devenir des ennemis mortels du Canada.<span class=\"Apple-converted-space\">\u00a0<\/span><\/span><\/p>\n","protected":false},"excerpt":{"rendered":"<p>Le croiseur allemand Emden en escale \u00e0 Montr\u00e9al<\/p>\n","protected":false},"author":54,"featured_media":6462,"comment_status":"closed","ping_status":"open","sticky":false,"template":"","format":"standard","meta":{"footnotes":""},"categories":[3],"tags":[],"class_list":["post-6461","post","type-post","status-publish","format-standard","has-post-thumbnail","hentry","category-articles-principaux"],"_links":{"self":[{"href":"https:\/\/legionmagazine.com\/fr\/wp-json\/wp\/v2\/posts\/6461","targetHints":{"allow":["GET"]}}],"collection":[{"href":"https:\/\/legionmagazine.com\/fr\/wp-json\/wp\/v2\/posts"}],"about":[{"href":"https:\/\/legionmagazine.com\/fr\/wp-json\/wp\/v2\/types\/post"}],"author":[{"embeddable":true,"href":"https:\/\/legionmagazine.com\/fr\/wp-json\/wp\/v2\/users\/54"}],"replies":[{"embeddable":true,"href":"https:\/\/legionmagazine.com\/fr\/wp-json\/wp\/v2\/comments?post=6461"}],"version-history":[{"count":0,"href":"https:\/\/legionmagazine.com\/fr\/wp-json\/wp\/v2\/posts\/6461\/revisions"}],"wp:featuredmedia":[{"embeddable":true,"href":"https:\/\/legionmagazine.com\/fr\/wp-json\/wp\/v2\/media\/6462"}],"wp:attachment":[{"href":"https:\/\/legionmagazine.com\/fr\/wp-json\/wp\/v2\/media?parent=6461"}],"wp:term":[{"taxonomy":"category","embeddable":true,"href":"https:\/\/legionmagazine.com\/fr\/wp-json\/wp\/v2\/categories?post=6461"},{"taxonomy":"post_tag","embeddable":true,"href":"https:\/\/legionmagazine.com\/fr\/wp-json\/wp\/v2\/tags?post=6461"}],"curies":[{"name":"wp","href":"https:\/\/api.w.org\/{rel}","templated":true}]}}