{"id":6411,"date":"2023-03-23T15:20:01","date_gmt":"2023-03-23T19:20:01","guid":{"rendered":"https:\/\/legionmagfren.wpengine.com\/?p=6411"},"modified":"2023-03-23T15:20:11","modified_gmt":"2023-03-23T19:20:11","slug":"jusqua-leffusion-de-sang","status":"publish","type":"post","link":"https:\/\/legionmagazine.com\/fr\/2023\/03\/jusqua-leffusion-de-sang\/","title":{"rendered":"Jusqu\u2019\u00e0 l\u2019effusion de sang?"},"content":{"rendered":"<div class=\"caption_img\">\r\n        <img fetchpriority=\"high\" decoding=\"async\" class=\"wp-image-6413 size-full\" src=\"https:\/\/legionmagazine.com\/fr\/wp-content\/uploads\/2023\/03\/C-0068591.jpg\" alt=\"\" width=\"800\" height=\"627\" srcset=\"https:\/\/legionmagazine.com\/fr\/wp-content\/uploads\/2023\/03\/C-0068591.jpg 800w, https:\/\/legionmagazine.com\/fr\/wp-content\/uploads\/2023\/03\/C-0068591-300x235.jpg 300w, https:\/\/legionmagazine.com\/fr\/wp-content\/uploads\/2023\/03\/C-0068591-768x602.jpg 768w\" sizes=\"(max-width: 800px) 100vw, 800px\" \/>\r\n        <div class=\"caption\">\r\n            <span>Une manifestation contre la conscription \u00e0 Montr\u00e9al, le 24 mai 1917<\/span>\r\n            \r\n        <div class=\"credit\">\r\n            <span>BAC\/C-006859<\/span>\r\n        <\/div>\r\n\r\n        <\/div>\r\n        \r\n    <\/div>\n<h3 class=\"p1\"><span class=\"s1\">Les <b>\u00e9meutes anticonscription <\/b>de 1917 \u00e0 Montr\u00e9al<\/span><\/h3>\n<p class=\"p1\"><b>Plus de 10\u2009600 victimes<\/b> p\u00e9rirent le 9 avril 1917 lorsque le Corps canadien prit la cr\u00eate de Vimy, des pertes insoutena-bles qui provoqu\u00e8rent une crise politique et sociale au sein du pays. En mai, Robert Borden, premier ministre conservateur, annon\u00e7a au Parlement la n\u00e9cessit\u00e9 d\u2019une conscription pour soutenir les forces outre-mer.<span class=\"Apple-converted-space\">\u00a0<\/span><\/p>\n<p class=\"p2\"><span class=\"s1\">Il pr\u00e9senta la <i>Loi sur le Service militaire de 1917<\/i> le 11 juin, d\u00e9-clenchant ainsi un d\u00e9bat national houleux et linguistiquement clivant.<\/span><\/p>\n<p class=\"p2\">Les effets furent surtout ressentis \u00e0 Montr\u00e9al, qui devint \u00e0 l\u2019\u00e9t\u00e9 1917 un terrain de bataille. Presque tous les soirs, des milliers de Montr\u00e9alais, en grande majorit\u00e9 francophones, agitaient leurs quartiers de la ville de manifestations contre la conscription.<span class=\"Apple-converted-space\">\u00a0<\/span><\/p>\n<p class=\"p2\"><span class=\"s2\">Elles \u00e9taient rythm\u00e9es d\u2019actes de\u00a0violence contre des personnes et des biens, de coups feu sporadiques, d\u2019agressions contre des militaires et de d\u00e9clarations publiques r\u00e9volutionnaires, notamment des appels r\u00e9p\u00e9t\u00e9s \u00e0 l\u2019assassinat de Borden.<span class=\"Apple-converted-space\">\u00a0<\/span><\/span><\/p>\n<blockquote>\n<p class=\"p1\"><span class=\"s1\"><i>Un orateur affirmait que<\/i> <\/span><span class=\"s2\"><b><i>les\u00a0Britanniques cherchaient<br \/>\n\u00e0 \u00ab\u00a0massacrer \u00bb <\/i><\/b><\/span><span class=\"s1\"><i>le\u00a0Canada fran\u00e7ais avec la conscription.<\/i><\/span><\/p>\n<\/blockquote>\n<p class=\"p2\"><span class=\"s2\">Paul Bruch\u00e9si, archev\u00eaque de Montr\u00e9al, \u00e9tait circonspect quant \u00e0 l\u2019id\u00e9e de la conscription. Il craignait <\/span>qu\u2019il n\u2019y ait qu\u2019un pas de la parole aux actes. Le 22 mai, il \u00e9crivit \u00e0 Borden : \u00ab Est-ce qu\u2019on n\u2019ira pas jusqu\u2019\u00e0 l\u2019effusion de sang? \u00bb<\/p>\n<div class=\"caption_img\">\r\n        <img decoding=\"async\" class=\"wp-image-6412 size-full\" src=\"https:\/\/legionmagazine.com\/fr\/wp-content\/uploads\/2023\/03\/Robert_Laird_Borden_cph.3b31281.jpg\" alt=\"\" width=\"800\" height=\"366\" srcset=\"https:\/\/legionmagazine.com\/fr\/wp-content\/uploads\/2023\/03\/Robert_Laird_Borden_cph.3b31281.jpg 800w, https:\/\/legionmagazine.com\/fr\/wp-content\/uploads\/2023\/03\/Robert_Laird_Borden_cph.3b31281-300x137.jpg 300w, https:\/\/legionmagazine.com\/fr\/wp-content\/uploads\/2023\/03\/Robert_Laird_Borden_cph.3b31281-768x351.jpg 768w\" sizes=\"(max-width: 800px) 100vw, 800px\" \/>\r\n        <div class=\"caption\">\r\n            <span>Le premier ministre, Robert Borden, l&#8217;archev\u00eaque de Montr\u00e9al, Paul Bruch\u00e9si et le maire de la ville, M\u00e9d\u00e9ric Martin \u00e9taient des personnages importants de la lutte concernant la\u00a0conscription.<\/span>\r\n            \r\n        <div class=\"credit\">\r\n            <span>Library of Congress\/Wikimedia; BAC\/C-049548; British Library\/Wikimedia<\/span>\r\n        <\/div>\r\n\r\n        <\/div>\r\n        \r\n    <\/div>\n<p class=\"p2\"><span class=\"s2\">Le 23 mai, environ 8\u2009000 hommes se rassembl\u00e8rent au parc\u00a0La Fontaine pour \u00e9couter \u00c9lie\u00a0Lalumi\u00e8re et Tancr\u00e8de Marsil, deux fougueux orateurs oppos\u00e9s \u00e0 la conscription. Ils furent des centaines \u00e0 converger ensuite sur le Champ-de-Mars pour rejoindre 3\u2009000 autres protestataires. Ils gagn\u00e8rent la rue Saint-Jacques, o\u00f9 Marsil d\u00e9clara qu\u2019\u00ab avant qu\u2019il y ait la conscription, il y aurait la r\u00e9volution \u00bb. La foule survolt\u00e9e brisa les fen\u00eatres de <i>La Presse<\/i>, jugeant que le journal ne condamnait que trop mollement la conscription, et celles de <i>La Patrie<\/i>, journal conservateur qui la soutenait.<\/span><\/p>\n<p class=\"p1\"><span class=\"s2\"><b>Lors d\u2019un important<\/b> rassem-ble<\/span><span class=\"s1\">ment et d\u00e9fil\u00e9 anticonscription le\u00a0soir suivant, Marsil s\u2019exclama : <\/span><span class=\"s2\">\u00ab\u00a0Avant qu\u2019ils me tuent, bien d\u2019autres <\/span>qui se feront tuer \u00bb. Des manifes<span class=\"s2\">tants s\u2019attaqu\u00e8rent \u00e0 quelques soldats sur la rue Saint-Denis, \u00e0\u00a0hauteur de l\u2019avenue Viger.<span class=\"Apple-converted-space\">\u00a0<\/span><\/span><\/p>\n<p class=\"p2\"><span class=\"s1\">Les soldats canadiens et m\u00eame les anciens combattants n\u2019\u00e9taient pas en\u00a0s\u00e9curit\u00e9 dans les rues de <\/span><span class=\"s2\">Montr\u00e9al. Les opposants \u00e0 la conscription s\u2019en prirent \u00e0 eux tout l\u2019\u00e9t\u00e9. Trois finirent \u00e0 l\u2019h\u00f4pital le 24 mai, dont un avec une fracture au cr\u00e2ne. Les autorit\u00e9s militaires, inqui\u00e8tes, pr\u00e9par\u00e8rent des troupes \u00e0 Montr\u00e9al pour r\u00e9primer cette violence.<span class=\"Apple-converted-space\">\u00a0<\/span><\/span><\/p>\n<p class=\"p2\"><span class=\"s2\">D\u2019autres manifestations eurent lieu en juin et, le 16 juillet, 10\u2009000 personnes se rassembl\u00e8rent au parc La Fontaine pour \u00e9couter un orateur qui affirmait que les Britanniques cherchaient \u00e0 \u00ab massacrer \u00bb le Canada fran\u00e7ais avec la conscription. \u00c0 un autre rassemblement au m\u00eame endroit le 8 aout, des orateurs d\u00e9clar\u00e8rent qu\u2019il fallait abattre les officiers de recrutement.<\/span><\/p>\n<p class=\"p2\"><span class=\"s2\">Le 9 aout, \u00e0 3 h 50, une explosion <\/span><span class=\"s1\">de dynamite fit trembler la r\u00e9si<\/span><span class=\"s2\">dence estivale \u00e0 Cartierville de lord Atholstan, propri\u00e9taire du <i>Montreal <\/i><\/span><i>Star<\/i>. La dame Atholstan et lui s\u2019en sortirent indemnes. Lalumi\u00e8re fut plus tard arr\u00eat\u00e9 dans le cadre de l\u2019affaire. La violence empirait.<\/p>\n<p class=\"p1\"><span class=\"s2\"><b>La <\/b><\/span><span class=\"s3\"><b><i>Loi sur le Service militaire<\/i><\/b><\/span><span class=\"s2\"> fut adopt\u00e9e le 29 aout 1917, d\u00e9clenchant plusieurs jours de f\u00e9roces batailles aux quatre coins de la ville. Une foule de 7\u2009000 hommes r\u00e9unie ce soir-l\u00e0 place Cartier \u00e0 Saint-Henri remonta l\u2019avenue Atwater vers la rue Sainte-Catherine en scandant \u00ab\u00a0\u00c0 bas la conscription! \u00bb Il y eut des\u00a0\u00e9chauffour\u00e9es et du vanda-<br \/>\nlisme en chemin, ainsi que quelques <\/span>tramways tr\u00e8s endommag\u00e9s.<\/p>\n<p class=\"p2\"><span class=\"s1\">Pr\u00e8s de la place Phillips, environ 150 policiers charg\u00e8rent et rou\u00e8rent les \u00e9meutiers de coups de matraque. Les manifestants r\u00e9pondirent en leur lan\u00e7ant des briques et des pierres. Des coups de r\u00e9volver retentirent des deux <\/span><span class=\"s2\">c\u00f4t\u00e9s, et une vraie bataille s\u2019ensuivit. <\/span>Quatre policiers furent bless\u00e9s. Du c\u00f4t\u00e9 des manifestants, deux furent bless\u00e9s par balle, vingt <span class=\"s2\">portaient des blessures visibles, beaucoup furent contusionn\u00e9s.<span class=\"Apple-converted-space\">\u00a0<\/span><\/span><\/p>\n<p class=\"p2\"><span class=\"s2\">M\u00e9d\u00e9ric Martin, maire de Montr\u00e9al, s\u2019opposait \u00e0 la conscription, mais il devait prot\u00e9ger sa ville. Il ordonna officiellement que les meneurs qui \u00ab fomentaient la r\u00e9volte \u00bb soient arr\u00eat\u00e9s. Il\u00a0interdit <\/span><span class=\"s1\">aussi d\u2019autres rassemblements. Pourtant, le 31 aout, des rixes entre la police et les manifestants \u00e9clat\u00e8rent \u00e0 une dizaine d\u2019endroits dans l\u2019est de la ville.<\/span><\/p>\n<p class=\"p2\"><span class=\"s2\">Le d\u00e9sordre cessa en septembre, et les autorit\u00e9s reprirent le contr\u00f4le des rues. La conscription avait \u00e9t\u00e9 impos\u00e9e, et la crise qui avait secou\u00e9 Montr\u00e9al tout l\u2019\u00e9t\u00e9 \u00e9tait finie.<span class=\"Apple-converted-space\">\u00a0<\/span><\/span><\/p>\n","protected":false},"excerpt":{"rendered":"<p>Les \u00e9meutes anticonscription de 1917 \u00e0 Montr\u00e9al Plus de 10\u2009600 victimes p\u00e9rirent le 9 avril 1917 lorsque le Corps canadien prit la cr\u00eate de Vimy, des pertes insoutena-bles qui provoqu\u00e8rent une crise politique et sociale au sein du pays. En mai, Robert Borden, premier ministre conservateur, annon\u00e7a au Parlement la n\u00e9cessit\u00e9 d\u2019une conscription pour soutenir [&hellip;]<\/p>\n","protected":false},"author":1,"featured_media":6413,"comment_status":"closed","ping_status":"open","sticky":false,"template":"","format":"standard","meta":{"footnotes":""},"categories":[3],"tags":[],"class_list":["post-6411","post","type-post","status-publish","format-standard","has-post-thumbnail","hentry","category-articles-principaux"],"_links":{"self":[{"href":"https:\/\/legionmagazine.com\/fr\/wp-json\/wp\/v2\/posts\/6411","targetHints":{"allow":["GET"]}}],"collection":[{"href":"https:\/\/legionmagazine.com\/fr\/wp-json\/wp\/v2\/posts"}],"about":[{"href":"https:\/\/legionmagazine.com\/fr\/wp-json\/wp\/v2\/types\/post"}],"author":[{"embeddable":true,"href":"https:\/\/legionmagazine.com\/fr\/wp-json\/wp\/v2\/users\/1"}],"replies":[{"embeddable":true,"href":"https:\/\/legionmagazine.com\/fr\/wp-json\/wp\/v2\/comments?post=6411"}],"version-history":[{"count":0,"href":"https:\/\/legionmagazine.com\/fr\/wp-json\/wp\/v2\/posts\/6411\/revisions"}],"wp:featuredmedia":[{"embeddable":true,"href":"https:\/\/legionmagazine.com\/fr\/wp-json\/wp\/v2\/media\/6413"}],"wp:attachment":[{"href":"https:\/\/legionmagazine.com\/fr\/wp-json\/wp\/v2\/media?parent=6411"}],"wp:term":[{"taxonomy":"category","embeddable":true,"href":"https:\/\/legionmagazine.com\/fr\/wp-json\/wp\/v2\/categories?post=6411"},{"taxonomy":"post_tag","embeddable":true,"href":"https:\/\/legionmagazine.com\/fr\/wp-json\/wp\/v2\/tags?post=6411"}],"curies":[{"name":"wp","href":"https:\/\/api.w.org\/{rel}","templated":true}]}}