{"id":6174,"date":"2022-06-24T09:41:58","date_gmt":"2022-06-24T13:41:58","guid":{"rendered":"https:\/\/legionmagfren.wpengine.com\/?p=6174"},"modified":"2022-06-24T09:41:58","modified_gmt":"2022-06-24T13:41:58","slug":"acc-propose-un-meilleur-soutien-a-la-sante-mentale","status":"publish","type":"post","link":"https:\/\/legionmagazine.com\/fr\/2022\/06\/acc-propose-un-meilleur-soutien-a-la-sante-mentale\/","title":{"rendered":"ACC propose un meilleur soutien \u00e0 la sant\u00e9 mentale"},"content":{"rendered":"<div class=\"caption_img\">\r\n        <img fetchpriority=\"high\" decoding=\"async\" class=\"size-full wp-image-6175\" src=\"https:\/\/legionmagazine.com\/fr\/wp-content\/uploads\/2022\/04\/iStock-1227306234-Converted.jpg\" alt=\"\" width=\"800\" height=\"567\" srcset=\"https:\/\/legionmagazine.com\/fr\/wp-content\/uploads\/2022\/04\/iStock-1227306234-Converted.jpg 800w, https:\/\/legionmagazine.com\/fr\/wp-content\/uploads\/2022\/04\/iStock-1227306234-Converted-300x213.jpg 300w, https:\/\/legionmagazine.com\/fr\/wp-content\/uploads\/2022\/04\/iStock-1227306234-Converted-768x544.jpg 768w\" sizes=\"(max-width: 800px) 100vw, 800px\" \/>\r\n        <div class=\"caption\">\r\n            <span><\/span>\r\n            \r\n        <div class=\"credit\">\r\n            <span>iStock<\/span>\r\n        <\/div>\r\n\r\n        <\/div>\r\n        \r\n    <\/div>\n<p class=\"p1\"><span class=\"s1\"><b>Une couverture<\/b> maximale <\/span>de deux ans de services de sant\u00e9 mentale est dor\u00e9navant propos\u00e9e aux anciens combattants qui pr\u00e9sentent ou ont pr\u00e9sent\u00e9 une demande de prestations \u00e0 Anciens combattants Canada.<span class=\"Apple-converted-space\">\u00a0<\/span><\/p>\n<p class=\"p2\">\u00ab Une prise en charge pr\u00e9coce et un acc\u00e8s plus rapide aux services de sant\u00e9 mentale permettront d\u2019am\u00e9liorer la sant\u00e9 des anciens combattants\u00a0\u00bb, a \u00e9crit dans un courriel Josh Bueckert, porte-parole d\u2019ACC.<span class=\"Apple-converted-space\">\u00a0<\/span><\/p>\n<p class=\"p2\">Avant le 1<sup>er<\/sup> avril 2022, les anciens combattants devaient prouver que leur affection ou leur incapacit\u00e9 \u00e9tait li\u00e9e \u00e0 leur service pour obtenir l\u2019approbation de prestations d\u2019invalidit\u00e9 ouvrant droit \u00e0 un soutien financier pour des soins de sant\u00e9 mentale.<\/p>\n<p class=\"p2\">Mais, en mars 2022, 34\u2009000 demandes de prestations pour invalidit\u00e9 attendaient encore d\u2019\u00eatre trait\u00e9es, entrainant ainsi un d\u00e9lai de deux ans dans l\u2019acc\u00e8s aux soins.<\/p>\n<blockquote>\n<p class=\"p1\">\u00ab Il n\u2019y aura pas de longs formulaires, donc <span class=\"s1\"><b>le processus devrait \u00eatre rapide<\/b><\/span> et les demandes trait\u00e9es en temps opportun. \u00bb<\/p>\n<\/blockquote>\n<div class=\"caption_img\">\r\n        <img decoding=\"async\" class=\"size-full wp-image-6178\" src=\"https:\/\/legionmagazine.com\/fr\/wp-content\/uploads\/2022\/04\/Screen-Shot-2022-04-26-at-10.04.30-AM.jpg\" alt=\"\" width=\"800\" height=\"853\" srcset=\"https:\/\/legionmagazine.com\/fr\/wp-content\/uploads\/2022\/04\/Screen-Shot-2022-04-26-at-10.04.30-AM.jpg 800w, https:\/\/legionmagazine.com\/fr\/wp-content\/uploads\/2022\/04\/Screen-Shot-2022-04-26-at-10.04.30-AM-281x300.jpg 281w, https:\/\/legionmagazine.com\/fr\/wp-content\/uploads\/2022\/04\/Screen-Shot-2022-04-26-at-10.04.30-AM-768x819.jpg 768w\" sizes=\"(max-width: 800px) 100vw, 800px\" \/>\r\n        <div class=\"caption\">\r\n            <span><\/span>\r\n            \r\n        <div class=\"credit\">\r\n            <span>Source : Secteur de la dirigeante principale des finances et services minist\u00e9riels<\/span>\r\n        <\/div>\r\n\r\n        <\/div>\r\n        \r\n    <\/div>\n<p class=\"p2\">Le budget f\u00e9d\u00e9ral de 2021 a allou\u00e9 140 millions de dollars sur cinq ans \u00e0 ACC, somme qui s\u2019ajoute aux six millions de dollars de financement continu pour aider pendant le traitement de la demande les anciens combattants pr\u00e9sentant un trouble de stress posttraumatique, un trouble d\u00e9pressif ou un trouble anxieux.<\/p>\n<p class=\"p2\">\u00ab Nous sommes heureux que les anciens combattants ne soient plus oblig\u00e9s d\u2019attendre des mois pour b\u00e9n\u00e9ficier de soins en sant\u00e9 mentale \u00bb, s\u2019est f\u00e9licit\u00e9e Mme Carolyn Hughes, sous-directrice des services aux anciens combattants \u00e0 la L\u00e9gion royale canadienne.<span class=\"Apple-converted-space\">\u00a0<\/span><\/p>\n<p class=\"p2\">\u00ab Il n\u2019y aura pas de longs formulaires, donc le processus devrait \u00eatre rapide et les demandes trait\u00e9es en temps opportun. On esp\u00e8re voir une am\u00e9lioration de la sant\u00e9 et de la qualit\u00e9 de la vie des anciens combattants et de leur famille. \u00bb<\/p>\n<p class=\"p2\">Selon ACC, m\u00eame si la demande de prestations est rejet\u00e9e, les anciens combattants continueront de b\u00e9n\u00e9ficier des prestations de sant\u00e9 mentale pendant les deux ans.<\/p>\n","protected":false},"excerpt":{"rendered":"<p>Une couverture maximale de deux ans de services de sant\u00e9 mentale est dor\u00e9navant propos\u00e9e aux anciens combattants qui pr\u00e9sentent ou ont pr\u00e9sent\u00e9 une demande de prestations \u00e0 Anciens combattants Canada.\u00a0 \u00ab Une prise en charge pr\u00e9coce et un acc\u00e8s plus rapide aux services de sant\u00e9 mentale permettront d\u2019am\u00e9liorer la sant\u00e9 des anciens combattants\u00a0\u00bb, a \u00e9crit [&hellip;]<\/p>\n","protected":false},"author":3,"featured_media":6175,"comment_status":"closed","ping_status":"open","sticky":false,"template":"","format":"standard","meta":{"footnotes":""},"categories":[3],"tags":[],"class_list":["post-6174","post","type-post","status-publish","format-standard","has-post-thumbnail","hentry","category-articles-principaux"],"_links":{"self":[{"href":"https:\/\/legionmagazine.com\/fr\/wp-json\/wp\/v2\/posts\/6174","targetHints":{"allow":["GET"]}}],"collection":[{"href":"https:\/\/legionmagazine.com\/fr\/wp-json\/wp\/v2\/posts"}],"about":[{"href":"https:\/\/legionmagazine.com\/fr\/wp-json\/wp\/v2\/types\/post"}],"author":[{"embeddable":true,"href":"https:\/\/legionmagazine.com\/fr\/wp-json\/wp\/v2\/users\/3"}],"replies":[{"embeddable":true,"href":"https:\/\/legionmagazine.com\/fr\/wp-json\/wp\/v2\/comments?post=6174"}],"version-history":[{"count":0,"href":"https:\/\/legionmagazine.com\/fr\/wp-json\/wp\/v2\/posts\/6174\/revisions"}],"wp:featuredmedia":[{"embeddable":true,"href":"https:\/\/legionmagazine.com\/fr\/wp-json\/wp\/v2\/media\/6175"}],"wp:attachment":[{"href":"https:\/\/legionmagazine.com\/fr\/wp-json\/wp\/v2\/media?parent=6174"}],"wp:term":[{"taxonomy":"category","embeddable":true,"href":"https:\/\/legionmagazine.com\/fr\/wp-json\/wp\/v2\/categories?post=6174"},{"taxonomy":"post_tag","embeddable":true,"href":"https:\/\/legionmagazine.com\/fr\/wp-json\/wp\/v2\/tags?post=6174"}],"curies":[{"name":"wp","href":"https:\/\/api.w.org\/{rel}","templated":true}]}}