{"id":6145,"date":"2022-06-24T09:31:25","date_gmt":"2022-06-24T13:31:25","guid":{"rendered":"https:\/\/legionmagfren.wpengine.com\/?p=6145"},"modified":"2022-06-24T09:31:25","modified_gmt":"2022-06-24T13:31:25","slug":"gestion-de-crise","status":"publish","type":"post","link":"https:\/\/legionmagazine.com\/fr\/2022\/06\/gestion-de-crise\/","title":{"rendered":"Gestion de Crise"},"content":{"rendered":"<div class=\"caption_img\">\r\n        <a href=\"https:\/\/legionmagazine.com\/fr\/wp-content\/uploads\/2022\/04\/WATER800.jpg\"><img fetchpriority=\"high\" decoding=\"async\" class=\"wp-image-6211 size-full\" src=\"https:\/\/legionmagazine.com\/fr\/wp-content\/uploads\/2022\/04\/WATER800.jpg\" alt=\"\" width=\"800\" height=\"534\" srcset=\"https:\/\/legionmagazine.com\/fr\/wp-content\/uploads\/2022\/04\/WATER800.jpg 800w, https:\/\/legionmagazine.com\/fr\/wp-content\/uploads\/2022\/04\/WATER800-300x200.jpg 300w, https:\/\/legionmagazine.com\/fr\/wp-content\/uploads\/2022\/04\/WATER800-768x513.jpg 768w\" sizes=\"(max-width: 800px) 100vw, 800px\" \/><\/a>\r\n        <div class=\"caption\">\r\n            <span>Un \u00e9quipage du 430e Escadron tactique d&#8217;h\u00e9licopt\u00e8res effectue une reconnaissance a\u00e9rienne apr\u00e8s les inondations. Plus de 15 000 hectares du sud de la Colombie-Britannique ont \u00e9t\u00e9 affect\u00e9s. <\/span>\r\n            \r\n        <div class=\"credit\">\r\n            <span>Sdt. Daniel Pereira\/Affaires publiques du 39 GBC\/CAF<\/span>\r\n        <\/div>\r\n\r\n        <\/div>\r\n        \r\n    <\/div>\n<p class=\"p1\"><span class=\"s1\"><b>La Colombie-Britannique<\/b><\/span> a\u00a0subi d\u2019importantes inondations en novembre 2021 et, une fois de plus, les soldats, marins et aviateurs canadiens ont \u00e9t\u00e9 appel\u00e9s \u00e0 la\u00a0rescousse (cf. page 36).<\/p>\n<p class=\"p2\"><span class=\"s2\">Outre son r\u00f4le principal de force de combat, l\u2019arm\u00e9e du Canada intervient lors de situations d\u2019urgence chez nous et \u00e0 l\u2019\u00e9tranger depuis des dizaines d\u2019ann\u00e9es, des tremblements de terre et typhons dans de lointaines contr\u00e9es aux inondations et feux incontr\u00f4l\u00e9s partout au Canada.<\/span><\/p>\n<p class=\"p2\"><span class=\"s2\">Les Forces ont notamment \u00e0 disposition des ressources logistiques et m\u00e9dicales, une expertise en sauvetage et ing\u00e9nierie, et bien s\u00fbr, des bras forts. Les Forces arm\u00e9es canadiennes avec ses 68\u2009000 soldats r\u00e9guliers et 27\u2009000 r\u00e9servistes sont d\u00e9sormais consid\u00e9r\u00e9es comme une main-d\u2019\u0153uvre \u00e0 laquelle on a facilement acc\u00e8s quand on a un besoin urgent d\u2019aide.<\/span><\/p>\n<blockquote>\n<p class=\"p1\">les demandes d\u2019intervention d\u2019urgence de militaires <span class=\"s1\"><b>ont explos\u00e9 avec le changement climatique<\/b><\/span>.<\/p>\n<\/blockquote>\n<p class=\"p2\"><span class=\"s2\">Mais, les demandes d\u2019intervention d\u2019urgence de militaires ont explos\u00e9 avec le changement climatique\u00a0: le nombre de missions au Canada entre 2011 et 2020 (30) a \u00e9t\u00e9 multipli\u00e9 par cinq par rapport \u00e0 la d\u00e9cennie 1990-2010 (six missions).<\/span><\/p>\n<p class=\"p2\"><span class=\"s2\">En 2021, en plus de la situation d\u2019urgence en Colombie-Britannique o\u00f9 l\u2019acc\u00e8s terrestre \u00e9tait coup\u00e9 entre le port de Vancouver et le reste du pays, les militaires sont intervenus lors d\u2019une inondation au Yukon et \u00e0 Terre-Neuve, de la crise de l\u2019eau contamin\u00e9e \u00e0 Iqaluit, et de feux incontr\u00f4l\u00e9s en Colombie-Britannique, au Manitoba et dans le Nord- Ouest de l\u2019Ontario.<\/span><\/p>\n<p class=\"p2\">De tels d\u00e9ploiements s\u2019ajoutent au r\u00f4le traditionnel de recherche et sauvetage de l\u2019\u00c9quipe d\u2019intervention en cas de <span class=\"s2\">catastrophe (\u00c9ICC), dont les missions sont principalement \u00e0 l\u2019\u00e9tranger.<\/span><\/p>\n<p class=\"p2\"><span class=\"s2\">Selon de nombreuses \u00e9tudes th\u00e9oriques, institutionnelles et militaires, la hausse des demandes d\u2019intervention de l\u2019arm\u00e9e au Canada, en plus de son r\u00f4le principal de d\u00e9fense du territoire, r\u00e9sulte surtout d\u2019\u00e9v\u00e8nements li\u00e9s au climat, comme les feux incontr\u00f4l\u00e9s et les anomalies m\u00e9t\u00e9orologiques.<\/span><\/p>\n<p class=\"p2\"><span class=\"s2\">Une grande partie des rapports de ces \u00e9tudes ne tenaient pas compte de la pand\u00e9mie de la COVID-19. Rien qu\u2019en 2021, plus de 1<\/span>\u2009<span class=\"s2\">700 personnes en uniforme ont \u00e9t\u00e9 envoy\u00e9es pr\u00eater main-forte dans les maisons de soins de longue dur\u00e9e, et 22\u2009000 autres ont \u00e9t\u00e9 mises en \u00e9tat d\u2019alerte.<\/span><\/p>\n<p class=\"p2\"><span class=\"s2\">En d\u00e9cembre 2019, trois mois avant que la pand\u00e9mie n\u2019aggrave la situation, la demande d\u2019aide militaire \u00e9tait si importante et si fr\u00e9quente que Wayne Eyre, chef de l\u2019arm\u00e9e alors lieutenant-g\u00e9n\u00e9ral (actuellement chef d\u2019\u00e9tat-major de la d\u00e9fense) avait dit ceci aux l\u00e9gislateurs : \u00ab si cela arrive \u00e0 une plus grande \u00e9chelle et plus souvent, cela va finir par affecter notre \u00e9tat de pr\u00e9paration au combat \u00bb.<\/span><\/p>\n<p class=\"p2\"><span class=\"s2\">La pression semble n\u2019avoir qu\u2019empir\u00e9 \u00e0 peine deux ans plus tard : le recrutement a baiss\u00e9 avec la pand\u00e9mie et le scandale des inconduites sexuelles a min\u00e9 les efforts de l\u2019arm\u00e9e pour que davantage de femmes s\u2019engagent.<\/span><\/p>\n<p class=\"p2\"><span class=\"s2\">Dans un discours \u00e0 une conf\u00e9rence en octobre 2021, Eyre regrettait le nombre inqui\u00e9tant d\u2019officiers et de militaires du rang, pierre d\u2019assise du secteur militaire, qui\u00a0quittaient l\u2019arm\u00e9e, alors que les planificateurs s\u2019effor\u00e7aient de rem\u00e9dier au manque de 7\u2009500 soldats, marins et aviateurs.<\/span><\/p>\n<p class=\"p2\"><span class=\"s2\">Des experts ont sugg\u00e9r\u00e9 d\u2019autres moyens de proc\u00e9der aux interventions d\u2019urgence que de compter sur la force r\u00e9guli\u00e8re, comme de confier ce r\u00f4le aux r\u00e9servistes ou \u00e0 un service civil sp\u00e9cial. Beaucoup d\u2019anciens combattants ont la comp\u00e9tence et l\u2019exp\u00e9rience n\u00e9cessaires pour joindre une telle organisation.<\/span><\/p>\n<p class=\"p2\"><span class=\"s2\">En attendant, des \u00e9tudes ont exhort\u00e9 Ottawa \u00e0 r\u00e9\u00e9valuer sa propension actuelle \u00e0 recourir aux militaires et \u00e0 traiter imm\u00e9diatement le probl\u00e8me de mani\u00e8re constructive. Nos soldats et notre pays ne m\u00e9ritent pas moins.<span class=\"Apple-converted-space\">\u00a0<\/span><\/span><\/p>\n","protected":false},"excerpt":{"rendered":"<p>La Colombie-Britannique a\u00a0subi d\u2019importantes inondations en novembre 2021 et, une fois de plus, les soldats, marins et aviateurs canadiens ont \u00e9t\u00e9 appel\u00e9s \u00e0 la\u00a0rescousse (cf. page 36). Outre son r\u00f4le principal de force de combat, l\u2019arm\u00e9e du Canada intervient lors de situations d\u2019urgence chez nous et \u00e0 l\u2019\u00e9tranger depuis des dizaines d\u2019ann\u00e9es, des tremblements de [&hellip;]<\/p>\n","protected":false},"author":52,"featured_media":6211,"comment_status":"closed","ping_status":"open","sticky":false,"template":"","format":"standard","meta":{"footnotes":""},"categories":[3],"tags":[],"class_list":["post-6145","post","type-post","status-publish","format-standard","has-post-thumbnail","hentry","category-articles-principaux"],"_links":{"self":[{"href":"https:\/\/legionmagazine.com\/fr\/wp-json\/wp\/v2\/posts\/6145","targetHints":{"allow":["GET"]}}],"collection":[{"href":"https:\/\/legionmagazine.com\/fr\/wp-json\/wp\/v2\/posts"}],"about":[{"href":"https:\/\/legionmagazine.com\/fr\/wp-json\/wp\/v2\/types\/post"}],"author":[{"embeddable":true,"href":"https:\/\/legionmagazine.com\/fr\/wp-json\/wp\/v2\/users\/52"}],"replies":[{"embeddable":true,"href":"https:\/\/legionmagazine.com\/fr\/wp-json\/wp\/v2\/comments?post=6145"}],"version-history":[{"count":0,"href":"https:\/\/legionmagazine.com\/fr\/wp-json\/wp\/v2\/posts\/6145\/revisions"}],"wp:featuredmedia":[{"embeddable":true,"href":"https:\/\/legionmagazine.com\/fr\/wp-json\/wp\/v2\/media\/6211"}],"wp:attachment":[{"href":"https:\/\/legionmagazine.com\/fr\/wp-json\/wp\/v2\/media?parent=6145"}],"wp:term":[{"taxonomy":"category","embeddable":true,"href":"https:\/\/legionmagazine.com\/fr\/wp-json\/wp\/v2\/categories?post=6145"},{"taxonomy":"post_tag","embeddable":true,"href":"https:\/\/legionmagazine.com\/fr\/wp-json\/wp\/v2\/tags?post=6145"}],"curies":[{"name":"wp","href":"https:\/\/api.w.org\/{rel}","templated":true}]}}