{"id":605,"date":"2010-09-01T00:01:58","date_gmt":"2010-09-01T04:01:58","guid":{"rendered":"https:\/\/legionmagfren.wpengine.com\/?p=605"},"modified":"2010-08-16T10:18:49","modified_gmt":"2010-08-16T14:18:49","slug":"43e-congres-national-mener-l-equipe","status":"publish","type":"post","link":"https:\/\/legionmagazine.com\/fr\/2010\/09\/43e-congres-national-mener-l-equipe\/","title":{"rendered":"43e Congr\u00e8s national: Mener l\u2019\u00e9quipe"},"content":{"rendered":"<div class=\"caption_img \"\tstyle=\"width:630px\"><img fetchpriority=\"high\" decoding=\"async\" title=\"Les nouveaux officiers \u00e9lus \u00e0 la Direction nationale sont  (de g. \u00e0 d.) le pr\u00e9sident sortant Wilf Edmond, la pr\u00e9sidente nationale Pat Varga, le premier vice-pr\u00e9sident Gordon Moore, (\u00e0 l\u2019arri\u00e8re-plan) le pr\u00e9sident des d\u00e9bats Thomas Irvine, le  vice-pr\u00e9sident Dave Flannigan, le vice-pr\u00e9sident Tom Eagles, le vice-pr\u00e9sident George O\u2019Dair, le grand pr\u00e9sident Larry Murray et le tr\u00e9sorier Mike Cook. [PHOTO : PATRICK RILEY]\" src=\"http:\/\/www.legionmagazine.com\/en\/wp-content\/uploads\/2010\/08\/ProfilesLead.jpg\" alt=\"Les nouveaux officiers \u00e9lus \u00e0 la Direction nationale sont  (de g. \u00e0 d.) le pr\u00e9sident sortant Wilf Edmond, la pr\u00e9sidente nationale Pat Varga, le premier vice-pr\u00e9sident Gordon Moore, (\u00e0 l\u2019arri\u00e8re-plan) le pr\u00e9sident des d\u00e9bats Thomas Irvine, le  vice-pr\u00e9sident Dave Flannigan, le vice-pr\u00e9sident Tom Eagles, le vice-pr\u00e9sident George O\u2019Dair, le grand pr\u00e9sident Larry Murray et le tr\u00e9sorier Mike Cook. [PHOTO : PATRICK RILEY]\" width=\"630\" height=\"236\" \/><\/p>\n<div class=\"caption\"><span>Les nouveaux officiers \u00e9lus \u00e0 la Direction nationale sont  (de g. \u00e0 d.) le pr\u00e9sident sortant Wilf Edmond, la pr\u00e9sidente nationale Pat Varga, le premier vice-pr\u00e9sident Gordon Moore, (\u00e0 l\u2019arri\u00e8re-plan) le pr\u00e9sident des d\u00e9bats Thomas Irvine, le  vice-pr\u00e9sident Dave Flannigan, le vice-pr\u00e9sident Tom Eagles, le vice-pr\u00e9sident George O\u2019Dair, le grand pr\u00e9sident Larry Murray et le tr\u00e9sorier Mike Cook. <\/span><\/div>\n<div class=\"credit\"><span>PHOTO : PATRICK RILEY<\/span><\/div>\n<\/div>\n<p><strong>LA PR\u00c9SIDENTE NATIONALE Pat Varga,<\/strong> v\u00e9t\u00e9rane de la Marine royale du Canada, est membre \u00e0 vie de la filiale Coleville (Sask.). Elle a servi au Conseil ex\u00e9cutif depuis 1997 et a si\u00e9g\u00e9 \u00e0 nombre de comit\u00e9s nationaux, y compris celui des anciens combattants, des services et des ain\u00e9s, celui de la Ligue royale des anciens combattants du Commonwealth (LRACC), celui de la jeunesse, celui du coquelicot et du souvenir, et celui des relations publiques; en outre, elle \u00e9tait ces derniers temps pr\u00e9sidente du Comit\u00e9 national des sports. Elle si\u00e8ge actuellement aux comit\u00e9s des anciens combattants, des services et des ain\u00e9s (en tant que pr\u00e9sidente), de la LRACC et du congr\u00e8s national, ainsi que (en tant que vice-pr\u00e9sidente) aux comit\u00e9s des finances et budget et de l\u2019investissement; de plus, elle est membre du groupe consultatif des anciens combattants. Elle est \u00e9galement sondeuse dans le cadre du programme de sondage des soins de longue dur\u00e9e.<\/p>\n<p>Elle a termin\u00e9 sa carri\u00e8re en tant que directrice administrative au Carlton Trail Regional College et elle continue de travailler en tant que conseill\u00e8re.<\/p>\n<p>Mme Varga d\u00e9tient la M\u00e9daille du service m\u00e9ritoire et la palme. Elle et Lorne ont trois filles, Lee, Melody et Kacie, et quatre petites-filles.<\/p>\n<p><strong>LE PREMIER VICE-PR\u00c9SIDENT Gordon Moore,<\/strong> \u00e2g\u00e9 de 57 ans, est un membre \u00e0 vie qui a servi dans la Princess Patricia\u2019s Canadian Light Infantry. Membre de la filiale Elmira (Ont.), il a plus de 25 ans de service \u00e0 la L\u00e9gion. Son service a commenc\u00e9 au niveau national, en 1999, en tant que membre du Conseil ex\u00e9cutif national et il a si\u00e9g\u00e9 \u00e0 beaucoup de comit\u00e9s, dont celui des relations publiques et celui des adh\u00e9sions. Il a fait partie de la commission de la L\u00e9gion royale canadienne sur la gouvernance, et a \u00e9t\u00e9 pr\u00e9sident du Comit\u00e9 du coquelicot et du souvenir. Moore si\u00e8ge actuellement aux comit\u00e9s de la LRACC, des finances et budget, du congr\u00e8s national et du groupe consultatif des anciens combattants, et il est vice-pr\u00e9sident des d\u00e9bats au Comit\u00e9 des anciens combattants, des services et des ain\u00e9s\u00a0 ainsi que pr\u00e9sident du Comit\u00e9 des relations publiques. Il a \u00e9t\u00e9 nomm\u00e9 pr\u00e9sident du conseil d\u2019administration de Canvet Publications.<\/p>\n<p>\u00c0 Elmira, Moore est b\u00e9n\u00e9vole \u00e0 la Fondation canadienne R\u00eaves d\u2019enfants et fait don de son temps \u00e0 la balle molle et au soccer mineurs.<\/p>\n<p>Il a pass\u00e9 les derniers 32 ans dans la vente et le marketing, et travaille chez TriCity Equipment. Moore a \u00e9t\u00e9 d\u00e9cor\u00e9 de la M\u00e9daille du service m\u00e9ritoire. Son \u00e9pouse Kathy et lui ont une fille, Dawn Melinda, et deux petits-fils, Reed et Drew.<\/p>\n<p><strong>LE VICE-PR\u00c9SIDENT Tom Eagles,<\/strong> \u00e2g\u00e9 de 53 ans, est membre \u00e0 vie de la filiale Marble Arch de Plaster Rock (N.-B.). Depuis ses 34 ans d\u2019engagement \u00e0 la L\u00e9gion, il a occup\u00e9 un certain nombre de postes de direction, dont pr\u00e9sident de filiale, commandant de district et pr\u00e9sident de division.<\/p>\n<p>Il a si\u00e9g\u00e9, en tant que membre, \u00e0 des comit\u00e9s nationaux, dont ceux de la consitution et des lois, du coquelicot et du souvenir, et il a \u00e9t\u00e9 r\u00e9cemment promu pr\u00e9sident de ce dernier. En tant que membre des dirigeants sup\u00e9rieurs \u00e9lus, il si\u00e8gera au Comit\u00e9 des finances et budget.<\/p>\n<p>Eagles, pr\u00e9sident de la ligue de hockey mineur de Plaster Rock, a si\u00e9g\u00e9 pendant cinq ans au conseil d\u2019administration du Tobique Valley Manor. Son \u00e9pouse Cheryl et lui ont quatre enfants : Ryan, Daniel, Brook et Brett.<\/p>\n<p><strong>LE VICE-PR\u00c9SIDENT Dave Flannigan,<\/strong> \u00e2g\u00e9 de 54 ans et comptant 35 ans de service, est membre \u00e0 vie de la filiale Labrador City. Il a \u00e9t\u00e9 commandant de district en 2001 et pr\u00e9sident de la Division de Terre-Neuve-et-Labrador en 2007. Au niveau national, il a servi au Conseil ex\u00e9cutif national et au Comit\u00e9 du coquelicot et du souvenir. Il si\u00e8ge actuellement au Comit\u00e9 des finances et budget et il pr\u00e9side celui des sports. Il a pris sa retraite apr\u00e8s 29 ans de service en tant que m\u00e9canicien de chantier \u00e0 la Iron Ore Company of Canada, \u00e0 la suite de quoi il a \u00e9t\u00e9 propri\u00e9taire et exploitant de Tool Maintenance Plus de 2004 \u00e0 2007. Flannigan est maintenant directeur commercial \u00e0 Hercules SLR Inc. \u00e0 Labrador.<\/p>\n<p>Il est \u00e9galement vice-pr\u00e9sident du comit\u00e9 du t\u00e9l\u00e9thon de l\u2019h\u00f4pital de la L\u00e9gion qui a amass\u00e9 plus de 2 millions de dollars pour le mat\u00e9riel de l\u2019h\u00f4pital de l\u2019endroit. Il a \u00e9t\u00e9 d\u00e9cor\u00e9 de la M\u00e9daille du jubil\u00e9 de la reine.<\/p>\n<p>Son \u00e9pouse Vera et lui ont six enfants : Mitchell, Tanya, Dale, Dean, Dwayne et Danny.<br \/>\n<strong><br \/>\nLE VICE-PR\u00c9SIDENT <\/strong><strong>George O\u2019Dair<\/strong> est membre \u00e0 vie de la filiale John McMartin Memorial de Cornwall (Ont.). Il a \u00e9t\u00e9 r\u00e9serviste pendant sept ans et a occup\u00e9 des postes de direction dans l\u2019industrie pendant un bon nombre d\u2019ann\u00e9es.<\/p>\n<p>O\u2019Dair a beaucoup servi au niveau de la filiale et il a \u00e9t\u00e9 commandant de district. Il a \u00e9t\u00e9 pr\u00e9sident de la Division de l\u2019Ontario et a servi au Conseil ex\u00e9cutif national pendant neuf ans, y compris en tant que pr\u00e9sident du Comit\u00e9 du rituel et des r\u00e9compenses. Il est membre du Comit\u00e9 des finances et budget et pr\u00e9sident du Comit\u00e9 des adh\u00e9sions. O\u2019Dair est membre \u00e0 vie de l\u2019Association of KIN Clubs et il a servi \u00e0 la fondation de l\u2019h\u00f4pital de sa localit\u00e9.<\/p>\n<p>La M\u00e9daille du service m\u00e9ritoire et la palme lui ont \u00e9t\u00e9 d\u00e9cern\u00e9es, ainsi que le Prix du chef de la fonction publique, la M\u00e9daille comm\u00e9morative du 125e anniversaire et la M\u00e9daille du jubil\u00e9 de la reine. Son \u00e9pouse Frances et lui ont deux fils et six petits-enfants.<\/p>\n<p><strong>LE TR\u00c9SORIER <\/strong><strong>Mike Cook<\/strong><strong>,<\/strong> \u00e2g\u00e9 de 68 ans, de Surrey (C.-B.), est entr\u00e9 \u00e0 la filiale Cloverdale en 1963 et il a servi \u00e0 tous les niveaux, y compris en tant que pr\u00e9sident de la Division du Pacifique. \u00c9lu pour la sixi\u00e8me fois d\u2019affil\u00e9e au poste de tr\u00e9sorier national, il sert depuis 15 ans au Conseil ex\u00e9cutif national. Cook a servi \u00e0 des comit\u00e9s nationaux pendant plus de 20 ans, y compris le comit\u00e9 du 60e anniversaire en 1985 et ceux des constitution et des lois, du leadership et d\u00e9veloppement, et des voies et moyens. Il a \u00e9t\u00e9 nomm\u00e9 \u00e0 nouveau pr\u00e9sident des comit\u00e9s des finances et budget et de l\u2019investissement. Il a \u00e9t\u00e9 pr\u00e9sident du conseil d\u2019administration de Canvet de 2000 \u00e0 2010 et il est pr\u00e9sident sortant du Cloverdale Board of Trade. Il a quitt\u00e9 M.J. Cook Ltd. en 2002 et, pour se distraire, il joue au golf et voyage dans les pays chauds.<\/p>\n<p>Il fait partie de la L\u00e9gion depuis presque 50 ans o\u00f9 il est membre \u00e0 vie, et il d\u00e9tient la M\u00e9daille du service m\u00e9ritoire et la palme. Son \u00e9pouse Judith et lui ont deux enfants, Michael et Paralee, et deux petits-enfants.<\/p>\n<p><strong>LE PR\u00c9SIDENT DES D\u00c9BATS <\/strong><strong>Thomas Irvine<\/strong><strong>,<\/strong> \u00e2g\u00e9 de 55 ans, de LaSalle (Qc), est membre de la filiale Hemmingford (Qc). Il commence son quatri\u00e8me mandat en tant que pr\u00e9sident des d\u00e9bats et il en est \u00e0 sa 22e ann\u00e9e en tant que membre de la L\u00e9gion. Pendant ses 23 ans pass\u00e9s dans le Black Watch (Royal Highland Regiment) of Canada, il a \u00e9t\u00e9 en service command\u00e9 en \u00c9gypte comme membre de la Force d\u2019urgence des Nations Unies. Il a pris sa retraite \u00e0 TD Canada Trust et a servi \u00e0 des comit\u00e9s nationaux depuis 2002, y compris ceux du coquelicot et du souvenir, des adh\u00e9sions et du leadership, du d\u00e9veloppement et de la jeunesse, des sports et du congr\u00e8s national. Il si\u00e8ge actuellement aux comit\u00e9s des constitution et des lois, du congr\u00e8s national et des finances et budget. Au niveau de la filiale, Irvine a occup\u00e9 nombre de postes, y compris ceux de sergent d\u2019armes, de deuxi\u00e8me vice-pr\u00e9sident et, pendant deux ans, de pr\u00e9sident de la filiale Ormstown (Qc) et il a eu trois mandats de pr\u00e9sident des d\u00e9bats de division.<\/p>\n<p>Son \u00e9pouse Paulette et lui ont quatre enfants et trois petits-enfants.<\/p>\n<p><strong>LE PR\u00c9SIDENT SORTANT <\/strong><strong>Wilf Edmond<\/strong><strong>,<\/strong> \u00e2g\u00e9 de 77 ans, est membre \u00e0 vie de la filiale Donkin de Cape Breton (N.-\u00c9.). Il est fier d\u2019\u00eatre le fils d\u2019un v\u00e9t\u00e9ran de la Premi\u00e8re Guerre mon\u00addiale. Trois de ses fr\u00e8res ont servi \u00e0 la Seconde Guerre mondiale, dont un qui a p\u00e9ri en service \u00e0 bord du navire canadien de Sa Majest\u00e9 St. Croix, en 1942.<\/p>\n<p>Membre de la L\u00e9gion depuis 52 ans, il a servi en tant que pr\u00e9sident de la Division de la Nouvelle-\u00c9cosse de 1993 \u00e0 1995 et, avant cela, avait \u00e9t\u00e9 pr\u00e9sident de filiale et commandant de zone pendant quelques mandats. En 2000, il a \u00e9t\u00e9 \u00e9lu au sous-ex\u00e9cutif de la L\u00e9gion en tant que vice-pr\u00e9sident et il a si\u00e9g\u00e9 \u00e0 la plupart des comit\u00e9s, dont ceux des sports, des adh\u00e9sions, des relations publiques, des anciens combattants, services et ain\u00e9s, de la Ligue royale des anciens combattants du Commonwealth (LRACC), des finances et budget et de l\u2019investissement. Il est vice-pr\u00e9sident de la LRACC et servira aux comit\u00e9s du coquelicot et du souvenir et des finances et budget.<\/p>\n<p>Il a \u00e9t\u00e9 membre de la chorale The Men of the Deeps et de celle de St. Luke\u2019s United Church, et il a \u00e9t\u00e9 entraineur et assistant pour des \u00e9quipes de base-ball mineur. Ancien pom\u00adpier volontaire, il d\u00e9tient la M\u00e9daille du service m\u00e9ritoire et la palme. Son \u00e9pouse Annie et lui ont une fille, Phyllis, et deux fils, Wilf et Brian (actuellement dans l\u2019aviation), ainsi que six petits-enfants, dont un qui sert dans l\u2019arm\u00e9e.<\/p>\n<p><strong>LE GRAND PR\u00c9SIDENT <\/strong><strong>Larry Murray<\/strong><strong>,<\/strong> \u00e2g\u00e9 de 63 ans, a apport\u00e9 son exp\u00e9rience militaire et civile \u00e0 l\u2019ex\u00e9cutif de la L\u00e9gion. Ayant pass\u00e9 33 ans dans les Forces canadiennes, dont la Marine royale du Canada, le vice-amiral Murray a pris sa retraite, en 1997, en tant que chef d\u2019\u00e9tat-major de la d\u00e9fense par int\u00e9rim. Quelques mois apr\u00e8s, il \u00e9tait nomm\u00e9 sous-ministre adjoint des P\u00eaches et Oc\u00e9ans et, en 1999, a \u00e9t\u00e9 sous-ministre des Anciens Combattants. En avril 2003, il a \u00e9t\u00e9 nomm\u00e9 sous-ministre de P\u00eaches et Oc\u00e9ans Canada.<\/p>\n<p>Murray a si\u00e9g\u00e9 au Groupe de travail sur la gouvernance et le changement culturel \u00e0 la GRC et a \u00e9t\u00e9 pr\u00e9sident du Comit\u00e9 consultatif de l\u2019ombudsman des v\u00e9t\u00e9rans. Il est pr\u00e9sident de la Division de la Nouvelle-\u00c9cosse de la Ligue navale du Canada.<\/p>\n<p>Ses nombreuses d\u00e9corations comprennent : commandeur de l\u2019Ordre du m\u00e9rite militaire, officier de l\u2019Ordre de Saint-Jean de J\u00e9rusalem, le Prix Vimy et la Mention \u00e9logieuse du ministre d\u2019Anciens Combattants Canada. Membre ordinaire de la filiale Dominion d\u2019Ottawa, il si\u00e8ge au niveau national au Comit\u00e9 des anciens combattants, des services et des ain\u00e9s, il est membre ex-officio du Comit\u00e9 de la d\u00e9fense et de la s\u00e9curit\u00e9, et pr\u00e9sident du groupe consultatif des anciens combattants. Son \u00e9pouse Claudia Buckley et lui ont six enfants et cinq petits-enfants.<\/p>\n","protected":false},"excerpt":{"rendered":"<p>LA PR\u00c9SIDENTE NATIONALE Pat Varga, v\u00e9t\u00e9rane de la Marine royale du Canada, est membre \u00e0 vie de la filiale Coleville (Sask.). Elle a servi au Conseil ex\u00e9cutif depuis 1997 et a si\u00e9g\u00e9 \u00e0 nombre de comit\u00e9s nationaux, y compris celui des anciens combattants, des services et des ain\u00e9s, celui de la Ligue royale des anciens combattants du Commonwealth (LRACC), celui de la jeunesse, celui du coquelicot et du souvenir, et celui des relations publiques; en outre, elle \u00e9tait ces derniers temps pr\u00e9sidente du Comit\u00e9 national des sports. Elle si\u00e8ge actuellement aux comit\u00e9s des anciens combattants, des services et des ain\u00e9s (en tant que pr\u00e9sidente), de la LRACC et du congr\u00e8s national, ainsi que (en tant que vice-pr\u00e9sidente) aux comit\u00e9s des finances et budget et de l\u2019investissement; de plus, elle est membre du groupe consultatif des anciens combattants. Elle est \u00e9galement sondeuse dans le cadre du programme de sondage des soins de longue dur\u00e9e.<\/p>\n","protected":false},"author":1,"featured_media":0,"comment_status":"open","ping_status":"open","sticky":false,"template":"","format":"standard","meta":{"footnotes":""},"categories":[3],"tags":[],"class_list":["post-605","post","type-post","status-publish","format-standard","hentry","category-articles-principaux"],"_links":{"self":[{"href":"https:\/\/legionmagazine.com\/fr\/wp-json\/wp\/v2\/posts\/605","targetHints":{"allow":["GET"]}}],"collection":[{"href":"https:\/\/legionmagazine.com\/fr\/wp-json\/wp\/v2\/posts"}],"about":[{"href":"https:\/\/legionmagazine.com\/fr\/wp-json\/wp\/v2\/types\/post"}],"author":[{"embeddable":true,"href":"https:\/\/legionmagazine.com\/fr\/wp-json\/wp\/v2\/users\/1"}],"replies":[{"embeddable":true,"href":"https:\/\/legionmagazine.com\/fr\/wp-json\/wp\/v2\/comments?post=605"}],"version-history":[{"count":0,"href":"https:\/\/legionmagazine.com\/fr\/wp-json\/wp\/v2\/posts\/605\/revisions"}],"wp:attachment":[{"href":"https:\/\/legionmagazine.com\/fr\/wp-json\/wp\/v2\/media?parent=605"}],"wp:term":[{"taxonomy":"category","embeddable":true,"href":"https:\/\/legionmagazine.com\/fr\/wp-json\/wp\/v2\/categories?post=605"},{"taxonomy":"post_tag","embeddable":true,"href":"https:\/\/legionmagazine.com\/fr\/wp-json\/wp\/v2\/tags?post=605"}],"curies":[{"name":"wp","href":"https:\/\/api.w.org\/{rel}","templated":true}]}}