{"id":5906,"date":"2021-11-01T08:35:56","date_gmt":"2021-11-01T12:35:56","guid":{"rendered":"https:\/\/legionmagfren.wpengine.com\/?p=5906"},"modified":"2021-11-05T09:35:06","modified_gmt":"2021-11-05T13:35:06","slug":"soldat-et-inspiration","status":"publish","type":"post","link":"https:\/\/legionmagazine.com\/fr\/2021\/11\/soldat-et-inspiration\/","title":{"rendered":"Soldat et inspiration"},"content":{"rendered":"<h4 class=\"p1\"><span class=\"s1\"><b>Simon Mailloux <\/b><\/span><span class=\"s2\">est le premier soldat canadien \u00e0\u00a0avoir <\/span><span class=\"s3\"><b>repris le service militaire apr\u00e8s une amputation<\/b><\/span><span class=\"s2\"><span class=\"Apple-converted-space\">\u00a0<\/span><\/span><\/h4>\n<div class=\"caption_img\">\r\n        <a href=\"https:\/\/legionmagazine.com\/fr\/wp-content\/uploads\/2021\/11\/20170713-191bwx-mailloux.jpg\"><img fetchpriority=\"high\" decoding=\"async\" class=\"wp-image-5907 size-full\" src=\"https:\/\/legionmagazine.com\/fr\/wp-content\/uploads\/2021\/11\/20170713-191bwx-mailloux.jpg\" alt=\"\" width=\"800\" height=\"1081\" srcset=\"https:\/\/legionmagazine.com\/fr\/wp-content\/uploads\/2021\/11\/20170713-191bwx-mailloux.jpg 800w, https:\/\/legionmagazine.com\/fr\/wp-content\/uploads\/2021\/11\/20170713-191bwx-mailloux-222x300.jpg 222w, https:\/\/legionmagazine.com\/fr\/wp-content\/uploads\/2021\/11\/20170713-191bwx-mailloux-758x1024.jpg 758w, https:\/\/legionmagazine.com\/fr\/wp-content\/uploads\/2021\/11\/20170713-191bwx-mailloux-768x1038.jpg 768w\" sizes=\"(max-width: 800px) 100vw, 800px\" \/><\/a>\r\n        <div class=\"caption\">\r\n            <span>Simon Mailloux a repris du service deux ans apr\u00e8s que son v\u00e9hicule blind\u00e9 a \u00e9t\u00e9 d\u00e9truit par un explosif de circonstance. <\/span>\r\n            \r\n        <div class=\"credit\">\r\n            <span>Stephen J. Thorne\/Legion Magazine<\/span>\r\n        <\/div>\r\n\r\n        <\/div>\r\n        \r\n    <\/div>\n<p class=\"p1\"><span class=\"s1\"><b>Depuis<\/b> sa plus tendre enfance \u00e0 Qu\u00e9bec, Simon Mailloux voulait \u00eatre soldat. Son d\u00e9sir fut exauc\u00e9, et son parcours, en temps de guerre et en temps de paix, a comport\u00e9 sacrifice, r\u00e9silience et triomphe. Malgr\u00e9 tout ce dont il a souffert, il demeure soldat.<\/span><\/p>\n<p class=\"p2\"><span class=\"s1\">Mailloux a obtenu un dipl\u00f4me du Coll\u00e8ge militaire royal en 2006, et il a rejoint le 3<sup>e<\/sup> Bataillon du Royal 22<sup>e<\/sup> R\u00e9giment en tant que commandant de peloton. Il\u00a0avait 22 ans. L\u2019ann\u00e9e sui-vante, son unit\u00e9 a \u00e9t\u00e9 d\u00e9ploy\u00e9e en Afghanistan, au beau milieu de la guerre. Le 17 novembre 2007, le lieutenant Mailloux fut gravement bless\u00e9 lorsque son v\u00e9hicule blind\u00e9 l\u00e9ger sauta sur un dispositif explosif de circonstance dans le district de Panjwaii, pr\u00e8s de Kandahar. Trois autres personnes furent tu\u00e9es.<span class=\"Apple-converted-space\">\u00a0<\/span><\/span><\/p>\n<p class=\"p2\"><span class=\"s1\">Il dit par la suite : \u00ab\u2009cette bombe a caus\u00e9 l\u2019amputation de ma jambe gauche \u00e0 travers le genou, la fracturation de ma m\u00e2choire et plusieurs autres lac\u00e9rations sur le corps\u2009\u00bb.<\/span><\/p>\n<blockquote>\n<p class=\"p2\"><span class=\"s1\">\u00ab\u2009J\u2019ai d\u00e9cid\u00e9 que je serais de nouveau soldat.\u2009\u00bb<\/span><\/p>\n<\/blockquote>\n<p class=\"p2\"><span class=\"s1\">Il fut op\u00e9r\u00e9 d\u2019urgence, transf\u00e9r\u00e9 \u00e0 l\u2019h\u00f4pital militaire am\u00e9ricain de Landstuhl, en Allemagne, o\u00f9 on lui amputa une jambe, puis rapatri\u00e9 au Canada en d\u00e9cembre.<\/span><\/p>\n<p class=\"p2\"><span class=\"s1\">Mailloux fut \u00e9quip\u00e9 d\u2019une proth\u00e8se en f\u00e9vrier 2008. La\u00a0douloureuse r\u00e9adaptation qui lui permit de marcher \u00e0 nouveau dura des mois.<span class=\"Apple-converted-space\">\u00a0<\/span><\/span><\/p>\n<p class=\"p2\"><span class=\"s1\">Ce fut une p\u00e9riode d\u00e9courageante. Il s\u2019aper\u00e7ut vite que son identit\u00e9 de soldat, profession qu\u2019il aimait tant, \u00e9tait gravement compromise. Il refusa toutefois de se laisser abattre.<span class=\"Apple-converted-space\">\u00a0<\/span><\/span><\/p>\n<p class=\"p2\"><span class=\"s1\">\u00ab\u2009J\u2019ai d\u00e9cid\u00e9 que je serais de nouveau soldat, dit-il. C\u2019est tout ce que je voulais \u00eatre.\u2009\u00bb<\/span><\/p>\n<p class=\"p2\"><span class=\"s1\">Son but \u00e9tait de prouver qu\u2019une telle blessure pouvait \u00eatre surmont\u00e9e et de se r\u00e9tablir suffisamment pour retourner en Afghanistan. Sa r\u00e9adaptation dans le cadre du programme Sans limites des Forces arm\u00e9es canadiennes porta fruit rapidement.<\/span><\/p>\n<p class=\"p2\"><span class=\"s1\">\u00ab\u2009L\u2019introduction de sports adapt\u00e9s, mais aussi la participation \u00e0 des comp\u00e9titions sportives de bon calibre [\u2026] m&#8217;ont permis de mettre en perspective ma blessure et mes capacit\u00e9s\u2009\u00bb, dit-il.<\/span><\/p>\n<p class=\"p2\"><span class=\"s1\">Il r\u00e9apprit \u00e0 courir et \u00e0 faire du v\u00e9lo, et il continua son service en tant qu\u2019officier d\u2019infanterie.<\/span><\/p>\n<div class=\"caption_img\">\r\n        <a href=\"https:\/\/legionmagazine.com\/fr\/wp-content\/uploads\/2021\/11\/20170925-1945ax.jpg\"><img decoding=\"async\" class=\"wp-image-5908 size-full\" src=\"https:\/\/legionmagazine.com\/fr\/wp-content\/uploads\/2021\/11\/20170925-1945ax.jpg\" alt=\"\" width=\"800\" height=\"798\" srcset=\"https:\/\/legionmagazine.com\/fr\/wp-content\/uploads\/2021\/11\/20170925-1945ax.jpg 800w, https:\/\/legionmagazine.com\/fr\/wp-content\/uploads\/2021\/11\/20170925-1945ax-300x300.jpg 300w, https:\/\/legionmagazine.com\/fr\/wp-content\/uploads\/2021\/11\/20170925-1945ax-150x150.jpg 150w, https:\/\/legionmagazine.com\/fr\/wp-content\/uploads\/2021\/11\/20170925-1945ax-768x766.jpg 768w, https:\/\/legionmagazine.com\/fr\/wp-content\/uploads\/2021\/11\/20170925-1945ax-600x600.jpg 600w, https:\/\/legionmagazine.com\/fr\/wp-content\/uploads\/2021\/11\/20170925-1945ax-400x400.jpg 400w\" sizes=\"(max-width: 800px) 100vw, 800px\" \/><\/a>\r\n        <div class=\"caption\">\r\n            <span>Mailloux sur la derni\u00e8re droite \u00e0 la course de 1 500 m\u00e8tres des jeux Invictus de 2017. <\/span>\r\n            \r\n        <div class=\"credit\">\r\n            <span>Stephen J. Thorne\/Legion Magazine<\/span>\r\n        <\/div>\r\n\r\n        <\/div>\r\n        \r\n    <\/div>\n<p class=\"p2\"><span class=\"s1\">Mailloux fut promu au grade de capitaine, il retourna <\/span><span class=\"s2\">en Afghanistan et rejoignit <\/span><span class=\"s1\">l\u2019\u00e9tat-major de la force op\u00e9rationnelle Kandahar en tant qu\u2019officier de planification. Cependant, il ne s\u2019\u00e9coula pas deux semaines avant qu\u2019il retourne en patrouille. Il termina son tour de neuf mois, devenant le premier soldat canadien \u00e0 reprendre le service militaire apr\u00e8s une amputation. \u00ab\u2009J\u2019ai\u00a0boucl\u00e9 la boucle\u2009\u00bb, dit-il.<\/span><\/p>\n<p class=\"p2\"><span class=\"s2\">La M\u00e9daille du jubil\u00e9 de diamant de la reine Elizabeth II<\/span> fut d\u00e9cern\u00e9e \u00e0 Mailloux en\u00a02012 pour ses qualit\u00e9s de\u00a0chef et son engagement envers les soldats bless\u00e9s en\u00a0Afghanistan.<span class=\"Apple-converted-space\">\u00a0<\/span><\/p>\n<p class=\"p2\">Il obtint par la suite des maitrises au CMR et \u00e0 l\u2019Universit\u00e9 de Glasgow. Toujours athl\u00e9tique, il prend souvent part aux Courses de l\u2019Arm\u00e9e. En 2016, il a disput\u00e9 des \u00e9preuves sur piste, des tournois de volleyball assis et des courses d\u2019aviron aux jeux Invictus, \u00e9v\u00e8nement sportif international pour les anciens combattants bless\u00e9s. Il a ensuite \u00e9t\u00e9 cocapitaine de l\u2019\u00e9quipe canadienne aux jeux Invictus de 2017, \u00e0 Toronto. Il poursuit ses activit\u00e9s b\u00e9n\u00e9voles aupr\u00e8s du programme Sans limites, o\u00f9 il sert de mod\u00e8le et d\u2019inspiration aux anciens combattants bless\u00e9s du Canada.<\/p>\n<p class=\"p2\">Cette ann\u00e9e, Mailloux, qui est maintenant major et officier d\u2019\u00e9tat-major \u00e0 Ottawa, en\u00a0est \u00e0 sa 20<sup>e<\/sup> ann\u00e9e de service militaire.<\/p>\n<p class=\"p2\">\u00ab\u2009Je ne regrette rien. M\u00eame si \u00e7a m\u2019a cout\u00e9 une jambe. \u00c7a a fait de moi qui je suis aujourd\u2019hui\u2026 La personne qui a mis cette bombe sous notre v\u00e9hicule [\u2026] ne m\u2019a pas vaincu.\u2009\u00bb<span class=\"Apple-converted-space\">\u00a0<\/span><\/p>\n","protected":false},"excerpt":{"rendered":"<p>Simon Mailloux est le premier soldat canadien \u00e0\u00a0avoir repris le service militaire apr\u00e8s une amputation\u00a0 Depuis sa plus tendre enfance \u00e0 Qu\u00e9bec, Simon Mailloux voulait \u00eatre soldat. Son d\u00e9sir fut exauc\u00e9, et son parcours, en temps de guerre et en temps de paix, a comport\u00e9 sacrifice, r\u00e9silience et triomphe. Malgr\u00e9 tout ce dont il a [&hellip;]<\/p>\n","protected":false},"author":54,"featured_media":5908,"comment_status":"closed","ping_status":"open","sticky":false,"template":"","format":"standard","meta":{"footnotes":""},"categories":[3],"tags":[],"class_list":["post-5906","post","type-post","status-publish","format-standard","has-post-thumbnail","hentry","category-articles-principaux"],"_links":{"self":[{"href":"https:\/\/legionmagazine.com\/fr\/wp-json\/wp\/v2\/posts\/5906","targetHints":{"allow":["GET"]}}],"collection":[{"href":"https:\/\/legionmagazine.com\/fr\/wp-json\/wp\/v2\/posts"}],"about":[{"href":"https:\/\/legionmagazine.com\/fr\/wp-json\/wp\/v2\/types\/post"}],"author":[{"embeddable":true,"href":"https:\/\/legionmagazine.com\/fr\/wp-json\/wp\/v2\/users\/54"}],"replies":[{"embeddable":true,"href":"https:\/\/legionmagazine.com\/fr\/wp-json\/wp\/v2\/comments?post=5906"}],"version-history":[{"count":0,"href":"https:\/\/legionmagazine.com\/fr\/wp-json\/wp\/v2\/posts\/5906\/revisions"}],"wp:featuredmedia":[{"embeddable":true,"href":"https:\/\/legionmagazine.com\/fr\/wp-json\/wp\/v2\/media\/5908"}],"wp:attachment":[{"href":"https:\/\/legionmagazine.com\/fr\/wp-json\/wp\/v2\/media?parent=5906"}],"wp:term":[{"taxonomy":"category","embeddable":true,"href":"https:\/\/legionmagazine.com\/fr\/wp-json\/wp\/v2\/categories?post=5906"},{"taxonomy":"post_tag","embeddable":true,"href":"https:\/\/legionmagazine.com\/fr\/wp-json\/wp\/v2\/tags?post=5906"}],"curies":[{"name":"wp","href":"https:\/\/api.w.org\/{rel}","templated":true}]}}