{"id":5827,"date":"2021-09-24T10:07:06","date_gmt":"2021-09-24T14:07:06","guid":{"rendered":"https:\/\/legionmagfren.wpengine.com\/?p=5827"},"modified":"2021-09-24T10:08:57","modified_gmt":"2021-09-24T14:08:57","slug":"accelerer-la-cadence","status":"publish","type":"post","link":"https:\/\/legionmagazine.com\/fr\/2021\/09\/accelerer-la-cadence\/","title":{"rendered":"Acc\u00e9l\u00e9rer la cadence"},"content":{"rendered":"<p class=\"p1\"><span class=\"s1\"><b>Les arri\u00e9r\u00e9s<\/b> concernant les \u00a0demandes d\u2019avantages adress\u00e9es \u00e0 Anciens combattants Canada sont plus qu\u2019exasp\u00e9rants.<\/span><\/p>\n<p class=\"p2\"><span class=\"s1\">Malgr\u00e9 les bonnes intentions, bien qu\u2019on accorde d\u2019autres fonds et qu\u2019on embauche des gens pour r\u00e9gler le probl\u00e8me, les retards perdurent et si l\u2019on en croit les pr\u00e9dictions des d\u00e9fenseurs des anciens combattants, ils sont m\u00eame sur le point d\u2019augmenter maintenant que la pand\u00e9mie s\u2019estompe.<\/span><\/p>\n<p class=\"p2\"><span class=\"s1\">Anciens combattants Canada a fix\u00e9 \u00e0 16 semaines le d\u00e9lai normal pour la prise de d\u00e9cision dans le cas de 80 % des demandes, cible qu\u2019il n\u2019a atteinte que dans le cas de moins d\u2019une demande sur quatre en 2019-2020. C\u2019\u00e9tait une diminution de 37\u00a0% par rapport \u00e0 l\u2019ann\u00e9e pr\u00e9c\u00e9dente.<\/span><\/p>\n<p class=\"p2\"><span class=\"s1\">La raison de ces retards est simple : le minist\u00e8re est inond\u00e9 de demandes. De nouveaux avantages ont vu le jour, l\u2019admissibilit\u00e9 \u00e0 d\u2019autres avantages s\u2019est \u00e9largie, et les militaires, les membres r\u00e9guliers de <\/span><span class=\"s2\">la GRC et les anciens combattants sont mieux tenus au courant des avantages qui leur sont offerts.<\/span><\/p>\n<p class=\"p2\"><span class=\"s2\">Le gouvernement a consacr\u00e9 presque 200 millions de dollars pour r\u00e9gler le probl\u00e8me, et ACC garde les 168 arbitres qu\u2019il a pris \u00e0 son service en 2018. Et il a embauch\u00e9 350 personnes de plus.<\/span><\/p>\n<p class=\"p2\"><span class=\"s2\">Le minist\u00e8re rapporte qu\u2019il a form\u00e9\u00a0des \u00e9quipes pour diriger les <\/span><span class=\"s1\">demandes de prestation, pouss\u00e9 la num\u00e9risation des fichiers pour acc\u00e9l\u00e9rer leur traitement et am\u00e9lior\u00e9 la transmission des renseignements des FAC et de la GRC.<\/span><\/p>\n<p class=\"p2\"><span class=\"s1\">Ces mesures ont r\u00e9duit les arri\u00e9r\u00e9s au cours de l\u2019ann\u00e9e finissant le 31\u00a0mars 2021, mais il restait quand m\u00eame 15 214 demandes en attente. Certains anciens combattants attendaient une d\u00e9cision depuis 2019, dit M. Ray McInnis, directeur des services aux anciens combattants \u00e0 la L\u00e9gion royale canadienne.<\/span><\/p>\n<p class=\"p2\"><span class=\"s1\">Le directeur parlementaire du budget estime que, gr\u00e2ce aux ressources actuelles, les arri\u00e9r\u00e9s seront r\u00e9sorb\u00e9s d\u2019ici 2022. Cependant, ils empireront si les employ\u00e9s suppl\u00e9mentaires sont mis en disponibilit\u00e9. Si le personnel suppl\u00e9mentaire est gard\u00e9 tout au long de l\u2019ann\u00e9e 2022, les arri\u00e9r\u00e9s seront \u00e9limin\u00e9s d\u2019ici le d\u00e9but de 2023.<\/span><\/p>\n<blockquote>\n<p class=\"p1\">PENDANT CE TEMPS, LES PROBL\u00c8MES GRAVES PEUVENT EMPIRER ET DEVENIR DES <span class=\"s1\"><b>AFFECTIONS CHRONIQUES<\/b><\/span>.<\/p>\n<\/blockquote>\n<p class=\"p2\"><span class=\"s1\">La main-d\u2019\u0153uvre et les fonds suppl\u00e9mentaires seront certainement utiles pour r\u00e9gler le probl\u00e8me. Une m\u00e9thode novatrice le serait aussi.<\/span><\/p>\n<p class=\"p2\"><span class=\"s2\">Le syst\u00e8me d\u2019avantages pour les anciens combattants a \u00e9t\u00e9 con\u00e7u apr\u00e8s la Deuxi\u00e8me Guerre mondiale, lorsque plus d\u2019un million d\u2019hommes et de femmes quittaient l\u2019uniforme. Des exigences d\u2019admissibilit\u00e9 complexes \u00e9taient indispensables pour \u00e9liminer les escrocs et assurer l\u2019\u00e9quit\u00e9.<\/span><\/p>\n<p class=\"p2\"><span class=\"s1\">Les besoins ont chang\u00e9 au cours des sept derni\u00e8res d\u00e9cennies, et la soci\u00e9t\u00e9 s\u2019attend \u00e0 ce qu\u2019on agisse rapidement, de crainte que les anciens combattants en difficult\u00e9 financi\u00e8re retardent leurs soins en attendant une d\u00e9cision. Pendant ce temps, les probl\u00e8mes graves peuvent empirer et devenir des affections chroniques.<\/span><\/p>\n<p class=\"p2\"><span class=\"s2\">L\u2019innovation est n\u00e9cessaire. L\u2019agr\u00e9ment pr\u00e9alable automatique relatif \u00e0 certaines demandes de prestations d\u2019invalidit\u00e9 est une des options que soutiennent le Comit\u00e9 permanent des anciens combattants (CPAC), la L\u00e9gion et\u00a0le Conseil national des associations d\u2019anciens combattants.<\/span><\/p>\n<p class=\"p2\"><span class=\"s1\">Il n\u2019y a pas grand risque \u00e0 admettre <\/span><span class=\"s2\">que la perte auditive d\u2019un artilleur soit li\u00e9e au feu des canons et aux explosions, ou que des l\u00e9sions aux genoux soient li\u00e9es aux sauts en parachute, comme on le lit dans certaines premi\u00e8res demandes. Ou que ces affections empirent au fil du temps. Selon les statistiques d\u2019ACC, 80 % des premi\u00e8res demandes sont approuv\u00e9es.<\/span><\/p>\n<p class=\"p2\"><span class=\"s2\">Mais ACC fait remarquer que la l\u00e9gislation canadienne actuelle oblige les anciens combattants \u00e0 prouver que leur limitation fonctionnelle r\u00e9sulte de leur service ou qu\u2019elle \u00e9t\u00e9 aggrav\u00e9e par lui.<\/span><\/p>\n<p class=\"p2\"><span class=\"s1\">Le minist\u00e8re a convenu d\u2019enqu\u00eater sur la mani\u00e8re dont l\u2019agr\u00e9ment pr\u00e9a<\/span><span class=\"s2\">lable fonctionne dans d\u2019autres pays, mais nous conseillons aux anciens combattants de ne pas retenir leur souffle. Il faut acc\u00e9l\u00e9rer la cadence.<\/span><\/p>\n<p class=\"p2\"><span class=\"s2\">\u00ab Ceci n\u00e9cessite des efforts comme \u00e0 la guerre \u00bb, a d\u00e9clar\u00e9 le d\u00e9put\u00e9 qu\u00e9b\u00e9cois Luc Desilets lors d\u2019une r\u00e9union du CPAC le 12\u00a0novembre 2020. Nous sommes d\u2019accord. Il y a eu des progr\u00e8s, mais vraiment pas assez, et ils sont beaucoup trop lents.<span class=\"Apple-converted-space\">\u00a0<\/span><\/span><\/p>\n","protected":false},"excerpt":{"rendered":"<p>Les arri\u00e9r\u00e9s concernant les \u00a0demandes d\u2019avantages adress\u00e9es \u00e0 Anciens combattants Canada sont plus qu\u2019exasp\u00e9rants. Malgr\u00e9 les bonnes intentions, bien qu\u2019on accorde d\u2019autres fonds et qu\u2019on embauche des gens pour r\u00e9gler le probl\u00e8me, les retards perdurent et si l\u2019on en croit les pr\u00e9dictions des d\u00e9fenseurs des anciens combattants, ils sont m\u00eame sur le point d\u2019augmenter maintenant [&hellip;]<\/p>\n","protected":false},"author":48,"featured_media":5794,"comment_status":"closed","ping_status":"open","sticky":false,"template":"","format":"standard","meta":{"footnotes":""},"categories":[20],"tags":[],"class_list":["post-5827","post","type-post","status-publish","format-standard","has-post-thumbnail","hentry","category-editorial"],"_links":{"self":[{"href":"https:\/\/legionmagazine.com\/fr\/wp-json\/wp\/v2\/posts\/5827","targetHints":{"allow":["GET"]}}],"collection":[{"href":"https:\/\/legionmagazine.com\/fr\/wp-json\/wp\/v2\/posts"}],"about":[{"href":"https:\/\/legionmagazine.com\/fr\/wp-json\/wp\/v2\/types\/post"}],"author":[{"embeddable":true,"href":"https:\/\/legionmagazine.com\/fr\/wp-json\/wp\/v2\/users\/48"}],"replies":[{"embeddable":true,"href":"https:\/\/legionmagazine.com\/fr\/wp-json\/wp\/v2\/comments?post=5827"}],"version-history":[{"count":0,"href":"https:\/\/legionmagazine.com\/fr\/wp-json\/wp\/v2\/posts\/5827\/revisions"}],"wp:featuredmedia":[{"embeddable":true,"href":"https:\/\/legionmagazine.com\/fr\/wp-json\/wp\/v2\/media\/5794"}],"wp:attachment":[{"href":"https:\/\/legionmagazine.com\/fr\/wp-json\/wp\/v2\/media?parent=5827"}],"wp:term":[{"taxonomy":"category","embeddable":true,"href":"https:\/\/legionmagazine.com\/fr\/wp-json\/wp\/v2\/categories?post=5827"},{"taxonomy":"post_tag","embeddable":true,"href":"https:\/\/legionmagazine.com\/fr\/wp-json\/wp\/v2\/tags?post=5827"}],"curies":[{"name":"wp","href":"https:\/\/api.w.org\/{rel}","templated":true}]}}