{"id":5550,"date":"2020-11-01T14:20:26","date_gmt":"2020-11-01T18:20:26","guid":{"rendered":"https:\/\/legionmagfren.wpengine.com\/?p=5550"},"modified":"2021-03-31T11:57:43","modified_gmt":"2021-03-31T15:57:43","slug":"instantanes-benevolat-dans-la-communaute-nov-dec-2020","status":"publish","type":"post","link":"https:\/\/legionmagazine.com\/fr\/2020\/11\/instantanes-benevolat-dans-la-communaute-nov-dec-2020\/","title":{"rendered":"Instantan\u00e9s \u2013 B\u00e9n\u00e9volat dans la communaut\u00e9 (Nov\/D\u00e9c 2020)"},"content":{"rendered":"<div class=\"caption_img\">\r\n        <img fetchpriority=\"high\" decoding=\"async\" class=\"wp-image-5551 size-full\" src=\"https:\/\/legionmagazine.com\/fr\/wp-content\/uploads\/2021\/03\/65261.jpg\" alt=\"\" width=\"800\" height=\"749\" srcset=\"https:\/\/legionmagazine.com\/fr\/wp-content\/uploads\/2021\/03\/65261.jpg 800w, https:\/\/legionmagazine.com\/fr\/wp-content\/uploads\/2021\/03\/65261-300x281.jpg 300w, https:\/\/legionmagazine.com\/fr\/wp-content\/uploads\/2021\/03\/65261-768x719.jpg 768w\" sizes=\"(max-width: 800px) 100vw, 800px\" \/>\r\n        <div class=\"caption\">\r\n            <span>Pour la 12e ann\u00e9e, la Filiale 173 de Montr\u00e9al-Est a soulign\u00e9 le 9 aout 2020 la journ\u00e9e des Gardiens de la Paix en hissant le drapeau des Nations Unies au parc Rom\u00e9o Dallaire en compagnie de dignitaires et de membres d\u2019association de V\u00e9t\u00e9rans.<\/span>\r\n            \r\n        <div class=\"credit\">\r\n            <span><\/span>\r\n        <\/div>\r\n\r\n        <\/div>\r\n        \r\n    <\/div>\n<div class=\"caption_img\">\r\n        <img decoding=\"async\" class=\"wp-image-5552 size-full\" src=\"https:\/\/legionmagazine.com\/fr\/wp-content\/uploads\/2021\/03\/65251.jpg\" alt=\"\" width=\"800\" height=\"570\" srcset=\"https:\/\/legionmagazine.com\/fr\/wp-content\/uploads\/2021\/03\/65251.jpg 800w, https:\/\/legionmagazine.com\/fr\/wp-content\/uploads\/2021\/03\/65251-300x214.jpg 300w, https:\/\/legionmagazine.com\/fr\/wp-content\/uploads\/2021\/03\/65251-768x547.jpg 768w\" sizes=\"(max-width: 800px) 100vw, 800px\" \/>\r\n        <div class=\"caption\">\r\n            <span>Le 13 aout 2020, la Filiale 003 de Baie-Comeau a particip\u00e9 pour la 27e\u00a0ann\u00e9e au tournoi annuel de golf pour soutenir la maison de fin de vie La Vall\u00e9e des Roseaux. De gauche \u00e0 droite, camarades Andr\u00e9 Landry, Beno\u00eet Roy et Yvon Boudreau et Hubert Landry, directeur du comit\u00e9 des sports de la Filiale, qui ont pris part \u00e0 cet \u00e9v\u00e9nement de soutien aux services communautaires de la r\u00e9gion.<\/span>\r\n            \r\n        <div class=\"credit\">\r\n            <span><\/span>\r\n        <\/div>\r\n\r\n        <\/div>\r\n        \r\n    <\/div>\n","protected":false},"excerpt":{"rendered":"","protected":false},"author":1,"featured_media":5552,"comment_status":"closed","ping_status":"open","sticky":false,"template":"","format":"standard","meta":{"footnotes":""},"categories":[3],"tags":[],"class_list":["post-5550","post","type-post","status-publish","format-standard","has-post-thumbnail","hentry","category-articles-principaux"],"_links":{"self":[{"href":"https:\/\/legionmagazine.com\/fr\/wp-json\/wp\/v2\/posts\/5550","targetHints":{"allow":["GET"]}}],"collection":[{"href":"https:\/\/legionmagazine.com\/fr\/wp-json\/wp\/v2\/posts"}],"about":[{"href":"https:\/\/legionmagazine.com\/fr\/wp-json\/wp\/v2\/types\/post"}],"author":[{"embeddable":true,"href":"https:\/\/legionmagazine.com\/fr\/wp-json\/wp\/v2\/users\/1"}],"replies":[{"embeddable":true,"href":"https:\/\/legionmagazine.com\/fr\/wp-json\/wp\/v2\/comments?post=5550"}],"version-history":[{"count":0,"href":"https:\/\/legionmagazine.com\/fr\/wp-json\/wp\/v2\/posts\/5550\/revisions"}],"wp:featuredmedia":[{"embeddable":true,"href":"https:\/\/legionmagazine.com\/fr\/wp-json\/wp\/v2\/media\/5552"}],"wp:attachment":[{"href":"https:\/\/legionmagazine.com\/fr\/wp-json\/wp\/v2\/media?parent=5550"}],"wp:term":[{"taxonomy":"category","embeddable":true,"href":"https:\/\/legionmagazine.com\/fr\/wp-json\/wp\/v2\/categories?post=5550"},{"taxonomy":"post_tag","embeddable":true,"href":"https:\/\/legionmagazine.com\/fr\/wp-json\/wp\/v2\/tags?post=5550"}],"curies":[{"name":"wp","href":"https:\/\/api.w.org\/{rel}","templated":true}]}}