{"id":5324,"date":"2021-01-02T11:02:13","date_gmt":"2021-01-02T15:02:13","guid":{"rendered":"https:\/\/legionmagfren.wpengine.com\/?p=5324"},"modified":"2021-03-31T12:35:44","modified_gmt":"2021-03-31T16:35:44","slug":"une-vague-dinitiatives-p3","status":"publish","type":"post","link":"https:\/\/legionmagazine.com\/fr\/2021\/01\/une-vague-dinitiatives-p3\/","title":{"rendered":"Une vague d\u2019initiatives"},"content":{"rendered":"<p class=\"p1\"><b>Le jour du Souvenir <\/b>a \u00e9t\u00e9 vraiment diff\u00e9rent en 2020. La c\u00e9r\u00e9monie au Monument comm\u00e9moratif de guerre du Canada \u00e0 Ottawa a suivi un protocole strict avec un nombre restreint de participants. Le grand public avait \u00e9t\u00e9 invit\u00e9 \u00e0 se tenir \u00e0 l\u2019\u00e9cart, \u00e0 suivre le d\u00e9roulement \u00e0 la t\u00e9l\u00e9vision et \u00e0 trouver d\u2019autres moyens respectueux des pr\u00e9cautions <span class=\"s1\">sanitaires de rendre hommage aux <\/span>anciens combattants du Canada.<\/p>\n<p class=\"p1\">La journ\u00e9e a \u00e9t\u00e9 ponctu\u00e9e de plusieurs gestes de soutien envers les anciens combattants.<\/p>\n<p class=\"p1\">Le plus important est un fonds f\u00e9d\u00e9ral sp\u00e9cial pour les organisations d\u2019anciens combattants dont les finances ont \u00e9t\u00e9 affect\u00e9es par <span class=\"s1\">les restrictions li\u00e9es \u00e0 la COVID-19. <\/span>Pour de nombreuses filiales de la L\u00e9gion, le besoin d\u2019un tel appui \u00e9tait devenu critique.<\/p>\n<p class=\"p1\">La L\u00e9gion a re\u00e7u 14 des 20 millions de dollars du programme d\u2019aide annonc\u00e9 le 10 novembre.<\/p>\n<p class=\"p1\">\u00ab\u2009Vu le soutien essentiel qu\u2019elles fournissent aux anciens combattants et le r\u00f4le important qu\u2019elles jouent dans un grand nombre de nos collectivit\u00e9s, a d\u00e9clar\u00e9 le ministre des Anciens Combattants, Lawrence MacAulay, notre gouvernement veut faire en sorte que les filiales de la L\u00e9gion aient le soutien dont elles ont besoin pour survivre \u00e0 cette pand\u00e9mie.\u2009\u00bb<\/p>\n<p class=\"p1\">Les fonds sont g\u00e9r\u00e9s par l\u2019administration centrale de la L\u00e9gion en consultation avec les directions r\u00e9gionales, et ils sont transf\u00e9r\u00e9s directement par l\u2019administration centrale aux filiales par virement \u00e9lectronique.<\/p>\n<p class=\"p1\">\u00ab\u2009C\u2019est le meilleur moyen pour faire parvenir l\u2019argent o\u00f9 on en a besoin le plus rapidement possible\u2009\u00bb, a d\u00e9clar\u00e9 le pr\u00e9sident national, Tom Irvine.<\/p>\n<p>&nbsp;<\/p>\n<p class=\"p1\"><b>Une nouvelle<\/b> ombudsman des anciens combattants a \u00e9galement \u00e9t\u00e9 annonc\u00e9e en novembre. La colonelle Nishika Jardine a servi pendant 37 ans dans le Corps du G\u00e9nie \u00e9lectrique et m\u00e9canique royal canadien (GEMRC). Elle a command\u00e9 l\u2019\u00e9cole du GEMRC de 2008 \u00e0 2010, et elle a \u00e9t\u00e9 d\u00e9p\u00each\u00e9e en Afghanistan dans le cadre de l\u2019op\u00e9ration Athena.<\/p>\n<p class=\"p1\">\u00ab\u2009Je suis impatiente de me mettre \u00e0 l\u2019\u0153uvre au Bureau de l\u2019ombudsman des v\u00e9t\u00e9rans, dit-elle, pour que les anciens combattants et leurs familles soient trait\u00e9s de fa\u00e7on \u00e9quitable.\u2009\u00bb<\/p>\n<p class=\"p1\">Jardine fait face \u00e0 une t\u00e2che ardue pour garantir que son bureau soit libre de toute influence; son pr\u00e9d\u00e9cesseur a d\u00e9missionn\u00e9 parce qu\u2019il \u00e9tait frustr\u00e9 du manque d\u2019ind\u00e9pendance.<\/p>\n<p>&nbsp;<\/p>\n<p class=\"p1\"><b>Une innovation<\/b> a eu lieu en novembre avec la mise \u00e0 l\u2019essai de nouvelles boites de collecte de dons du coquelicot. La Banque HSBC Canada s\u2019est associ\u00e9e \u00e0 la L\u00e9gion et a produit plus de 250 boites de coquelicots du souvenir \u00e9quip\u00e9es de lecteurs de cartes ou applis de paiement sans contact, qu\u2019elle a distribu\u00e9es \u00e0 ses succursales au Canada, \u00e0 des d\u00e9taillants et \u00e0 des filiales de la L\u00e9gion de la r\u00e9gion d\u2019Ottawa.<\/p>\n<p class=\"p1\">Par ailleurs, un nouvel hommage artistique aux anciens combattants a \u00e9t\u00e9 d\u00e9voil\u00e9 : un portrait du v\u00e9t\u00e9ran<i> <\/i>de la Seconde Guerre mondiale Philip Favel.<\/p>\n<p class=\"p1\">M. Favel, \u00e2g\u00e9 de 98 ans, a servi outre-mer dans le Corps royal de l\u2019intendance de l\u2019Arm\u00e9e canadienne de 1943 \u00e0 1945, o\u00f9 il fournissait des munitions et du carburant aux soldats au front en Normandie. Apr\u00e8s la guerre, il s\u2019est battu pour octroyer une juste compensation aux anciens combattants autochtones.<\/p>\n<p class=\"p1\">Son portrait, intitul\u00e9 \u00ab\u2009Normandy Warrior\u2009\u00bb (guerrier de Normandie, NDT) a \u00e9t\u00e9 peint par l\u2019artiste d\u2019Ottawa Elaine Goble, puis donn\u00e9 au Mus\u00e9e canadien de la guerre. Il a \u00e9t\u00e9 d\u00e9voil\u00e9 le 8 novembre, Journ\u00e9e des v\u00e9t\u00e9rans autochtones.<\/p>\n<p>&nbsp;<\/p>\n<p class=\"p1\"><span class=\"s1\"><b>\u00c0 leur fa\u00e7on<\/b>, ces exemples montrent l\u2019estime port\u00e9e \u00e0 nos anciens combattants, et pas seulement ceux qui ont l\u2019exp\u00e9rience du champ de bataille. Les militaires font toutes sortes de bonnes \u0153uvres dans de nombreux domaines. Les Canadiens ont trouv\u00e9 de multiples fa\u00e7ons de se r\u00e9unir \u00e0 nouveau, au sens figur\u00e9, pour leur rendre hommage et les remercier.<span class=\"Apple-converted-space\">\u00a0<\/span><\/span><\/p>\n","protected":false},"excerpt":{"rendered":"<p>Le jour du Souvenir a \u00e9t\u00e9 vraiment diff\u00e9rent en 2020. La c\u00e9r\u00e9monie au Monument comm\u00e9moratif de guerre du Canada \u00e0 Ottawa a suivi un protocole strict avec un nombre restreint de participants. Le grand public avait \u00e9t\u00e9 invit\u00e9 \u00e0 se tenir \u00e0 l\u2019\u00e9cart, \u00e0 suivre le d\u00e9roulement \u00e0 la t\u00e9l\u00e9vision et \u00e0 trouver d\u2019autres moyens [&hellip;]<\/p>\n","protected":false},"author":1,"featured_media":5461,"comment_status":"closed","ping_status":"open","sticky":false,"template":"","format":"standard","meta":{"footnotes":""},"categories":[20],"tags":[],"class_list":["post-5324","post","type-post","status-publish","format-standard","has-post-thumbnail","hentry","category-editorial"],"_links":{"self":[{"href":"https:\/\/legionmagazine.com\/fr\/wp-json\/wp\/v2\/posts\/5324","targetHints":{"allow":["GET"]}}],"collection":[{"href":"https:\/\/legionmagazine.com\/fr\/wp-json\/wp\/v2\/posts"}],"about":[{"href":"https:\/\/legionmagazine.com\/fr\/wp-json\/wp\/v2\/types\/post"}],"author":[{"embeddable":true,"href":"https:\/\/legionmagazine.com\/fr\/wp-json\/wp\/v2\/users\/1"}],"replies":[{"embeddable":true,"href":"https:\/\/legionmagazine.com\/fr\/wp-json\/wp\/v2\/comments?post=5324"}],"version-history":[{"count":0,"href":"https:\/\/legionmagazine.com\/fr\/wp-json\/wp\/v2\/posts\/5324\/revisions"}],"wp:featuredmedia":[{"embeddable":true,"href":"https:\/\/legionmagazine.com\/fr\/wp-json\/wp\/v2\/media\/5461"}],"wp:attachment":[{"href":"https:\/\/legionmagazine.com\/fr\/wp-json\/wp\/v2\/media?parent=5324"}],"wp:term":[{"taxonomy":"category","embeddable":true,"href":"https:\/\/legionmagazine.com\/fr\/wp-json\/wp\/v2\/categories?post=5324"},{"taxonomy":"post_tag","embeddable":true,"href":"https:\/\/legionmagazine.com\/fr\/wp-json\/wp\/v2\/tags?post=5324"}],"curies":[{"name":"wp","href":"https:\/\/api.w.org\/{rel}","templated":true}]}}