{"id":5219,"date":"2020-09-09T16:27:25","date_gmt":"2020-09-09T20:27:25","guid":{"rendered":"https:\/\/legionmagfren.wpengine.com\/?p=5219"},"modified":"2021-03-31T11:35:58","modified_gmt":"2021-03-31T15:35:58","slug":"a-t-on-eu-raison-daccorder-le-passage-libre-jusqua-cuba-aux-ravisseurs-de-james-cross","status":"publish","type":"post","link":"https:\/\/legionmagazine.com\/fr\/2020\/09\/a-t-on-eu-raison-daccorder-le-passage-libre-jusqua-cuba-aux-ravisseurs-de-james-cross\/","title":{"rendered":"A-t-on eu raison d\u2019accorder le passage libre jusqu\u2019\u00e0 Cuba aux ravisseurs de James Cross?"},"content":{"rendered":"<div class=\"caption_img\">\r\n        <img fetchpriority=\"high\" decoding=\"async\" class=\"wp-image-5227 size-full\" src=\"https:\/\/legionmagazine.com\/fr\/wp-content\/uploads\/2021\/03\/jenish_final_v4.jpg\" alt=\"\" width=\"800\" height=\"770\" srcset=\"https:\/\/legionmagazine.com\/fr\/wp-content\/uploads\/2021\/03\/jenish_final_v4.jpg 800w, https:\/\/legionmagazine.com\/fr\/wp-content\/uploads\/2021\/03\/jenish_final_v4-300x289.jpg 300w, https:\/\/legionmagazine.com\/fr\/wp-content\/uploads\/2021\/03\/jenish_final_v4-768x739.jpg 768w\" sizes=\"(max-width: 800px) 100vw, 800px\" \/>\r\n        <div class=\"caption\">\r\n            <span><\/span>\r\n            \r\n        <div class=\"credit\">\r\n            <span>Joel Kimmel<\/span>\r\n        <\/div>\r\n\r\n        <\/div>\r\n        \r\n    <\/div>\n<h2 style=\"text-align: center;\"><strong><i>D&#8217;Arcy Jenish dit que OUI<\/i><\/strong><\/h2>\n<p><b>Aux premi\u00e8res <\/b><span style=\"font-weight: 400;\">heures du matin, le 3 d\u00e9cembre 1970, des dizaines de policiers et de soldats arm\u00e9s jusqu\u2019aux dents ont encercl\u00e9 une maison modeste \u00e0 Montr\u00e9al-Nord o\u00f9, pendant pr\u00e8s de deux mois, le diplomate britannique James Cross avait \u00e9t\u00e9 tenu en otage par une bande de soi-disant r\u00e9volutionnaires qui formaient une cellule du Front de lib\u00e9ration du Qu\u00e9bec.\u00a0\u00a0<\/span><\/p>\n<blockquote><p><strong>Ils ont opt\u00e9 pour une fa\u00e7on raisonnable de mener la crise de l&#8217;enl\u00e8vement \u00e0 une conclusion pacificque.<\/strong><\/p><\/blockquote>\n<p><span style=\"font-weight: 400;\">Leur situation \u00e9tait d\u00e9sesp\u00e9r\u00e9e, mais les kidnappeurs demeuraient r\u00e9fractaires. Ils ont averti les autorit\u00e9s par un communiqu\u00e9 \u00e9crit \u00e0 la main que si la police tentait de prendre leur planque d\u2019assaut avec des fusils ou du gaz lacrymog\u00e8ne, Cross serait le premier \u00e0 mourir. Et ils avaient deux carabines de calibre .30 \u00e0 canon tronqu\u00e9, deux armes de poing et huit livres de dynamite.<\/span><\/p>\n<p><span style=\"font-weight: 400;\">Plut\u00f4t que de risquer la vie du diplomate, les autorit\u00e9s ont accord\u00e9 aux kidnappeurs le passage libre jusqu\u2019\u00e0 Cuba en \u00e9change de sa lib\u00e9ration. Ils ont opt\u00e9 pour une fa\u00e7on raisonnable de mener la crise de l\u2019enl\u00e8vement \u00e0 une conclusion pacifique et le temps pass\u00e9 a prouv\u00e9 la sagesse de leur d\u00e9cision.<\/span><\/p>\n<div class=\"caption_img\">\r\n        <img decoding=\"async\" class=\"wp-image-5220 size-full\" src=\"https:\/\/legionmagazine.com\/fr\/wp-content\/uploads\/2021\/03\/James-Cross-2.jpg\" alt=\"\" width=\"800\" height=\"917\" srcset=\"https:\/\/legionmagazine.com\/fr\/wp-content\/uploads\/2021\/03\/James-Cross-2.jpg 800w, https:\/\/legionmagazine.com\/fr\/wp-content\/uploads\/2021\/03\/James-Cross-2-262x300.jpg 262w, https:\/\/legionmagazine.com\/fr\/wp-content\/uploads\/2021\/03\/James-Cross-2-768x880.jpg 768w\" sizes=\"(max-width: 800px) 100vw, 800px\" \/>\r\n        <div class=\"caption\">\r\n            <span><\/span>\r\n            \r\n        <div class=\"credit\">\r\n            <span>Jeff Goode, Toronto Star Archives 0041343f<\/span>\r\n        <\/div>\r\n\r\n        <\/div>\r\n        \r\n    <\/div>\n<p><b>L\u2019exil \u00e0 Cuba<\/b><span style=\"font-weight: 400;\"> a \u00e9t\u00e9 un cauchemar pour les kidnappeurs. Ils ont \u00e9t\u00e9 confin\u00e9s dans des h\u00f4tels \u00e0 La Havane pendant plusieurs mois d\u2019affil\u00e9e. Ils se sont atrocement ennuy\u00e9s.<\/span><\/p>\n<p><span style=\"font-weight: 400;\">Le groupe \u00e9tait min\u00e9 par les dissensions. Jacques Cossette-Trudel et sa femme, Louise Lanct\u00f4t, ont renonc\u00e9 au terrorisme, ce qui a provoqu\u00e9 une rupture entre eux et le fr\u00e8re de Louise, Jacques, qui \u00e9tait chef du gang.<\/span><\/p>\n<p><span style=\"font-weight: 400;\">\u00c0 l\u2019automne 1973, les exil\u00e9s voulaient tous d\u00e9sesp\u00e9r\u00e9ment partir de Cuba. En juillet 1974, les Cubains leur ont finalement fourni des documents de voyage et des billets d\u2019avion leur permettant de se rendre \u00e0 Prague et de l\u00e0, \u00e0 Paris.<\/span><\/p>\n<p><span style=\"font-weight: 400;\">Ils ont trouv\u00e9 la vie dans la capitale fran\u00e7aise lamentable, au moins les Lanct\u00f4t et les Cossette-Trudel, qui \u00e9taient coinc\u00e9s dans des emplois serviles bas de gamme et log\u00e9s dans des appartements miteux en banlieue. En outre, ils avaient r\u00e9ellement le mal du pays. Les Cossette-Trudel se sont hasard\u00e9s \u00e0 revenir en d\u00e9cembre 1978. Lanct\u00f4t et sa famille sont arriv\u00e9s en janvier 1979; Marc Carbonneau, en mai 1981 et Yves Langlois, en juin 1982.<\/span><\/p>\n<p><span style=\"font-weight: 400;\">Ils ont tous \u00e9t\u00e9 arr\u00eat\u00e9s imm\u00e9diatement \u00e0 leur atterrissage au Canada et accus\u00e9s de diverses infractions li\u00e9es \u00e0 l\u2019enl\u00e8vement de Cross. Ils ont comparu devant les tribunaux : Carbonneau a \u00e9t\u00e9 condamn\u00e9 \u00e0 20 mois, la sentence la plus l\u00e9g\u00e8re, et Lanct\u00f4t \u00e0 trois ans, la plus lourde, car c\u2019\u00e9tait lui le chef de cette faction criminelle et qu\u2019il \u00e9tait imp\u00e9nitent.<\/span><\/p>\n<p><span style=\"font-weight: 400;\">Parmi certains Montr\u00e9alais anglophones ainsi que dans les m\u00e9dias de langue anglaise, il y a eu des marmonnements de m\u00e9contentement relativement \u00e0 la perception d\u2019indulgence des tribunaux, mais la presse francophone a conclu que les cas avaient \u00e9t\u00e9 trait\u00e9s correctement.<\/span><\/p>\n<p><span style=\"font-weight: 400;\">Dans l\u2019ensemble, on peut dire que le cas des kidnappeurs de Cross a \u00e9t\u00e9 trait\u00e9 de fa\u00e7on appropri\u00e9e, d\u2019abord par les autorit\u00e9s canadiennes et ensuite par les tribunaux. Les autorit\u00e9s ont lib\u00e9r\u00e9 le diplomate sans bain de sang, et les tribunaux ont prononc\u00e9 des peines raisonnables selon lesquelles les ravisseurs ont tous \u00e9t\u00e9 derri\u00e8re les barreaux. L\u2019exil n\u2019\u00e9tait vraiment pas aussi sombre que le p\u00e9nitencier f\u00e9d\u00e9ral, mais leur vie \u00e0 Cuba et \u00e0 Paris avait \u00e9t\u00e9 mis\u00e9rable et ils sont revenus au Canada plus vieux, ch\u00e2ti\u00e9s et un peu plus sages.<\/span><\/p>\n<div class=\"caption_img\">\r\n        <img decoding=\"async\" class=\"wp-image-5232 size-full\" src=\"https:\/\/legionmagazine.com\/fr\/wp-content\/uploads\/2021\/03\/granastein_final_v3.jpg\" alt=\"\" width=\"800\" height=\"770\" srcset=\"https:\/\/legionmagazine.com\/fr\/wp-content\/uploads\/2021\/03\/granastein_final_v3.jpg 800w, https:\/\/legionmagazine.com\/fr\/wp-content\/uploads\/2021\/03\/granastein_final_v3-300x289.jpg 300w, https:\/\/legionmagazine.com\/fr\/wp-content\/uploads\/2021\/03\/granastein_final_v3-768x739.jpg 768w\" sizes=\"(max-width: 800px) 100vw, 800px\" \/>\r\n        <div class=\"caption\">\r\n            <span><\/span>\r\n            \r\n        <div class=\"credit\">\r\n            <span>Joel Kimmel<\/span>\r\n        <\/div>\r\n\r\n        <\/div>\r\n        \r\n    <\/div>\n<h2 style=\"text-align: center;\"><strong><i>J.L. Granatstein dit que NON<\/i><\/strong><\/h2>\n<p><b>Dans ses m\u00e9moires<\/b><span style=\"font-weight: 400;\">,<\/span> <i><span style=\"font-weight: 400;\">Beyond Reason<\/span><\/i><span style=\"font-weight: 400;\">, Margaret Trudeau a \u00e9crit que son mari l\u2019a avertie en octobre 1970 que si elle ou leur b\u00e9b\u00e9, Justin, \u00e9taient enlev\u00e9s, il ne n\u00e9gocierait pas leur lib\u00e9ration.<\/span><\/p>\n<p><span style=\"font-weight: 400;\">\u00ab Tu veux dire que tu les laisserais me tuer plut\u00f4t que d\u2019accepter leurs conditions? \u00bb lui a-t-elle demand\u00e9.<\/span><\/p>\n<p><span style=\"font-weight: 400;\">\u00ab Oui \u00bb, a r\u00e9pondu Pierre Trudeau. Autrement dit, le Canada ne n\u00e9gocierait jamais avec des terroristes.<\/span><\/p>\n<p><span style=\"font-weight: 400;\">Mais quand, le 5 octobre, le Front de lib\u00e9ration du Qu\u00e9bec s\u2019est empar\u00e9 de James Cross, d\u00e9l\u00e9gu\u00e9 commercial britannique \u00e0 Montr\u00e9al, et a rench\u00e9ri en enlevant le ministre qu\u00e9b\u00e9cois du Travail, Pierre Laporte, le Canada a en fait n\u00e9goci\u00e9 avec les terroristes et accord\u00e9 le passage libre jusqu\u2019\u00e0 Cuba aux ravisseurs de Cross.<\/span><\/p>\n<p><span style=\"font-weight: 400;\">La r\u00e9solution de Trudeau \u2013 \u00ab Regardez-moi faire \u00bb \u2013 et sa promulgation de la <\/span><i><span style=\"font-weight: 400;\">Loi sur les mesures de guerre<\/span><\/i><span style=\"font-weight: 400;\"> ont brouill\u00e9 la m\u00e9moire du public.<\/span><\/p>\n<p>&nbsp;<\/p>\n<p><b>La cellule du FLQ<\/b><span style=\"font-weight: 400;\"> qui s\u00e9questrait Cross a publi\u00e9 une liste de conditions en \u00e9change de sa lib\u00e9ration : arr\u00eater les recherches de la police les concernant; lib\u00e9rer 23 membres du FLQ qui \u00e9taient prisonniers \u00ab politiques \u00bb; diffuser leur manifeste; leur donner 500 000 $ en lingots d\u2019or; et organiser un asile en Alg\u00e9rie ou \u00e0 Cuba aux membres de la cellule. Acceptez les demandes, d\u00e9clarait la cellule, ou Cross mourra.<\/span><\/p>\n<p><span style=\"font-weight: 400;\">Vu que Cross \u00e9tait diplomate, le ministre des Affaires \u00e9trang\u00e8res, Mitchell Sharp, s\u2019est charg\u00e9 de la r\u00e9ponse imm\u00e9diate et a inform\u00e9 le Parlement qu\u2019il avait consult\u00e9 Londres et Qu\u00e9bec, et qu\u2019ils recommandaient le rejet des demandes du FLQ.<\/span><\/p>\n<p><span style=\"font-weight: 400;\">Mais le 8 octobre, Sharp a commenc\u00e9 le processus de n\u00e9gociation en permettant la diffusion du manifeste du FLQ, violente diatribe o\u00f9 Trudeau \u00e9tait trait\u00e9 de \u00ab tapette \u00bb et le maire de Montr\u00e9al, Jean Drapeau, de \u00ab chien \u00bb. Le premier ministre n\u2019avait apparemment pas \u00e9t\u00e9 consult\u00e9, et il \u00e9tait tr\u00e8s en col\u00e8re. La cellule du FLQ, cependant, \u00e9tait ravie, croyant qu\u2019on se plierait \u00e0 ses exigences.<\/span><\/p>\n<p><span style=\"font-weight: 400;\">Le 10 octobre, le ministre qu\u00e9b\u00e9cois de la Justice, J\u00e9r\u00f4me Choquette, a annonc\u00e9 \u00e0 la t\u00e9l\u00e9vision qu\u2019il n\u2019y aurait pas de n\u00e9gociation. Mais il a ensuite accord\u00e9 une concession majeure : un saufconduit vers un pays \u00e9tranger. Laporte a \u00e9t\u00e9 enlev\u00e9 cette nuit-l\u00e0.<\/span><\/p>\n<blockquote><p><strong>Soyons clairs : Ottawa et Qu\u00e9bec ont sourcill\u00e9.<\/strong><\/p><\/blockquote>\n<p><span style=\"font-weight: 400;\">Le lendemain, apr\u00e8s avoir consult\u00e9 Trudeau, Bourassa a entam\u00e9 \u00e0 nouveau les n\u00e9gociations et, le 12 octobre, nomm\u00e9 un avocat pour s\u2019entendre avec un avocat du FLQ. Peu apr\u00e8s, un groupe de 16 notables du Qu\u00e9bec, estimant qu\u2019aucun prix n\u2019\u00e9tait trop \u00e9lev\u00e9 pour sauver Cross et Laporte, a exhort\u00e9 Ottawa et Qu\u00e9bec \u00e0 la n\u00e9gociation. Les soldats patrouillant dans les rues du Qu\u00e9bec et d\u2019Ottawa, la <\/span><i><span style=\"font-weight: 400;\">Loi sur les mesures de guerre <\/span><\/i><span style=\"font-weight: 400;\">entrant en vigueur le 16 octobre et Laporte retrouv\u00e9 assassin\u00e9 dans le coffre d\u2019une voiture, la police n\u2019avait qu\u2019\u00e0 faire son travail.<\/span><\/p>\n<p><span style=\"font-weight: 400;\">La planque du FLQ a \u00e9t\u00e9 trouv\u00e9e. Cross a \u00e9t\u00e9 lib\u00e9r\u00e9 le 4 d\u00e9cembre. Ottawa avait n\u00e9goci\u00e9 avec Cuba afin de permettre aux cinq kidnappeurs de s\u2019y rendre et mis un avion de l\u2019Aviation \u00e0 leur disposition : derni\u00e8re \u00e9tape de l\u2019affaire. Les meurtriers de Laporte ont \u00e9t\u00e9 captur\u00e9s le 28 d\u00e9cembre.<\/span><\/p>\n<p><span style=\"font-weight: 400;\">Soyons clairs : Ottawa et Qu\u00e9bec ont sourcill\u00e9. Les meurtriers de Laporte ont \u00e9t\u00e9 incarc\u00e9r\u00e9s, mais les kidnappeurs de Cross se sont enfuis \u00e0 Cuba. Le FLQ a atteint ses objectifs en \u00e9veillant les Qu\u00e9b\u00e9cois quant au penchant s\u00e9paratiste gr\u00e2ce \u00e0 son manifeste et \u00e0 l\u2019obtention d\u2019un asile. Ce n\u2019\u00e9tait pas la victoire de la fermet\u00e9, et Margaret Trudeau, est-on en droit de supposer, n\u2019avait pas besoin de craindre pour sa vie.<\/span><\/p>\n<hr \/>\n<p class=\"p1\"><span class=\"s1\"><b>D\u2019ARCY JENISH <\/b><\/span>est journaliste de magazine et auteur de 10 livres. Son dernier s\u2019intitule <i>The Making of the October Crisis: Canada\u2019s Long Nightmare of Terrorism at the Hands of the FLQ<\/i>.<\/p>\n<p class=\"p1\"><span class=\"s1\"><b>J.L. GRANATSTEIN<\/b><\/span> a \u00e9crit des dizaines de livres, dont <i>Who Killed Canadian Military History?<\/i> et <i>Canada\u2019s Army: Waging War and Keeping the Peace<\/i>. Il a \u00e9t\u00e9 directeur et chef de la direction du Mus\u00e9e canadien de la guerre.<\/p>\n","protected":false},"excerpt":{"rendered":"<p>D&#8217;Arcy Jenish dit que OUI Aux premi\u00e8res heures du matin, le 3 d\u00e9cembre 1970, des dizaines de policiers et de soldats arm\u00e9s jusqu\u2019aux dents ont encercl\u00e9 une maison modeste \u00e0 Montr\u00e9al-Nord o\u00f9, pendant pr\u00e8s de deux mois, le diplomate britannique James Cross avait \u00e9t\u00e9 tenu en otage par une bande de soi-disant r\u00e9volutionnaires qui formaient [&hellip;]<\/p>\n","protected":false},"author":17,"featured_media":5220,"comment_status":"closed","ping_status":"open","sticky":false,"template":"","format":"standard","meta":{"footnotes":""},"categories":[3],"tags":[],"class_list":["post-5219","post","type-post","status-publish","format-standard","has-post-thumbnail","hentry","category-articles-principaux"],"_links":{"self":[{"href":"https:\/\/legionmagazine.com\/fr\/wp-json\/wp\/v2\/posts\/5219","targetHints":{"allow":["GET"]}}],"collection":[{"href":"https:\/\/legionmagazine.com\/fr\/wp-json\/wp\/v2\/posts"}],"about":[{"href":"https:\/\/legionmagazine.com\/fr\/wp-json\/wp\/v2\/types\/post"}],"author":[{"embeddable":true,"href":"https:\/\/legionmagazine.com\/fr\/wp-json\/wp\/v2\/users\/17"}],"replies":[{"embeddable":true,"href":"https:\/\/legionmagazine.com\/fr\/wp-json\/wp\/v2\/comments?post=5219"}],"version-history":[{"count":0,"href":"https:\/\/legionmagazine.com\/fr\/wp-json\/wp\/v2\/posts\/5219\/revisions"}],"wp:featuredmedia":[{"embeddable":true,"href":"https:\/\/legionmagazine.com\/fr\/wp-json\/wp\/v2\/media\/5220"}],"wp:attachment":[{"href":"https:\/\/legionmagazine.com\/fr\/wp-json\/wp\/v2\/media?parent=5219"}],"wp:term":[{"taxonomy":"category","embeddable":true,"href":"https:\/\/legionmagazine.com\/fr\/wp-json\/wp\/v2\/categories?post=5219"},{"taxonomy":"post_tag","embeddable":true,"href":"https:\/\/legionmagazine.com\/fr\/wp-json\/wp\/v2\/tags?post=5219"}],"curies":[{"name":"wp","href":"https:\/\/api.w.org\/{rel}","templated":true}]}}