{"id":5208,"date":"2020-09-11T08:40:34","date_gmt":"2020-09-11T12:40:34","guid":{"rendered":"https:\/\/legionmagfren.wpengine.com\/?p=5208"},"modified":"2021-03-31T11:42:59","modified_gmt":"2021-03-31T15:42:59","slug":"les-soldats-et-les-separatistes","status":"publish","type":"post","link":"https:\/\/legionmagazine.com\/fr\/2020\/09\/les-soldats-et-les-separatistes\/","title":{"rendered":"Les Soldats et les s\u00e9paratistes"},"content":{"rendered":"<p><div class=\"caption_img\">\r\n        <img fetchpriority=\"high\" decoding=\"async\" class=\"wp-image-5209 size-full\" src=\"https:\/\/legionmagazine.com\/fr\/wp-content\/uploads\/2021\/03\/PA-129833_Fr.jpg\" alt=\"\" width=\"800\" height=\"533\" srcset=\"https:\/\/legionmagazine.com\/fr\/wp-content\/uploads\/2021\/03\/PA-129833_Fr.jpg 800w, https:\/\/legionmagazine.com\/fr\/wp-content\/uploads\/2021\/03\/PA-129833_Fr-300x200.jpg 300w, https:\/\/legionmagazine.com\/fr\/wp-content\/uploads\/2021\/03\/PA-129833_Fr-768x512.jpg 768w\" sizes=\"(max-width: 800px) 100vw, 800px\" \/>\r\n        <div class=\"caption\">\r\n            <span>Des enfants s&#8217;\u00e9merveillent devant des soldats qui gardent des \u00e9difices \u00e0 Montr\u00e9al, en 1970. Le drapeau du Front de lib\u00e9ration du Qu\u00e9bec comprenait la silhouette d&#8217;un Patriote (en regard). <\/span>\r\n            \r\n        <div class=\"credit\">\r\n            <span>BAC\/PA-129833; Mus\u00e9e canadien de la guerre<\/span>\r\n        <\/div>\r\n\r\n        <\/div>\r\n        \r\n    <\/div><span style=\"font-weight: 400;\"><strong>Le Front de lib\u00e9ration<\/strong> du Qu\u00e9bec (FLQ), mouvement marxiste ind\u00e9pendantiste, tenta de renverser violemment l\u2019ordre politique du Qu\u00e9bec entre 1963 et 1970. Entre autres crimes, ses 500 membres perp\u00e9tr\u00e8rent des dizaines d\u2019attentats \u00e0 la bombe dans la r\u00e9gion de Montr\u00e9al, en particulier contre le gouvernement f\u00e9d\u00e9ral. En 1970, la ville semblait en \u00e9tat de si\u00e8ge; la population \u00e9tait effray\u00e9e et les autorit\u00e9s, fortement \u00e9branl\u00e9es.<\/span><\/p>\n<p>Le 5 octobre, des militants du FLQ kidnapp\u00e8rent James Cross, d\u00e9l\u00e9gu\u00e9 commercial de Grande-Bretagne \u00e0 Montr\u00e9al, et r\u00e9clam\u00e8rent la lib\u00e9ration de leurs camarades emprisonn\u00e9s en \u00e9change de sa vie. Le 10 du m\u00eame mois, une autre cellule du Front enlevait Pierre Laporte, ministre qu\u00e9b\u00e9cois de l\u2019Immigration, du Travail et de la Main-d\u2019\u0153uvre. Ottawa s\u2019alarmait.<\/p>\n<blockquote><p><strong>Le gouvernement f\u00e9d\u00e9ral acc\u00e9da imm\u00e9diatement \u00e0 la demande de Bourassa.<\/strong><\/p><\/blockquote>\n<p><span style=\"font-weight: 400;\">L\u2019arm\u00e9e lan\u00e7a l\u2019op\u00e9ration <\/span><i><span style=\"font-weight: 400;\">Ginger<\/span><\/i><span style=\"font-weight: 400;\"> deux jours apr\u00e8s. Plus de 3 000 soldats, dont un grand nombre de la BFC Kingston et de la garnison de Petawawa, furent d\u00e9ploy\u00e9s \u00e0 Ottawa pour prot\u00e9ger les diplomates et les politiciens pr\u00e9\u00e9minents, les b\u00e2timents publics cl\u00e9s comme le Parlement et les infrastructures essentielles comme les installations hydro\u00e9lectriques.<\/span><\/p>\n<p><span style=\"font-weight: 400;\">Le 15 octobre, comme les choses s\u2019envenimaient encore, le premier ministre du Qu\u00e9bec, Robert Bourassa, demanda l\u2019aide militaire d\u2019Ottawa pour sa province. Compte tenu de la n\u00e9cessit\u00e9 de prot\u00e9ger les fonctionnaires et les lieux de premier plan, sans parler des 10 jours de recherches intensives sur les enl\u00e8vements, les capacit\u00e9s des forces de police locales avaient \u00e9t\u00e9 mises \u00e0 rude \u00e9preuve. Le gouvernement f\u00e9d\u00e9ral acc\u00e9da imm\u00e9diatement \u00e0 la demande de Bourassa.<\/span><\/p>\n<p><span style=\"font-weight: 400;\">L\u2019arm\u00e9e lan\u00e7a l\u2019op\u00e9ration <\/span><i><span style=\"font-weight: 400;\">Essay<\/span><\/i><span style=\"font-weight: 400;\">. Une compagnie de fantassins du Royal 22<\/span><span style=\"font-weight: 400;\">e<\/span><span style=\"font-weight: 400;\"> R\u00e9giment (plus de 100 soldats) de la BFC Valcartier, pr\u00e8s de Qu\u00e9bec, se rendit tout de suite \u00e0 Montr\u00e9al en h\u00e9licopt\u00e8res. De longs convois de v\u00e9hicules militaires transportant des soldats du 5<\/span><span style=\"font-weight: 400;\">e<\/span><span style=\"font-weight: 400;\"> Groupement de combat de Valcartier, y compris d\u2019autres fantassins du 22<\/span><span style=\"font-weight: 400;\">e<\/span><span style=\"font-weight: 400;\"> ainsi que des artilleurs et des membres d\u2019unit\u00e9s blind\u00e9es, se rendirent \u00e0 Montr\u00e9al, Qu\u00e9bec, Trois-Rivi\u00e8res, Sherbrooke, Sorel et d\u2019autres centres urbains.<\/span><\/p>\n<p><span style=\"font-weight: 400;\">Le 1<\/span><span style=\"font-weight: 400;\">er <\/span><span style=\"font-weight: 400;\">Commando du R\u00e9giment a\u00e9roport\u00e9 du Canada prit l\u2019avion \u00e0 Edmonton le m\u00eame jour pour se rendre \u00e0 Montr\u00e9al. Le lendemain, des \u00e9l\u00e9ments du Royal Canadian Regiment bas\u00e9s \u00e0 Gagetown, N.-B. et \u00e0 London, Ont. se pr\u00e9cipit\u00e8rent vers la ville secou\u00e9e par la violence.\u00a0<\/span><\/p>\n<p><div class=\"caption_img\">\r\n        <img decoding=\"async\" class=\"wp-image-5217 size-full\" src=\"https:\/\/legionmagazine.com\/fr\/wp-content\/uploads\/2021\/03\/IMG2017-0045-0015-Dm_FR-1.jpg\" alt=\"\" width=\"800\" height=\"485\" srcset=\"https:\/\/legionmagazine.com\/fr\/wp-content\/uploads\/2021\/03\/IMG2017-0045-0015-Dm_FR-1.jpg 800w, https:\/\/legionmagazine.com\/fr\/wp-content\/uploads\/2021\/03\/IMG2017-0045-0015-Dm_FR-1-300x182.jpg 300w, https:\/\/legionmagazine.com\/fr\/wp-content\/uploads\/2021\/03\/IMG2017-0045-0015-Dm_FR-1-768x466.jpg 768w\" sizes=\"(max-width: 800px) 100vw, 800px\" \/>\r\n        <div class=\"caption\">\r\n            <span>Le drapeau du Front de lib\u00e9ration du Qu\u00e9bec arborait un habitant arm\u00e9, symbole historique des rebelles francophones d\u2019antan. <\/span>\r\n            \r\n        <div class=\"credit\">\r\n            <span>MUS\u00c9E CANADIEN DE L&#8217;HISTOIRE<\/span>\r\n        <\/div>\r\n\r\n        <\/div>\r\n        \r\n    <\/div><b>Les soldats \u00e9taient<\/b><span style=\"font-weight: 400;\"> arm\u00e9s et appuy\u00e9s par des unit\u00e9s des communications, du renseignement et de la logistique de diverses bases du pays. La r\u00e9ponse militaire \u00e9tait compl\u00e8te et efficiente. Plus de 7 500 soldats finirent par servir \u00e0 Montr\u00e9al.<\/span><\/p>\n<p><span style=\"font-weight: 400;\">Ils patrouillaient dans les rues, effectuaient des missions de reconnaissance a\u00e9rienne et gardaient l\u2019h\u00f4tel de ville, les b\u00e2timents f\u00e9d\u00e9raux, les maisons de politicien et les infrastructures essentielles, ce qui permettait aux policiers de se concentrer sur la poursuite des ravisseurs.\u00a0<\/span><\/p>\n<p><span style=\"font-weight: 400;\">Le 16 octobre, le gouvernement f\u00e9d\u00e9ral proclama la <\/span><i><span style=\"font-weight: 400;\">Loi sur les mesures de guerre<\/span><\/i><span style=\"font-weight: 400;\">, supprimant les libert\u00e9s civiles et permettant \u00e0 la police d\u2019assumer des pouvoirs de perquisition et de saisie extraordinaires jusqu\u2019\u00e0 ce que l\u2019ordre public soit restaur\u00e9. Les soldats ne menaient pas de raids eux-m\u00eames, mais ils aidaient les policiers en bouclant et s\u00e9curisant leurs zones d\u2019op\u00e9rations, se tenant parfois coude \u00e0 coude.<\/span><\/p>\n<p><span style=\"font-weight: 400;\">Laporte fut assassin\u00e9 par ses ravisseurs le 17 octobre. Ce n\u2019est qu\u2019au mois de d\u00e9cembre que les ravisseurs de Cross furent retrouv\u00e9s. Leur exil \u00e0 Cuba fut accept\u00e9 en \u00e9change de la lib\u00e9ration de leur otage.\u00a0<\/span><\/p>\n<p><span style=\"font-weight: 400;\">La plupart des soldats partirent de Montr\u00e9al ce mois-l\u00e0, et le dernier s\u2019en alla en d\u00e9but f\u00e9vrier 1971. Pas un seul coup de feu n\u2019avait \u00e9t\u00e9 tir\u00e9 par les militaires, mais leur d\u00e9monstration de force avait permis de restaurer la s\u00e9curit\u00e9 du public. La r\u00e9volution du FLQ avait \u00e9t\u00e9 \u00e9cras\u00e9e.<\/span><\/p>\n","protected":false},"excerpt":{"rendered":"<p>Le Front de lib\u00e9ration du Qu\u00e9bec (FLQ), mouvement marxiste ind\u00e9pendantiste, tenta de renverser violemment l\u2019ordre politique du Qu\u00e9bec entre 1963 et 1970. Entre autres crimes, ses 500 membres perp\u00e9tr\u00e8rent des dizaines d\u2019attentats \u00e0 la bombe dans la r\u00e9gion de Montr\u00e9al, en particulier contre le gouvernement f\u00e9d\u00e9ral. En 1970, la ville semblait en \u00e9tat de si\u00e8ge; [&hellip;]<\/p>\n","protected":false},"author":54,"featured_media":5209,"comment_status":"closed","ping_status":"open","sticky":false,"template":"","format":"standard","meta":{"footnotes":""},"categories":[3],"tags":[],"class_list":["post-5208","post","type-post","status-publish","format-standard","has-post-thumbnail","hentry","category-articles-principaux"],"_links":{"self":[{"href":"https:\/\/legionmagazine.com\/fr\/wp-json\/wp\/v2\/posts\/5208","targetHints":{"allow":["GET"]}}],"collection":[{"href":"https:\/\/legionmagazine.com\/fr\/wp-json\/wp\/v2\/posts"}],"about":[{"href":"https:\/\/legionmagazine.com\/fr\/wp-json\/wp\/v2\/types\/post"}],"author":[{"embeddable":true,"href":"https:\/\/legionmagazine.com\/fr\/wp-json\/wp\/v2\/users\/54"}],"replies":[{"embeddable":true,"href":"https:\/\/legionmagazine.com\/fr\/wp-json\/wp\/v2\/comments?post=5208"}],"version-history":[{"count":0,"href":"https:\/\/legionmagazine.com\/fr\/wp-json\/wp\/v2\/posts\/5208\/revisions"}],"wp:featuredmedia":[{"embeddable":true,"href":"https:\/\/legionmagazine.com\/fr\/wp-json\/wp\/v2\/media\/5209"}],"wp:attachment":[{"href":"https:\/\/legionmagazine.com\/fr\/wp-json\/wp\/v2\/media?parent=5208"}],"wp:term":[{"taxonomy":"category","embeddable":true,"href":"https:\/\/legionmagazine.com\/fr\/wp-json\/wp\/v2\/categories?post=5208"},{"taxonomy":"post_tag","embeddable":true,"href":"https:\/\/legionmagazine.com\/fr\/wp-json\/wp\/v2\/tags?post=5208"}],"curies":[{"name":"wp","href":"https:\/\/api.w.org\/{rel}","templated":true}]}}