{"id":4761,"date":"2019-07-01T10:01:46","date_gmt":"2019-07-01T14:01:46","guid":{"rendered":"https:\/\/legionmagfren.wpengine.com\/?p=4761"},"modified":"2019-08-26T10:06:12","modified_gmt":"2019-08-26T14:06:12","slug":"face-a-face-faut-il-arsenaliser-lespace","status":"publish","type":"post","link":"https:\/\/legionmagazine.com\/fr\/2019\/07\/face-a-face-faut-il-arsenaliser-lespace\/","title":{"rendered":"FACE \u00c0 FACE: Faut-il arsenaliser l\u2019espace?"},"content":{"rendered":"<p><img fetchpriority=\"high\" decoding=\"async\" class=\"alignnone wp-image-4762\" src=\"https:\/\/legionmagazine.com\/fr\/wp-content\/uploads\/2019\/08\/Signing_of_Space_Policy_Directive-3.jpg\" alt=\"\" width=\"566\" height=\"364\" srcset=\"https:\/\/legionmagazine.com\/fr\/wp-content\/uploads\/2019\/08\/Signing_of_Space_Policy_Directive-3.jpg 1920w, https:\/\/legionmagazine.com\/fr\/wp-content\/uploads\/2019\/08\/Signing_of_Space_Policy_Directive-3-300x193.jpg 300w, https:\/\/legionmagazine.com\/fr\/wp-content\/uploads\/2019\/08\/Signing_of_Space_Policy_Directive-3-768x494.jpg 768w, https:\/\/legionmagazine.com\/fr\/wp-content\/uploads\/2019\/08\/Signing_of_Space_Policy_Directive-3-1024x659.jpg 1024w\" sizes=\"(max-width: 566px) 100vw, 566px\" \/><\/p>\n<p class=\"p1\"><strong><span class=\"s1\"><i>David J. Bercuson dit que OUI<\/i><\/span><\/strong><\/p>\n<p class=\"p1\"><span class=\"s1\"><b>\u00c0 la fin<\/b> du mois de mars, l\u2019Inde a annonc\u00e9 qu\u2019elle avait r\u00e9ussi \u00e0 abattre un de ses propres satellites \u00e0 l\u2019aide d\u2019un intercepteur lanc\u00e9 depuis le sol. L\u2019Inde est devenue ce faisant le quatri\u00e8me pays \u00e0 avoir cette capacit\u00e9, les \u00c9tats-Unis, la Russie et la Chine l\u2019ayant pr\u00e9c\u00e9d\u00e9e. Cette r\u00e9alisation, succ\u00e9dant aux mesures mises en \u0153uvre depuis le lancement des premiers satellites militaires de communication et de reconnaissance des ann\u00e9es 1960, est un pas de plus vers l\u2019arsenalisation de l\u2019espace. <\/span><\/p>\n<p class=\"p2\">Nonobstant la ferveur avec laquelle beaucoup d\u2019entre nous souhaitions que cela ne se produise pas, c\u2019\u00e9tait presque in\u00e9vitable. Rares sont les inventions humaines qui ont \u00e9t\u00e9 men\u00e9es \u00e0 bien sans que leurs r\u00e9alisateurs aient des fins militaires \u00e0 l\u2019esprit.<\/p>\n<p class=\"p2\">Prenons par exemple la militarisation de l\u2019avion. Imm\u00e9diatement apr\u00e8s le premier vol des fr\u00e8res Wright,<span class=\"s1\"> en 1903, les \u00e9tats-majors de <\/span>plusieurs pays ont pris conscience du potentiel de reconnaissance des a\u00e9ronefs \u00e0 voilure. Apr\u00e8s tout, les ballons captifs s\u2019utilisaient depuis<span class=\"s1\"> des dizaines d\u2019ann\u00e9es pour observer les mouvements de l\u2019ennemi et m\u00eame pour guider le tir d\u2019artillerie. Il \u00e9tait logique d\u2019employer l\u2019avion pour suppl\u00e9er ces fonctions. <\/span><\/p>\n<p class=\"p2\"><span class=\"s1\">En octobre 1911, pendant la guerre italo-turque, l\u2019aviateur italien Carlo Piazza eut l\u2019id\u00e9e d\u2019emporter de petites bombes dans son Bl\u00e9riot, avion de construction fran\u00e7aise, et de les larguer sur l\u2019ennemi. Les pilotes commenc\u00e8rent peu apr\u00e8s \u00e0 se munir de fusils et de pistolets pour tirer sur les avions ennemis. Ces fusils et pistolets furent supplant\u00e9s par les mitrailleuses lors du d\u00e9clenchement de la Premi\u00e8re Guerre mondiale, d\u00e9but des combats a\u00e9riens que l\u2019on associe depuis \u00e0 la guerre.<\/span><\/p>\n<p class=\"p1\" style=\"text-align: center;\"><strong><span class=\"s1\">AU CANADA, NOUS AVONS TROP DE <\/span><span class=\"s2\">BIENS SPATIAUX<br \/>\nPOUR \u00caTRE D\u00c9SINVOLTES<\/span><span class=\"s1\"> \u00c0 PROPOS DE L\u2019AVENIR.<\/span><\/strong><\/p>\n<p class=\"p1\"><span class=\"s1\"><b>Il y a<\/b> maintenant plus de 60 ans que les Sovi\u00e9tiques ont lanc\u00e9 le premier Spoutnik dans l\u2019espace. Il faut beaucoup plus de temps pour militariser l\u2019espace \u00e0 cause de l\u2019ampleur des probl\u00e8mes techniques li\u00e9s \u00e0 la conception de satellites pouvant se d\u00e9truire les uns les autres, sans parler de l\u2019id\u00e9e fantasque que les satellites pourraient un jour semer la destruction sur la terre.<\/span><\/p>\n<p class=\"p2\"><span class=\"s1\">Pourquoi utiliser des plateformes bas\u00e9es dans l\u2019espace pour attaquer quand toutes sortes de plateformes au sol, dont beaucoup sont guid\u00e9es par des satellites, peuvent d\u00e9j\u00e0 accomplir les m\u00eames t\u00e2ches? Les bombardiers, les avions de chasse et les missiles guid\u00e9s par les satellites de reconnaissance militaires <\/span>peuvent semer la destruction n\u2019importe o\u00f9. La militarisation a d\u00e9j\u00e0 eu lieu; l\u2019arsenalisation peut-elle \u00eatre longue \u00e0 venir?<\/p>\n<p class=\"p2\">La fronti\u00e8re haute, comme d\u2019aucuns l\u2019appellent, est mainte-nant le si\u00e8ge de syst\u00e8mes mondiaux de communication et de reconnaissance qui relient les syst\u00e8mes de radar aux avions de chasse, aux avions de reconnaissance strat\u00e9gique, aux bombardiers, aux plateformes navales et aux forces exp\u00e9ditionnaires militaires.<\/p>\n<p class=\"p2\"><span class=\"s1\">L\u2019arsenalisation de l\u2019espace \u2013 c\u2019est-\u00e0-dire l\u2019installation dans l\u2019espace d\u2019armes pouvant d\u00e9truire ces liens vitaux \u2013 est d\u00e9j\u00e0 en cours. Peut-on douter que les puissances militaires du monde soient en train d\u2019\u00e9tudier des moyens de d\u00e9truire les satellites depuis l\u2019espace? L\u2019arsenalisation \u00ab concr\u00e8te \u00bb de l\u2019espace est in\u00e9vitable. Au Canada, nous avons trop de biens spatiaux pour \u00eatre d\u00e9sinvoltes \u00e0 propos de l\u2019avenir. Tout comme nous avons besoin d\u2019intercepteurs \u00e0 r\u00e9action, nous aurons besoin d\u2019armes spatiales pour nous d\u00e9fendre.<\/span><\/p>\n<p class=\"p1\"><strong><span class=\"s1\"><i>Ernie Regehr dit que NON<\/i><\/span><\/strong><\/p>\n<p class=\"p1\"><span class=\"s1\"><b>L\u2019exploitation <\/b>s\u00e9curitaire et ininterrompue de satel<\/span><span class=\"s2\">lites est devenue une condition sine qua non de la vie civile et des op\u00e9rations militaires contemporaines. La communication, l\u2019observation de la Terre, la navigation, le positionnement et les progr\u00e8s scientifiques et techniques sont fortement tributaires de satellites, lesquels sont de plus en plus en danger \u00e0 cause de d\u00e9bris spatiaux et \u00e0 la merci d\u2019\u00e9ventuels agresseurs.<\/span><\/p>\n<p class=\"p2\"><span class=\"s2\">Au cours des deux derni\u00e8res ann\u00e9es, de nouveaux satellites ont \u00e9t\u00e9 lanc\u00e9s au rythme de plus d\u2019un par jour, qui ont rejoint les plus de 2000 satellites d\u00e9j\u00e0 op\u00e9rationnels, les plus de 3000 satellites d\u00e9funts, et les centaines de milliers de d\u00e9bris en orbite autour de la plan\u00e8te. <\/span><\/p>\n<p class=\"p2\">La militarisation de l\u2019espace d\u00e9signe des armes au sol dirig\u00e9es vers l\u2019espace et des armes bas\u00e9es dans l\u2019espace. La premi\u00e8re partie est d\u00e9j\u00e0 bien entam\u00e9e et la secon-de, envisag\u00e9e avec circonspection. Les \u00c9tats-Unis, la Russie, la Chine et l\u2019Inde ont d\u00e9montr\u00e9 des capacit\u00e9s d\u2019arme antisatellite (ASAT), alors que les deux Cor\u00e9es, le Japon, l\u2019Iran et Isra\u00ebl ont exprim\u00e9 leur int\u00e9r\u00eat.<\/p>\n<p class=\"p2\"><span class=\"s2\">Toute arme situ\u00e9e dans l\u2019espace devient une cible parfaite, car sa trajectoire est pr\u00e9visible et elle est incapable d\u2019\u00e9viter les attaques.<\/span><\/p>\n<p class=\"p2\"><span class=\"s2\">Arsenaliser l\u2019espace accroitrait fortement l\u2019ins\u00e9curit\u00e9 partout dans l\u2019espace en raison de l\u2019\u00e9ruption de tests et de d\u00e9ploiement d\u2019ASAT qui s\u2019ensuivraient certainement.<\/span><\/p>\n<p class=\"p1\" style=\"text-align: center;\"><strong>LE CONTR\u00d4LE DES ARMEMENTS DEVIENT BIEN PLUS ATTRACTIF<br \/>\nLORSQUE L\u2019ARME EN QUESTION EST <span class=\"s1\">EXTR\u00caMEMENT CO\u00dbTEUSE<\/span>.<\/strong><\/p>\n<p class=\"p2\"><span class=\"s2\">La s\u00e9curit\u00e9 des biens situ\u00e9s dans l\u2019espace est subordonn\u00e9e en fin de compte aux normes et aux instruments politiques et juridiques qui servent \u00e0 contraindre les deux formes de militarisation, ce qui explique pourquoi la non-militarisation de l\u2019espace est un objectif international largement soutenu depuis Spoutnik.<\/span><\/p>\n<p class=\"p2\"><span class=\"s2\">Le Trait\u00e9 sur l\u2019espace extra-atmosph\u00e9rique de 1967 interdit le d\u00e9ploiement d\u2019armes nucl\u00e9aires dans l\u2019espace. Ce trait\u00e9 et le Comit\u00e9 des utilisations pacifiques de l\u2019espace extra-atmosph\u00e9rique de l\u2019Organisation des Nations Unies \u00e9noncent les principes destin\u00e9s \u00e0 pr\u00e9server l\u2019espace \u00e0 des fins exclusivement pacifiques.<\/span><\/p>\n<p class=\"p2\"><span class=\"s2\">Le moins qu\u2019on puisse dire, c\u2019est que compte tenu du peu de d\u00e9sir de contr\u00f4ler les armements, ces sentiments admirables ne sont pas sur le point d\u2019\u00eatre transform\u00e9s en trait\u00e9s contraignants. Mais il est encore possible de fixer des normes et d\u2019encourager des pratiques s\u00fbres. Par exemple, on devrait convaincre les \u00c9tats qui ont toujours l\u2019intention d\u2019effectuer des tests d\u2019ASAT d\u2019\u00e9viter les frappes directes sur des cibles solides dans l\u2019espace, car cela conduirait au rajout de d\u00e9bris dangereux en orbite.<\/span><\/p>\n<p class=\"p2\"><span class=\"s2\">Cependant, cela ne suffirait pas pour pr\u00e9venir la militarisation de l\u2019espace. Il faudrait mettre un terme au d\u00e9veloppement d\u2019armes destin\u00e9es \u00e0 l\u2019espace et mettre en veille le d\u00e9sir de faire sortir les armes bas\u00e9es dans l\u2019espace de la science-fiction pour les rajouter aux arsenaux militaires r\u00e9els. M\u00eame dans le climat politique actuel, le contr\u00f4le des armements devient bien plus attractif lorsque l\u2019arme en question est extr\u00eamement couteuse, qu\u2019elle n\u2019a pas \u00e9t\u00e9 test\u00e9e et qu\u2019elle est tr\u00e8s vuln\u00e9rable aux contrattaques. Et cela d\u00e9crit assez bien les armes bas\u00e9es dans l\u2019espace.<\/span><\/p>\n<p class=\"p2\"><span class=\"s2\">Il existe une autre condition favorable au contr\u00f4le des armements. Ni l\u2019une, ni l\u2019autre des formes de militarisation de l\u2019espace n\u2019est encore largement pratiqu\u00e9e, alors il est encore temps de d\u00e9cider de ne pas emprunter cette voie p\u00e9rilleuse. <\/span><\/p>\n","protected":false},"excerpt":{"rendered":"<p>David J. Bercuson dit que OUI \u00c0 la fin du mois de mars, l\u2019Inde a annonc\u00e9 qu\u2019elle avait r\u00e9ussi \u00e0 abattre un de ses propres satellites \u00e0 l\u2019aide d\u2019un intercepteur lanc\u00e9 depuis le sol. L\u2019Inde est devenue ce faisant le quatri\u00e8me pays \u00e0 avoir cette capacit\u00e9, les \u00c9tats-Unis, la Russie et la Chine l\u2019ayant pr\u00e9c\u00e9d\u00e9e. [&hellip;]<\/p>\n","protected":false},"author":1,"featured_media":4762,"comment_status":"closed","ping_status":"open","sticky":false,"template":"","format":"standard","meta":{"footnotes":""},"categories":[3],"tags":[],"class_list":["post-4761","post","type-post","status-publish","format-standard","has-post-thumbnail","hentry","category-articles-principaux"],"_links":{"self":[{"href":"https:\/\/legionmagazine.com\/fr\/wp-json\/wp\/v2\/posts\/4761","targetHints":{"allow":["GET"]}}],"collection":[{"href":"https:\/\/legionmagazine.com\/fr\/wp-json\/wp\/v2\/posts"}],"about":[{"href":"https:\/\/legionmagazine.com\/fr\/wp-json\/wp\/v2\/types\/post"}],"author":[{"embeddable":true,"href":"https:\/\/legionmagazine.com\/fr\/wp-json\/wp\/v2\/users\/1"}],"replies":[{"embeddable":true,"href":"https:\/\/legionmagazine.com\/fr\/wp-json\/wp\/v2\/comments?post=4761"}],"version-history":[{"count":0,"href":"https:\/\/legionmagazine.com\/fr\/wp-json\/wp\/v2\/posts\/4761\/revisions"}],"wp:featuredmedia":[{"embeddable":true,"href":"https:\/\/legionmagazine.com\/fr\/wp-json\/wp\/v2\/media\/4762"}],"wp:attachment":[{"href":"https:\/\/legionmagazine.com\/fr\/wp-json\/wp\/v2\/media?parent=4761"}],"wp:term":[{"taxonomy":"category","embeddable":true,"href":"https:\/\/legionmagazine.com\/fr\/wp-json\/wp\/v2\/categories?post=4761"},{"taxonomy":"post_tag","embeddable":true,"href":"https:\/\/legionmagazine.com\/fr\/wp-json\/wp\/v2\/tags?post=4761"}],"curies":[{"name":"wp","href":"https:\/\/api.w.org\/{rel}","templated":true}]}}