{"id":4532,"date":"2018-05-15T10:39:20","date_gmt":"2018-05-15T14:39:20","guid":{"rendered":"https:\/\/legionmagfren.wpengine.com\/?p=4532"},"modified":"2018-06-08T10:41:28","modified_gmt":"2018-06-08T14:41:28","slug":"le-mariage-apres-60-ans-et-les-prestations-de-maladie-pour-survivant","status":"publish","type":"post","link":"https:\/\/legionmagazine.com\/fr\/2018\/05\/le-mariage-apres-60-ans-et-les-prestations-de-maladie-pour-survivant\/","title":{"rendered":"Le mariage apr\u00e8s 60 ans et les prestations de maladie pour survivant"},"content":{"rendered":"<p><img fetchpriority=\"high\" decoding=\"async\" class=\"alignnone wp-image-4533\" src=\"https:\/\/legionmagazine.com\/fr\/wp-content\/uploads\/2018\/06\/senior-3336451_1920.jpg\" alt=\"\" width=\"566\" height=\"425\" srcset=\"https:\/\/legionmagazine.com\/fr\/wp-content\/uploads\/2018\/06\/senior-3336451_1920.jpg 1920w, https:\/\/legionmagazine.com\/fr\/wp-content\/uploads\/2018\/06\/senior-3336451_1920-300x225.jpg 300w, https:\/\/legionmagazine.com\/fr\/wp-content\/uploads\/2018\/06\/senior-3336451_1920-768x576.jpg 768w, https:\/\/legionmagazine.com\/fr\/wp-content\/uploads\/2018\/06\/senior-3336451_1920-1024x768.jpg 1024w\" sizes=\"(max-width: 566px) 100vw, 566px\" \/><\/p>\n<p class=\"p1\"><span class=\"s1\"><b>Une des priorit\u00e9s<\/b> dans la lettre de mandat du premier ministre <\/span><span class=\"s2\">Justin Trudeau remise en octobre au <\/span><span class=\"s1\">ministre des Anciens combattants et ministre adjoint de la D\u00e9fense nationale, Seamus O\u2019Regan, \u00e9tait d\u2019\u00e9liminer la clause restrictive du \u00ab\u00a0mariage apr\u00e8s 60 ans \u00bb de la <i>Loi sur la pension de retraite des Forces canadiennes<\/i>, afin que les conjoints d\u2019anciens combattants survivants touchent une pension et des prestations de maladie appropri\u00e9es.<\/span><\/p>\n<p class=\"p2\"><span class=\"s1\">Les gens qui cotisent aux r\u00e9gimes de pension s\u2019attendent \u00e0 obtenir les m\u00eames avantages, quel que soit leur \u00e2ge. Cependant, seuls les cotisants qui se marient avant l\u2019\u00e2ge de 60 ans peuvent transf\u00e9rer une pension au conjoint qui leur survit. Ceux qui se marient apr\u00e8s <\/span>l\u2019\u00e2ge de 60 ans n\u2019ont pas ce droit.<\/p>\n<p class=\"p2\">Beaucoup de gens qui \u00e9pousent un ancien combattant apr\u00e8s ses 60 ans ne savent pas que leurs <span class=\"s2\">prestations de maladie cesseront \u00e0<\/span><span class=\"s1\"> la mort de leur nouveau conjoint, \u00e0 moins qu\u2019ils soient eux-m\u00eames pensionn\u00e9s. La politique pr\u00e9cise que si un ancien combattant se marie ou d\u00e9clare une union de fait pass\u00e9 l\u2019\u00e2ge de 60 ans, le r\u00e9gime de soins m\u00e9dicaux et dentaires du nouveau conjoint ou de la nouvelle conjointe prend fin imm\u00e9diatement \u00e0 son d\u00e9c\u00e8s. <\/span><\/p>\n<p class=\"p2\"><span class=\"s1\">Il arrive bien souvent que des gens qui avaient une couverture de sant\u00e9 compl\u00e8te avant d\u2019\u00e9pouser un pensionn\u00e9 de plus de 60 ans d\u00e9cident apr\u00e8s le mariage de renoncer \u00e0 leur propre couverture et d\u2019adh\u00e9rer \u00e0 celle de leur conjoint. S\u2019ils savaient avant le mariage que, non seulement ils ne pourront pas percevoir de pension de survivant, mais aussi que leurs prestations de maladie cesseront, ils choisiraient certainement de garder leur propre r\u00e9gime d\u2019assurance maladie.<\/span><\/p>\n<p class=\"p2\"><span class=\"s1\">En outre, sans la pension de survivant, le nouveau conjoint ou la nouvelle conjointe n\u2019a pas le droit de s\u2019inscrire \u00e0 l\u2019Association nationale des retrait\u00e9s f\u00e9d\u00e9raux ni de se pr\u00e9valoir des avantages qu\u2019elle procure.<\/span><\/p>\n<p class=\"p2\"><span class=\"s1\">Les progr\u00e8s concernant ce point de la lettre de mandat sont plus lents que pr\u00e9vu. La L\u00e9gion continuera de plaider en faveur de l\u2019\u00e9limination de la clause restrictive du \u00ab mariage apr\u00e8s 60 ans \u00bb.<\/span><\/p>\n<hr \/>\n<p class=\"p1\"><strong><span class=\"s1\">\u00c0 votre service<\/span> est \u00e9crit par des officiers d\u2019entraide des directions de la L\u00e9gion. Pour communiquer avec un officier d\u2019entraide, composez sans frais le 1-877-534-4666, ou visitez le site Web d\u2019une direction. Consultez www.legionmagazine.com pour\u00a0les archives des trois derni\u00e8res ann\u00e9es.<\/strong><\/p>\n","protected":false},"excerpt":{"rendered":"<p>Une des priorit\u00e9s dans la lettre de mandat du premier ministre Justin Trudeau remise en octobre au ministre des Anciens combattants et ministre adjoint de la D\u00e9fense nationale, Seamus O\u2019Regan, \u00e9tait d\u2019\u00e9liminer la clause restrictive du \u00ab\u00a0mariage apr\u00e8s 60 ans \u00bb de la Loi sur la pension de retraite des Forces canadiennes, afin que les [&hellip;]<\/p>\n","protected":false},"author":1,"featured_media":4534,"comment_status":"closed","ping_status":"open","sticky":false,"template":"","format":"standard","meta":{"footnotes":""},"categories":[4],"tags":[],"class_list":["post-4532","post","type-post","status-publish","format-standard","has-post-thumbnail","hentry","category-nouvelles"],"_links":{"self":[{"href":"https:\/\/legionmagazine.com\/fr\/wp-json\/wp\/v2\/posts\/4532","targetHints":{"allow":["GET"]}}],"collection":[{"href":"https:\/\/legionmagazine.com\/fr\/wp-json\/wp\/v2\/posts"}],"about":[{"href":"https:\/\/legionmagazine.com\/fr\/wp-json\/wp\/v2\/types\/post"}],"author":[{"embeddable":true,"href":"https:\/\/legionmagazine.com\/fr\/wp-json\/wp\/v2\/users\/1"}],"replies":[{"embeddable":true,"href":"https:\/\/legionmagazine.com\/fr\/wp-json\/wp\/v2\/comments?post=4532"}],"version-history":[{"count":0,"href":"https:\/\/legionmagazine.com\/fr\/wp-json\/wp\/v2\/posts\/4532\/revisions"}],"wp:featuredmedia":[{"embeddable":true,"href":"https:\/\/legionmagazine.com\/fr\/wp-json\/wp\/v2\/media\/4534"}],"wp:attachment":[{"href":"https:\/\/legionmagazine.com\/fr\/wp-json\/wp\/v2\/media?parent=4532"}],"wp:term":[{"taxonomy":"category","embeddable":true,"href":"https:\/\/legionmagazine.com\/fr\/wp-json\/wp\/v2\/categories?post=4532"},{"taxonomy":"post_tag","embeddable":true,"href":"https:\/\/legionmagazine.com\/fr\/wp-json\/wp\/v2\/tags?post=4532"}],"curies":[{"name":"wp","href":"https:\/\/api.w.org\/{rel}","templated":true}]}}