{"id":4484,"date":"2018-02-15T15:38:00","date_gmt":"2018-02-15T19:38:00","guid":{"rendered":"https:\/\/legionmagfren.wpengine.com\/?p=4484"},"modified":"2018-02-15T15:38:00","modified_gmt":"2018-02-15T19:38:00","slug":"conseil-danciens-combattants-propose-a-tous-les-niveaux-de-la-legion","status":"publish","type":"post","link":"https:\/\/legionmagazine.com\/fr\/2018\/02\/conseil-danciens-combattants-propose-a-tous-les-niveaux-de-la-legion\/","title":{"rendered":"Conseil d\u2019anciens combattants propos\u00e9 \u00e0 tous les niveaux de la L\u00e9gion"},"content":{"rendered":"<div class=\"caption_img\">\r\n        <img fetchpriority=\"high\" decoding=\"async\" class=\"wp-image-4485\" src=\"https:\/\/legionmagazine.com\/fr\/wp-content\/uploads\/2018\/02\/Campbell-McCarron-2.jpg\" alt=\"\" width=\"566\" height=\"421\" srcset=\"https:\/\/legionmagazine.com\/fr\/wp-content\/uploads\/2018\/02\/Campbell-McCarron-2.jpg 3358w, https:\/\/legionmagazine.com\/fr\/wp-content\/uploads\/2018\/02\/Campbell-McCarron-2-300x223.jpg 300w, https:\/\/legionmagazine.com\/fr\/wp-content\/uploads\/2018\/02\/Campbell-McCarron-2-768x571.jpg 768w, https:\/\/legionmagazine.com\/fr\/wp-content\/uploads\/2018\/02\/Campbell-McCarron-2-1024x761.jpg 1024w\" sizes=\"(max-width: 566px) 100vw, 566px\" \/>\r\n        <div class=\"caption\">\r\n            <span>Bill Chafe (\u00e0 g.), pr\u00e9sident des d\u00e9bats de la direction nationale, f\u00e9licite Terry Campbell (au centre), deuxi\u00e8me vice-pr\u00e9sident, et Sonny McCarron, premier vice-pr\u00e9sident, tous deux nouvellement \u00e9lus. <\/span>\r\n            \r\n        <div class=\"credit\">\r\n            <span>Sharon Adams<\/span>\r\n        <\/div>\r\n\r\n        <\/div>\r\n        \r\n    <\/div>\n<p class=\"p1\"><span class=\"s1\"><b>Les d\u00e9l\u00e9gu\u00e9s <\/b>au 83<sup>e<\/sup> congr\u00e8s de la Division du Nouveau-Brunswick, qui a eu lieu les 23 et 24 septembre \u00e0 Fredericton, ont appuy\u00e9 la proposition d\u2019\u00e9tablir un conseil d\u2019anciens combattants au sein de <\/span>la L\u00e9gion royale canadienne.<\/p>\n<p class=\"p2\"><span class=\"s1\">Un tel conseil contribuerait \u00e0 attirer les jeunes militaires tout en conservant les membres actuels, dit Sonny McCarron, ancien combattant de la filiale Cape Tormentine.<\/span><\/p>\n<p class=\"p2\"><span class=\"s1\">\u00ab Il y a beaucoup d\u2019anciens combattants qui ont une mauvaise impression de la L\u00e9gion, a-t-il d\u00e9clar\u00e9 lors d\u2019une pr\u00e9sentation tr\u00e8s applaudie. La seule mani\u00e8re de changer cela, c\u2019est de prendre les devants plus souvent [\u2026], de devenir plus inclusifs en permettant [aux anciens combattants] de prendre part aux d\u00e9cisions sur les questions qui les concernent. \u00bb <\/span><\/p>\n<p class=\"p2\"><span class=\"s1\">\u00ab Nos anciens combattants ne veulent pas que des gens qui n\u2019ont jamais servi prennent des d\u00e9cisions concernant leur vie et leur famille \u00bb, dit-il. <\/span><\/p>\n<p class=\"p2\"><span class=\"s1\">Les 130 d\u00e9l\u00e9gu\u00e9s accr\u00e9dit\u00e9s ont vot\u00e9 unanimement pour la proposition faite par McCarron d\u2019\u00e9tablir un conseil d\u2019anciens combattants \u2013 des anciens combattants \u00e9lus par des anciens combattants et si\u00e9geant aux conseils d\u2019administration \u00e0 tous les niveaux : filiales, zones, districts, divisions et direction g\u00e9n\u00e9rale. <\/span><\/p>\n<p class=\"p2\"><span class=\"s1\">Le conseil ne changerait en rien le <\/span><span class=\"s2\">r\u00f4le des autres dirigeants \u00e9lus, dit McCarron, mais il revaloriserait le statut des anciens combattants \u00e0 la L\u00e9gion.<\/span><\/p>\n<p class=\"p2\"><span class=\"s1\">Une motion sera pr\u00e9par\u00e9e pour le congr\u00e8s national de 2018.<\/span><\/p>\n<p class=\"p2\"><span class=\"s1\">La c\u00e9r\u00e9monie d\u2019ouverture comprenait un mot de bienvenue de Stephen Horsman, vice-premier ministre provincial, qui a f\u00e9licit\u00e9 la division de ce qu\u2019elle fait depuis longtemps pour les anciens combattants.<\/span><\/p>\n<div class=\"caption_img\">\r\n        <img decoding=\"async\" class=\"wp-image-4486\" src=\"https:\/\/legionmagazine.com\/fr\/wp-content\/uploads\/2018\/02\/IMG_4415.jpg\" alt=\"\" width=\"566\" height=\"751\" srcset=\"https:\/\/legionmagazine.com\/fr\/wp-content\/uploads\/2018\/02\/IMG_4415.jpg 1648w, https:\/\/legionmagazine.com\/fr\/wp-content\/uploads\/2018\/02\/IMG_4415-226x300.jpg 226w, https:\/\/legionmagazine.com\/fr\/wp-content\/uploads\/2018\/02\/IMG_4415-768x1019.jpg 768w, https:\/\/legionmagazine.com\/fr\/wp-content\/uploads\/2018\/02\/IMG_4415-772x1024.jpg 772w\" sizes=\"(max-width: 566px) 100vw, 566px\" \/>\r\n        <div class=\"caption\">\r\n            <span>John Ladouceur prend ses nouvelles fonctions de pr\u00e9sident. <\/span>\r\n            \r\n        <div class=\"credit\">\r\n            <span>Sharon Adams<\/span>\r\n        <\/div>\r\n\r\n        <\/div>\r\n        \r\n    <\/div>\n<p class=\"p2\"><span class=\"s1\">Jocelyne Roy-Vienneau, lieutenante-gouverneure du Nouveau-Brunswick, M. Chafe, Harold Harper, pr\u00e9sident de la Division du Nouveau-Brunswick, Joan Caverhill, pr\u00e9sidente des DA de Fredericton, et Don Swain, pr\u00e9sident de la filiale de Fredericton, ont d\u00e9pos\u00e9 une couronne.<\/span><\/p>\n<p class=\"p2\"><span class=\"s1\">M<sup>me<\/sup> Roy-Vienneau, avant le d\u00e9fil\u00e9, a remerci\u00e9 la L\u00e9gion de promouvoir \u00ab non pas la nostalgie de la guerre, mais sa r\u00e9alit\u00e9 \u00bb.<\/span><\/p>\n<p class=\"p2\"><span class=\"s1\">Le pr\u00e9sident Harper a rapport\u00e9 que les finances sont stables, mais qu\u2019elles \u00ab doivent \u00eatre surveill\u00e9es de pr\u00e8s \u00bb. Des d\u00e9cisions difficiles et impopulaires ont \u00e9t\u00e9 prises, comme la restriction des d\u00e9placements, les r\u00e9unions par t\u00e9l\u00e9conf\u00e9rence et la r\u00e9duction du personnel.<\/span><\/p>\n<p class=\"p2\"><span class=\"s1\">Ces changements ont rendu possibles des contributions annuelles de 75 000 $ aux investissements, garantissant la continuation du financement des programmes du leadership et de l\u2019athl\u00e9tisme de la jeunesse, a rapport\u00e9 le tr\u00e9sorier, Gary McDade.\u00a0<\/span><\/p>\n<p class=\"p2\"><span class=\"s1\">La valeur nette de la division, qui \u00e9tait de 1 030 588 $ il y a deux ans et demi, est maintenant de 1 276 208 $, a-t-il poursuivi, avant de conclure sur une bonne nouvelle : pas besoin d\u2019augmenter les frais d\u2019adh\u00e9sion. <\/span><\/p>\n<p class=\"p2\"><span class=\"s2\">Clayton Saunders a rapport\u00e9 que jusqu\u2019en septembre 2017, le <i>Military Service Recognition Book<\/i> (livre de reconnaissance de service militaire, NDT) avait rapport\u00e9 87 006,47 $. L\u2019\u00e9diteur Mark Fenety a d\u00e9clar\u00e9 que pour la septi\u00e8me ann\u00e9e cons\u00e9cutive, <\/span><span class=\"s1\">le livre rapporterait plus de 93 000 $<\/span><span class=\"s2\"> \u00e0 la division.<\/span><\/p>\n<p class=\"p2\"><span class=\"s1\">Les r\u00e9actions du public aux campagnes de mercatique de la L\u00e9gion ont g\u00e9n\u00e9ralement \u00e9t\u00e9 bonnes, a dit Chafe apr\u00e8s avoir pr\u00e9sent\u00e9 une vid\u00e9o visant l\u2019augmentation des adh\u00e9sions. Cependant, compte tenu de la visibilit\u00e9 accrue, \u00ab nous voyons et entendons plus de commentaires n\u00e9gatifs que jamais \u00bb. La Direction nationale y r\u00e9pond d\u2019abord en expliquant pourquoi la L\u00e9gion prend certaines positions, puis en mettant l\u2019accent sur sa longue histoire de bonnes \u0153uvres pour les collectivit\u00e9s et les anciens combattants. <\/span><\/p>\n<p class=\"p2\"><span class=\"s1\">\u00ab Nous devrions nous servir de certaines de ces plaintes pour nous assurer que notre culture est conforme aux valeurs fondamentales de la L\u00e9gion : service, int\u00e9grit\u00e9, respect, loyaut\u00e9 et travail d\u2019\u00e9quipe, valeurs que partagent beaucoup de Canadiens \u00bb, dit Chafe.<\/span><\/p>\n<p class=\"p2\"><span class=\"s1\">Le nombre de renouvellements continue d\u2019augmenter, \u00ab mais nous perdons des membres \u00e0 une vitesse alarmante \u00bb, a rapport\u00e9 le pr\u00e9sident de l\u2019adh\u00e9sion, Jack Clayton. En septembre, le nombre de membres de la division s\u2019\u00e9levait \u00e0 7 936, une baisse par rapport aux 8 448 qu\u2019il y avait en 2016 et aux 8 826, en 2014. <\/span><\/p>\n<p class=\"p2\"><span class=\"s1\">Le pr\u00e9sident des anciens combattants, des services et des ain\u00e9s a rapport\u00e9 que depuis 2014, 37 anciens combattants n\u00e9cessiteux avaient re\u00e7u une aide financi\u00e8re provenant du fonds du coquelicot, d\u2019une caisse de secours ou du fonds des anciens combattants sans abri, ou l\u2019aide d\u2019une <\/span>filiale ou d\u2019un officier d\u2019entraide, ou avaient \u00e9t\u00e9 r\u00e9f\u00e9r\u00e9s \u00e0 ACC.<\/p>\n<p class=\"p2\"><span class=\"s1\">Les d\u00e9l\u00e9gu\u00e9s ont appuy\u00e9 le projet d\u2019une place de la bataille de l\u2019Atlantique \u00e0 Halifax, apr\u00e8s la pr\u00e9sentation de Gary Reddy du Fonds de comm\u00e9moration de la marine canadienne.<\/span><\/p>\n<div class=\"caption_img\">\r\n        <img decoding=\"async\" class=\"wp-image-4487\" src=\"https:\/\/legionmagazine.com\/fr\/wp-content\/uploads\/2018\/02\/Harold_2_wreath.jpg\" alt=\"\" width=\"566\" height=\"514\" srcset=\"https:\/\/legionmagazine.com\/fr\/wp-content\/uploads\/2018\/02\/Harold_2_wreath.jpg 3808w, https:\/\/legionmagazine.com\/fr\/wp-content\/uploads\/2018\/02\/Harold_2_wreath-300x272.jpg 300w, https:\/\/legionmagazine.com\/fr\/wp-content\/uploads\/2018\/02\/Harold_2_wreath-768x697.jpg 768w, https:\/\/legionmagazine.com\/fr\/wp-content\/uploads\/2018\/02\/Harold_2_wreath-1024x929.jpg 1024w\" sizes=\"(max-width: 566px) 100vw, 566px\" \/>\r\n        <div class=\"caption\">\r\n            <span>Le pr\u00e9sident Harold Harper d\u00e9pose une couronne. <\/span>\r\n            \r\n        <div class=\"credit\">\r\n            <span>Sharon Adams<\/span>\r\n        <\/div>\r\n\r\n        <\/div>\r\n        \r\n    <\/div>\n<p class=\"p2\"><span class=\"s1\">Le projet, dont le cout est estim\u00e9 \u00e0 225 millions de dollars, repr\u00e9sentera les contributions du Canada \u00e0 la bataille la plus longue de la Seconde Guerre mondiale, o\u00f9 4 600 Canadiens ont trouv\u00e9 la mort. Il servira aussi \u00e0 retracer la mani\u00e8re dont la g\u00e9n\u00e9ration d\u2019alors a transform\u00e9 le pays en soci\u00e9t\u00e9 industrielle moderne. <\/span><\/p>\n<p class=\"p2\"><span class=\"s1\">Le washer toss (jet de rondelle, NDT), jeu semblable au jeu de fers \u00e0 cheval, a \u00e9t\u00e9 ajout\u00e9 \u00e0 la liste des sports de membres de la division. \u00ab Le Nouveau-Brunswick sera en avance sur les autres lorsque le jeu deviendra un sport national \u00bb, a d\u00e9clar\u00e9 le pr\u00e9sident des sports, Gary McDade. <\/span><\/p>\n<p class=\"p2\"><span class=\"s1\">Les d\u00e9l\u00e9gu\u00e9s ont \u00e9cout\u00e9 plusieurs pr\u00e9sentations, dont un rapport de Buster Rogers de la filiale Hampton sur le p\u00e8lerinage du souvenir de la L\u00e9gion aux monuments, cimeti\u00e8res et champs de bataille europ\u00e9ens o\u00f9 des Canadiens ont combattu et ont \u00e9t\u00e9 enterr\u00e9s. <\/span><\/p>\n<p class=\"p2\"><span class=\"s1\">Maryse Savoie, directrice g\u00e9n\u00e9rale int\u00e9rimaire des op\u00e9rations en r\u00e9gion, a fait le point sur les modifications des avantages et des programmes d\u2019Anciens combattants Canada. Les neuf bureaux r\u00e9gionaux ont \u00e9t\u00e9 rouverts, et plus de 240 personnes suppl\u00e9mentaires ont \u00e9t\u00e9 embauch\u00e9es. <\/span><\/p>\n<p class=\"p2\"><span class=\"s1\">Duane Johnson a pr\u00e9sent\u00e9 aux d\u00e9l\u00e9gu\u00e9s la nouvelle section sp\u00e9ciale de traumatisme de stress op\u00e9rationnel. Elle ne se veut pas le remplacement du bureau d\u2019entraide ni des programmes d\u2019aide sociale du MDN ni d\u2019ACC. \u00ab Nous ne g\u00e9rons pas les dossiers, ne remplissons ni ne classons de formulaires, ni ne fournissons de soins de sant\u00e9 mentale. Mais nous orientons les anciens combattants et les familles vers le soutien dont ils ont besoin \u00bb, comme les psychoth\u00e9rapeutes. <\/span><\/p>\n<p class=\"p2\"><span class=\"s1\">Chafe a dirig\u00e9 les \u00e9lections qui ont \u00e9t\u00e9 men\u00e9es rapidement. Le premier vice-pr\u00e9sident, John Ladouceur de la filiale Oromocto, a \u00e9t\u00e9 \u00e9lu pr\u00e9sident par acclamation. Paul Poirier de la filiale Herman Good VC, pr\u00e9sident honoraire et Jack Clayton de la filiale Lancaster de St-Jean, le pr\u00e9sident des d\u00e9bats, ont \u00e9galement \u00e9t\u00e9 \u00e9lus par acclamation. <\/span><\/p>\n<p class=\"p2\"><span class=\"s1\">Sonny McCarron a \u00e9t\u00e9 \u00e9lu premier vice-pr\u00e9sident devant Brian Roberts de la filiale Kennebecasis de Rothebasy, dont le nom a \u00e9t\u00e9 ajout\u00e9 \u00e0 la liste des candidats au poste de deuxi\u00e8me vice-pr\u00e9sident. <\/span><\/p>\n<p class=\"p2\"><span class=\"s1\">Roberts, qui avait \u00e9t\u00e9 deuxi\u00e8me vice-pr\u00e9sident deux fois, s\u2019est retir\u00e9 de la course. Terry Campbell, de la filiale Marysville de Clifton Royal, a \u00e9t\u00e9 \u00e9lu devant Daryl Alward, de la filiale Marysville de Fredericton. <\/span><\/p>\n<p class=\"p2\"><span class=\"s1\">Gary McDade, de la filiale Fredericton, qui est tr\u00e9sorier depuis dix ans, a \u00e9t\u00e9 r\u00e9\u00e9lu devant Clayton Saunders de la filiale Petitcodiac. <\/span><\/p>\n<p class=\"p2\"><span class=\"s1\">Le nouveau pr\u00e9sident, M. Ladouceur, a annonc\u00e9, sur une note optimiste, qu\u2019il pensait pouvoir \u00ab faire augmenter l\u2019adh\u00e9-sion de deux pour cent au cours des deux prochaines ann\u00e9es. C\u2019est un effort d\u2019\u00e9quipe. Tout le monde peut collaborer pour promouvoir les valeurs de la L\u00e9gion. \u00bb <\/span><\/p>\n","protected":false},"excerpt":{"rendered":"<p>Les d\u00e9l\u00e9gu\u00e9s au 83e congr\u00e8s de la Division du Nouveau-Brunswick, qui a eu lieu les 23 et 24 septembre \u00e0 Fredericton, ont appuy\u00e9 la proposition d\u2019\u00e9tablir un conseil d\u2019anciens combattants au sein de la L\u00e9gion royale canadienne. Un tel conseil contribuerait \u00e0 attirer les jeunes militaires tout en conservant les membres actuels, dit Sonny McCarron, [&hellip;]<\/p>\n","protected":false},"author":3,"featured_media":4487,"comment_status":"closed","ping_status":"open","sticky":false,"template":"","format":"standard","meta":{"footnotes":""},"categories":[4],"tags":[],"class_list":["post-4484","post","type-post","status-publish","format-standard","has-post-thumbnail","hentry","category-nouvelles"],"_links":{"self":[{"href":"https:\/\/legionmagazine.com\/fr\/wp-json\/wp\/v2\/posts\/4484","targetHints":{"allow":["GET"]}}],"collection":[{"href":"https:\/\/legionmagazine.com\/fr\/wp-json\/wp\/v2\/posts"}],"about":[{"href":"https:\/\/legionmagazine.com\/fr\/wp-json\/wp\/v2\/types\/post"}],"author":[{"embeddable":true,"href":"https:\/\/legionmagazine.com\/fr\/wp-json\/wp\/v2\/users\/3"}],"replies":[{"embeddable":true,"href":"https:\/\/legionmagazine.com\/fr\/wp-json\/wp\/v2\/comments?post=4484"}],"version-history":[{"count":0,"href":"https:\/\/legionmagazine.com\/fr\/wp-json\/wp\/v2\/posts\/4484\/revisions"}],"wp:featuredmedia":[{"embeddable":true,"href":"https:\/\/legionmagazine.com\/fr\/wp-json\/wp\/v2\/media\/4487"}],"wp:attachment":[{"href":"https:\/\/legionmagazine.com\/fr\/wp-json\/wp\/v2\/media?parent=4484"}],"wp:term":[{"taxonomy":"category","embeddable":true,"href":"https:\/\/legionmagazine.com\/fr\/wp-json\/wp\/v2\/categories?post=4484"},{"taxonomy":"post_tag","embeddable":true,"href":"https:\/\/legionmagazine.com\/fr\/wp-json\/wp\/v2\/tags?post=4484"}],"curies":[{"name":"wp","href":"https:\/\/api.w.org\/{rel}","templated":true}]}}