{"id":4458,"date":"2018-02-15T14:53:33","date_gmt":"2018-02-15T18:53:33","guid":{"rendered":"https:\/\/legionmagfren.wpengine.com\/?p=4458"},"modified":"2018-02-15T14:53:33","modified_gmt":"2018-02-15T18:53:33","slug":"hudson-inaugure-la-place-vimy","status":"publish","type":"post","link":"https:\/\/legionmagazine.com\/fr\/2018\/02\/hudson-inaugure-la-place-vimy\/","title":{"rendered":"Hudson inaugure la Place Vimy"},"content":{"rendered":"<div id=\"attachment_4460\" style=\"width: 576px\" class=\"wp-caption alignnone\"><img fetchpriority=\"high\" decoding=\"async\" aria-describedby=\"caption-attachment-4460\" class=\"wp-image-4460\" src=\"https:\/\/legionmagazine.com\/fr\/wp-content\/uploads\/2018\/02\/44180.jpg\" alt=\"\" width=\"566\" height=\"531\" srcset=\"https:\/\/legionmagazine.com\/fr\/wp-content\/uploads\/2018\/02\/44180.jpg 3217w, https:\/\/legionmagazine.com\/fr\/wp-content\/uploads\/2018\/02\/44180-300x282.jpg 300w, https:\/\/legionmagazine.com\/fr\/wp-content\/uploads\/2018\/02\/44180-768x721.jpg 768w, https:\/\/legionmagazine.com\/fr\/wp-content\/uploads\/2018\/02\/44180-1024x961.jpg 1024w\" sizes=\"(max-width: 566px) 100vw, 566px\" \/><p id=\"caption-attachment-4460\" class=\"wp-caption-text\">Inauguration du c\u00e9notaphe r\u00e9nov\u00e9 d\u2019Hudson, au Qu\u00e9bec. [Bill Louch]<\/p><\/div>\n<p class=\"p1\"><b>La filiale qu\u00e9b\u00e9coise<\/b> Hudson a d\u00e9voil\u00e9 son c\u00e9notaphe r\u00e9nov\u00e9 et le parc qui l\u2019entoure, d\u00e9sormais baptis\u00e9 Place Vimy en l\u2019honneur du 100<sup>e<\/sup> anniversaire de la bataille de la cr\u00eate de Vimy.<span class=\"s1\">\u00a0<\/span><\/p>\n<p class=\"p2\"><span class=\"s1\">Unique en son genre dans la r\u00e9gion de Vaudreuil-Soulanges, le c\u00e9notaphe comm\u00e9more les habitants <\/span>des 23 collectivit\u00e9s qui ont parti-cip\u00e9 \u00e0 la guerre d\u2019Afrique du Sud, \u00e0 la Grande Guerre, \u00e0 la Seconde Guerre mondiale, \u00e0 la guerre de <span class=\"s1\">Cor\u00e9e, aux missions de maintien de la paix, \u00e0 la guerre du Golfe et en Afghanistan, ainsi que ceux qui ont servi dans la marine marchande.<\/span><\/p>\n<p class=\"p2\"><span class=\"s1\">L\u2019ancien c\u00e9notaphe, \u00e9rig\u00e9 en 1981, \u00e9tait d\u00e9labr\u00e9 et envahi par les arbustes et les buissons. \u00ab Chaque fois que nous avions [une c\u00e9r\u00e9monie] au jour du Souvenir, il fallait d\u2019abord d\u00e9broussailler, dit le second vice-pr\u00e9sident de la filiale Hudson, Rod Hodgson. \u00c7a faisait peine \u00e0 voir. \u00bb<\/span><\/p>\n<p class=\"p2\">Les r\u00e9novations furent d\u2019abord propos\u00e9es par le premier vice-pr\u00e9sident, Michael Elliot. Elles commenc\u00e8rent \u00e0 l\u2019automne de 2016 gr\u00e2ce \u00e0 une subvention du programme d\u2019aide \u00e0 l\u2019\u00e9dification de monuments comm\u00e9moratifs d\u2019Anciens combattants Canada et \u00e0 des dons de membres de la communaut\u00e9.<\/p>\n<p class=\"p2\">Trois nouvelles plaques en bronze ont \u00e9t\u00e9 ajout\u00e9es au c\u00e9no<span class=\"s2\">taphe. \u00ab Nous n\u2019avions rien ni pour l\u2019Afghanistan, ni pour la guerre des Boers, ni pour la Cor\u00e9e, a d\u00e9clar\u00e9 M. Hodgson, alors nous avons com<\/span>mand\u00e9 trois nouvelles plaques\u2026 <span class=\"s2\">e<\/span>t elles sont vraiment belles. \u00bb<\/p>\n<p class=\"p2\">Ces nouvelles plaques, qui s\u2019ajoutent aux deux plaques qui honoraient d\u00e9j\u00e0 les 48 soldats de la r\u00e9gion tomb\u00e9s aux deux guerres mondiales, comm\u00e9morent aussi ceux qui ont servi dans la marine<span class=\"s2\"> marchande, aux missions de maintien de la paix et \u00e0 la guerre du Golfe.<\/span><\/p>\n<div id=\"attachment_4461\" style=\"width: 576px\" class=\"wp-caption alignnone\"><img decoding=\"async\" aria-describedby=\"caption-attachment-4461\" class=\"wp-image-4461\" src=\"https:\/\/legionmagazine.com\/fr\/wp-content\/uploads\/2018\/02\/44176.jpg\" alt=\"\" width=\"566\" height=\"513\" srcset=\"https:\/\/legionmagazine.com\/fr\/wp-content\/uploads\/2018\/02\/44176.jpg 3146w, https:\/\/legionmagazine.com\/fr\/wp-content\/uploads\/2018\/02\/44176-300x272.jpg 300w, https:\/\/legionmagazine.com\/fr\/wp-content\/uploads\/2018\/02\/44176-768x697.jpg 768w, https:\/\/legionmagazine.com\/fr\/wp-content\/uploads\/2018\/02\/44176-1024x929.jpg 1024w\" sizes=\"(max-width: 566px) 100vw, 566px\" \/><p id=\"caption-attachment-4461\" class=\"wp-caption-text\">Norman St Aubin, Peter Stephenson et Maxine Bredt (de g. \u00e0 droite), anciens combattant de la Seconde Guerre mondiale, accompagn\u00e9s du cornemuseur Graham Batty, \u00e9taient parmi les invit\u00e9s d\u2019honneur \u00e0 la c\u00e9r\u00e9monie. [Bill Louch]<\/p><\/div>\n<p class=\"p2\">Les 19 poteaux de fer qui entourent le c\u00e9notaphe ont \u00e9t\u00e9 <span class=\"s2\">parrain\u00e9s par des gens de la collectivit\u00e9, et sont l\u2019un des ajouts les plus poignants au parc. \u00ab Il y a une inscription sur chacun des poteaux \u00e0 la m\u00e9moire de quelqu\u2019un \u00bb, dit Hodgson. Une nouvelle enseigne annon\u00e7ant la place Vimy a \u00e9t\u00e9 \u00e9rig\u00e9e au milieu des jardins du c\u00e9notaphe.<\/span><\/p>\n<p class=\"p2\"><span class=\"s2\">La c\u00e9r\u00e9monie du 13 aout a commenc\u00e9 par un d\u00e9fil\u00e9 impromptu. \u00ab Nous n\u2019avions pas pr\u00e9vu de d\u00e9fil\u00e9\u2026 et au dernier moment, il y avait des soldats en service, des cadets de la marine, et nos anciens combattants, dit Hodgson. Je leur ai dit que ceux qui souhaitaient d\u00e9filer pouvaient le faire. \u00c0 peu pr\u00e8s 45 personnes l\u2019ont fait. \u00bb La c\u00e9r\u00e9monie d\u2019inauguration comprenait le d\u00e9p\u00f4t de couronnes par des dignitaires locaux, provinciaux et f\u00e9d\u00e9raux, la <i>Sonnerie aux morts<\/i> et le d\u00e9voilement de la nouvelle plaque de la place Vimy. Trois v\u00e9t\u00e9rans de la Deuxi\u00e8me Guerre mondiale repr\u00e9sentant l\u2019arm\u00e9e de terre, la marine et l\u2019aviation ont assist\u00e9 \u00e0 la c\u00e9r\u00e9monie.<\/span><\/p>\n<p class=\"p2\"><span class=\"s2\">Un ch\u00eane de Vimy a \u00e9t\u00e9 plant\u00e9 le 28 septembre \u00e0 la filiale Hudson en pr\u00e9sence de Peter Schiefken, d\u00e9put\u00e9 f\u00e9d\u00e9ral de Vaudreuil-Soulanges. Deux paires de bottes provenant de la comm\u00e9moration du 100<sup>e<\/sup> anniversaire de la bataille de la cr\u00eate de Vimy en France ont \u00e9t\u00e9 donn\u00e9es par un ancien combattant qui y avait assist\u00e9 et par Anciens combattants Canada. Les bottes sont expos\u00e9es \u00e0 la filiale. <\/span><\/p>\n","protected":false},"excerpt":{"rendered":"<p>La filiale qu\u00e9b\u00e9coise Hudson a d\u00e9voil\u00e9 son c\u00e9notaphe r\u00e9nov\u00e9 et le parc qui l\u2019entoure, d\u00e9sormais baptis\u00e9 Place Vimy en l\u2019honneur du 100e anniversaire de la bataille de la cr\u00eate de Vimy.\u00a0 Unique en son genre dans la r\u00e9gion de Vaudreuil-Soulanges, le c\u00e9notaphe comm\u00e9more les habitants des 23 collectivit\u00e9s qui ont parti-cip\u00e9 \u00e0 la guerre d\u2019Afrique &hellip;<\/p>\n","protected":false},"author":45,"featured_media":4459,"comment_status":"closed","ping_status":"open","sticky":false,"template":"","format":"standard","meta":{"_genesis_block_theme_hide_title":false,"footnotes":""},"categories":[4],"tags":[],"class_list":["post-4458","post","type-post","status-publish","format-standard","has-post-thumbnail","hentry","category-nouvelles","with-featured-image"],"yoast_head":"<!-- This site is optimized with the Yoast SEO plugin v28.3 - https:\/\/yoast.com\/product\/yoast-seo-wordpress\/ -->\n<title>Hudson inaugure la Place Vimy - La revue L\u00e9gion<\/title>\n<meta name=\"robots\" content=\"index, follow, max-snippet:-1, max-image-preview:large, max-video-preview:-1\" \/>\n<link rel=\"canonical\" href=\"https:\/\/legionmagazine.com\/fr\/2018\/02\/hudson-inaugure-la-place-vimy\/\" \/>\n<meta property=\"og:locale\" content=\"en_US\" \/>\n<meta property=\"og:type\" content=\"article\" \/>\n<meta property=\"og:title\" content=\"Hudson inaugure la Place Vimy - La revue L\u00e9gion\" \/>\n<meta property=\"og:description\" content=\"La filiale qu\u00e9b\u00e9coise Hudson a d\u00e9voil\u00e9 son c\u00e9notaphe r\u00e9nov\u00e9 et le parc qui l\u2019entoure, d\u00e9sormais baptis\u00e9 Place Vimy en l\u2019honneur du 100e anniversaire de la bataille de la cr\u00eate de Vimy.\u00a0 Unique en son genre dans la r\u00e9gion de Vaudreuil-Soulanges, le c\u00e9notaphe comm\u00e9more les habitants des 23 collectivit\u00e9s qui ont parti-cip\u00e9 \u00e0 la guerre d\u2019Afrique &hellip;\" \/>\n<meta property=\"og:url\" content=\"https:\/\/legionmagazine.com\/fr\/2018\/02\/hudson-inaugure-la-place-vimy\/\" \/>\n<meta property=\"og:site_name\" content=\"La revue L\u00e9gion\" \/>\n<meta property=\"article:published_time\" content=\"2018-02-15T18:53:33+00:00\" \/>\n<meta property=\"og:image\" content=\"https:\/\/legionmagazine.com\/fr\/wp-content\/uploads\/2018\/02\/Feature-2.jpg\" \/>\n\t<meta property=\"og:image:width\" content=\"936\" \/>\n\t<meta property=\"og:image:height\" content=\"269\" \/>\n\t<meta property=\"og:image:type\" content=\"image\/jpeg\" \/>\n<meta name=\"author\" content=\"Stephanie Slegtenhorst\" \/>\n<meta name=\"twitter:card\" content=\"summary_large_image\" \/>\n<meta name=\"twitter:label1\" content=\"Written by\" \/>\n\t<meta name=\"twitter:data1\" content=\"Stephanie Slegtenhorst\" \/>\n\t<meta name=\"twitter:label2\" content=\"Est. reading time\" \/>\n\t<meta name=\"twitter:data2\" content=\"3 minutes\" \/>\n<script type=\"application\/ld+json\" class=\"yoast-schema-graph\">{\"@context\":\"https:\\\/\\\/schema.org\",\"@graph\":[{\"@type\":\"Article\",\"@id\":\"https:\\\/\\\/legionmagazine.com\\\/fr\\\/2018\\\/02\\\/hudson-inaugure-la-place-vimy\\\/#article\",\"isPartOf\":{\"@id\":\"https:\\\/\\\/legionmagazine.com\\\/fr\\\/2018\\\/02\\\/hudson-inaugure-la-place-vimy\\\/\"},\"author\":{\"name\":\"Stephanie Slegtenhorst\",\"@id\":\"https:\\\/\\\/legionmagazine.com\\\/fr\\\/#\\\/schema\\\/person\\\/cfca23b666233ec83a3b4969b520239a\"},\"headline\":\"Hudson inaugure la Place Vimy\",\"datePublished\":\"2018-02-15T18:53:33+00:00\",\"mainEntityOfPage\":{\"@id\":\"https:\\\/\\\/legionmagazine.com\\\/fr\\\/2018\\\/02\\\/hudson-inaugure-la-place-vimy\\\/\"},\"wordCount\":637,\"image\":{\"@id\":\"https:\\\/\\\/legionmagazine.com\\\/fr\\\/2018\\\/02\\\/hudson-inaugure-la-place-vimy\\\/#primaryimage\"},\"thumbnailUrl\":\"https:\\\/\\\/legionmagazine.com\\\/fr\\\/wp-content\\\/uploads\\\/2018\\\/02\\\/Feature-2.jpg\",\"articleSection\":[\"Nouvelles\"],\"inLanguage\":\"en-US\"},{\"@type\":\"WebPage\",\"@id\":\"https:\\\/\\\/legionmagazine.com\\\/fr\\\/2018\\\/02\\\/hudson-inaugure-la-place-vimy\\\/\",\"url\":\"https:\\\/\\\/legionmagazine.com\\\/fr\\\/2018\\\/02\\\/hudson-inaugure-la-place-vimy\\\/\",\"name\":\"Hudson inaugure la Place Vimy - La revue L\u00e9gion\",\"isPartOf\":{\"@id\":\"https:\\\/\\\/legionmagazine.com\\\/fr\\\/#website\"},\"primaryImageOfPage\":{\"@id\":\"https:\\\/\\\/legionmagazine.com\\\/fr\\\/2018\\\/02\\\/hudson-inaugure-la-place-vimy\\\/#primaryimage\"},\"image\":{\"@id\":\"https:\\\/\\\/legionmagazine.com\\\/fr\\\/2018\\\/02\\\/hudson-inaugure-la-place-vimy\\\/#primaryimage\"},\"thumbnailUrl\":\"https:\\\/\\\/legionmagazine.com\\\/fr\\\/wp-content\\\/uploads\\\/2018\\\/02\\\/Feature-2.jpg\",\"datePublished\":\"2018-02-15T18:53:33+00:00\",\"author\":{\"@id\":\"https:\\\/\\\/legionmagazine.com\\\/fr\\\/#\\\/schema\\\/person\\\/cfca23b666233ec83a3b4969b520239a\"},\"breadcrumb\":{\"@id\":\"https:\\\/\\\/legionmagazine.com\\\/fr\\\/2018\\\/02\\\/hudson-inaugure-la-place-vimy\\\/#breadcrumb\"},\"inLanguage\":\"en-US\",\"potentialAction\":[{\"@type\":\"ReadAction\",\"target\":[\"https:\\\/\\\/legionmagazine.com\\\/fr\\\/2018\\\/02\\\/hudson-inaugure-la-place-vimy\\\/\"]}]},{\"@type\":\"ImageObject\",\"inLanguage\":\"en-US\",\"@id\":\"https:\\\/\\\/legionmagazine.com\\\/fr\\\/2018\\\/02\\\/hudson-inaugure-la-place-vimy\\\/#primaryimage\",\"url\":\"https:\\\/\\\/legionmagazine.com\\\/fr\\\/wp-content\\\/uploads\\\/2018\\\/02\\\/Feature-2.jpg\",\"contentUrl\":\"https:\\\/\\\/legionmagazine.com\\\/fr\\\/wp-content\\\/uploads\\\/2018\\\/02\\\/Feature-2.jpg\",\"width\":936,\"height\":269},{\"@type\":\"BreadcrumbList\",\"@id\":\"https:\\\/\\\/legionmagazine.com\\\/fr\\\/2018\\\/02\\\/hudson-inaugure-la-place-vimy\\\/#breadcrumb\",\"itemListElement\":[{\"@type\":\"ListItem\",\"position\":1,\"name\":\"Home\",\"item\":\"https:\\\/\\\/legionmagazine.com\\\/fr\\\/\"},{\"@type\":\"ListItem\",\"position\":2,\"name\":\"Hudson inaugure la Place Vimy\"}]},{\"@type\":\"WebSite\",\"@id\":\"https:\\\/\\\/legionmagazine.com\\\/fr\\\/#website\",\"url\":\"https:\\\/\\\/legionmagazine.com\\\/fr\\\/\",\"name\":\"La revue L\u00e9gion\",\"description\":\"\",\"potentialAction\":[{\"@type\":\"SearchAction\",\"target\":{\"@type\":\"EntryPoint\",\"urlTemplate\":\"https:\\\/\\\/legionmagazine.com\\\/fr\\\/?s={search_term_string}\"},\"query-input\":{\"@type\":\"PropertyValueSpecification\",\"valueRequired\":true,\"valueName\":\"search_term_string\"}}],\"inLanguage\":\"en-US\"},{\"@type\":\"Person\",\"@id\":\"https:\\\/\\\/legionmagazine.com\\\/fr\\\/#\\\/schema\\\/person\\\/cfca23b666233ec83a3b4969b520239a\",\"name\":\"Stephanie Slegtenhorst\",\"image\":{\"@type\":\"ImageObject\",\"inLanguage\":\"en-US\",\"@id\":\"https:\\\/\\\/secure.gravatar.com\\\/avatar\\\/385831891cef2da6dbd8bdc230f5521491aa3880e2e2ebee17f8f07d57d41b02?s=96&d=mm&r=g\",\"url\":\"https:\\\/\\\/secure.gravatar.com\\\/avatar\\\/385831891cef2da6dbd8bdc230f5521491aa3880e2e2ebee17f8f07d57d41b02?s=96&d=mm&r=g\",\"contentUrl\":\"https:\\\/\\\/secure.gravatar.com\\\/avatar\\\/385831891cef2da6dbd8bdc230f5521491aa3880e2e2ebee17f8f07d57d41b02?s=96&d=mm&r=g\",\"caption\":\"Stephanie Slegtenhorst\"},\"url\":\"https:\\\/\\\/legionmagazine.com\\\/fr\\\/author\\\/stephanie_slegtenhorst\\\/\"}]}<\/script>\n<!-- \/ Yoast SEO plugin. -->","yoast_head_json":{"title":"Hudson inaugure la Place Vimy - La revue L\u00e9gion","robots":{"index":"index","follow":"follow","max-snippet":"max-snippet:-1","max-image-preview":"max-image-preview:large","max-video-preview":"max-video-preview:-1"},"canonical":"https:\/\/legionmagazine.com\/fr\/2018\/02\/hudson-inaugure-la-place-vimy\/","og_locale":"en_US","og_type":"article","og_title":"Hudson inaugure la Place Vimy - La revue L\u00e9gion","og_description":"La filiale qu\u00e9b\u00e9coise Hudson a d\u00e9voil\u00e9 son c\u00e9notaphe r\u00e9nov\u00e9 et le parc qui l\u2019entoure, d\u00e9sormais baptis\u00e9 Place Vimy en l\u2019honneur du 100e anniversaire de la bataille de la cr\u00eate de Vimy.\u00a0 Unique en son genre dans la r\u00e9gion de Vaudreuil-Soulanges, le c\u00e9notaphe comm\u00e9more les habitants des 23 collectivit\u00e9s qui ont parti-cip\u00e9 \u00e0 la guerre d\u2019Afrique &hellip;","og_url":"https:\/\/legionmagazine.com\/fr\/2018\/02\/hudson-inaugure-la-place-vimy\/","og_site_name":"La revue L\u00e9gion","article_published_time":"2018-02-15T18:53:33+00:00","og_image":[{"width":936,"height":269,"url":"https:\/\/legionmagazine.com\/fr\/wp-content\/uploads\/2018\/02\/Feature-2.jpg","type":"image\/jpeg"}],"author":"Stephanie Slegtenhorst","twitter_card":"summary_large_image","twitter_misc":{"Written by":"Stephanie Slegtenhorst","Est. reading time":"3 minutes"},"schema":{"@context":"https:\/\/schema.org","@graph":[{"@type":"Article","@id":"https:\/\/legionmagazine.com\/fr\/2018\/02\/hudson-inaugure-la-place-vimy\/#article","isPartOf":{"@id":"https:\/\/legionmagazine.com\/fr\/2018\/02\/hudson-inaugure-la-place-vimy\/"},"author":{"name":"Stephanie Slegtenhorst","@id":"https:\/\/legionmagazine.com\/fr\/#\/schema\/person\/cfca23b666233ec83a3b4969b520239a"},"headline":"Hudson inaugure la Place Vimy","datePublished":"2018-02-15T18:53:33+00:00","mainEntityOfPage":{"@id":"https:\/\/legionmagazine.com\/fr\/2018\/02\/hudson-inaugure-la-place-vimy\/"},"wordCount":637,"image":{"@id":"https:\/\/legionmagazine.com\/fr\/2018\/02\/hudson-inaugure-la-place-vimy\/#primaryimage"},"thumbnailUrl":"https:\/\/legionmagazine.com\/fr\/wp-content\/uploads\/2018\/02\/Feature-2.jpg","articleSection":["Nouvelles"],"inLanguage":"en-US"},{"@type":"WebPage","@id":"https:\/\/legionmagazine.com\/fr\/2018\/02\/hudson-inaugure-la-place-vimy\/","url":"https:\/\/legionmagazine.com\/fr\/2018\/02\/hudson-inaugure-la-place-vimy\/","name":"Hudson inaugure la Place Vimy - La revue L\u00e9gion","isPartOf":{"@id":"https:\/\/legionmagazine.com\/fr\/#website"},"primaryImageOfPage":{"@id":"https:\/\/legionmagazine.com\/fr\/2018\/02\/hudson-inaugure-la-place-vimy\/#primaryimage"},"image":{"@id":"https:\/\/legionmagazine.com\/fr\/2018\/02\/hudson-inaugure-la-place-vimy\/#primaryimage"},"thumbnailUrl":"https:\/\/legionmagazine.com\/fr\/wp-content\/uploads\/2018\/02\/Feature-2.jpg","datePublished":"2018-02-15T18:53:33+00:00","author":{"@id":"https:\/\/legionmagazine.com\/fr\/#\/schema\/person\/cfca23b666233ec83a3b4969b520239a"},"breadcrumb":{"@id":"https:\/\/legionmagazine.com\/fr\/2018\/02\/hudson-inaugure-la-place-vimy\/#breadcrumb"},"inLanguage":"en-US","potentialAction":[{"@type":"ReadAction","target":["https:\/\/legionmagazine.com\/fr\/2018\/02\/hudson-inaugure-la-place-vimy\/"]}]},{"@type":"ImageObject","inLanguage":"en-US","@id":"https:\/\/legionmagazine.com\/fr\/2018\/02\/hudson-inaugure-la-place-vimy\/#primaryimage","url":"https:\/\/legionmagazine.com\/fr\/wp-content\/uploads\/2018\/02\/Feature-2.jpg","contentUrl":"https:\/\/legionmagazine.com\/fr\/wp-content\/uploads\/2018\/02\/Feature-2.jpg","width":936,"height":269},{"@type":"BreadcrumbList","@id":"https:\/\/legionmagazine.com\/fr\/2018\/02\/hudson-inaugure-la-place-vimy\/#breadcrumb","itemListElement":[{"@type":"ListItem","position":1,"name":"Home","item":"https:\/\/legionmagazine.com\/fr\/"},{"@type":"ListItem","position":2,"name":"Hudson inaugure la Place Vimy"}]},{"@type":"WebSite","@id":"https:\/\/legionmagazine.com\/fr\/#website","url":"https:\/\/legionmagazine.com\/fr\/","name":"La revue L\u00e9gion","description":"","potentialAction":[{"@type":"SearchAction","target":{"@type":"EntryPoint","urlTemplate":"https:\/\/legionmagazine.com\/fr\/?s={search_term_string}"},"query-input":{"@type":"PropertyValueSpecification","valueRequired":true,"valueName":"search_term_string"}}],"inLanguage":"en-US"},{"@type":"Person","@id":"https:\/\/legionmagazine.com\/fr\/#\/schema\/person\/cfca23b666233ec83a3b4969b520239a","name":"Stephanie Slegtenhorst","image":{"@type":"ImageObject","inLanguage":"en-US","@id":"https:\/\/secure.gravatar.com\/avatar\/385831891cef2da6dbd8bdc230f5521491aa3880e2e2ebee17f8f07d57d41b02?s=96&d=mm&r=g","url":"https:\/\/secure.gravatar.com\/avatar\/385831891cef2da6dbd8bdc230f5521491aa3880e2e2ebee17f8f07d57d41b02?s=96&d=mm&r=g","contentUrl":"https:\/\/secure.gravatar.com\/avatar\/385831891cef2da6dbd8bdc230f5521491aa3880e2e2ebee17f8f07d57d41b02?s=96&d=mm&r=g","caption":"Stephanie Slegtenhorst"},"url":"https:\/\/legionmagazine.com\/fr\/author\/stephanie_slegtenhorst\/"}]}},"_links":{"self":[{"href":"https:\/\/legionmagazine.com\/fr\/wp-json\/wp\/v2\/posts\/4458","targetHints":{"allow":["GET"]}}],"collection":[{"href":"https:\/\/legionmagazine.com\/fr\/wp-json\/wp\/v2\/posts"}],"about":[{"href":"https:\/\/legionmagazine.com\/fr\/wp-json\/wp\/v2\/types\/post"}],"author":[{"embeddable":true,"href":"https:\/\/legionmagazine.com\/fr\/wp-json\/wp\/v2\/users\/45"}],"replies":[{"embeddable":true,"href":"https:\/\/legionmagazine.com\/fr\/wp-json\/wp\/v2\/comments?post=4458"}],"version-history":[{"count":0,"href":"https:\/\/legionmagazine.com\/fr\/wp-json\/wp\/v2\/posts\/4458\/revisions"}],"wp:featuredmedia":[{"embeddable":true,"href":"https:\/\/legionmagazine.com\/fr\/wp-json\/wp\/v2\/media\/4459"}],"wp:attachment":[{"href":"https:\/\/legionmagazine.com\/fr\/wp-json\/wp\/v2\/media?parent=4458"}],"wp:term":[{"taxonomy":"category","embeddable":true,"href":"https:\/\/legionmagazine.com\/fr\/wp-json\/wp\/v2\/categories?post=4458"},{"taxonomy":"post_tag","embeddable":true,"href":"https:\/\/legionmagazine.com\/fr\/wp-json\/wp\/v2\/tags?post=4458"}],"curies":[{"name":"wp","href":"https:\/\/api.w.org\/{rel}","templated":true}]}}