{"id":4447,"date":"2018-02-15T14:30:35","date_gmt":"2018-02-15T18:30:35","guid":{"rendered":"https:\/\/legionmagfren.wpengine.com\/?p=4447"},"modified":"2018-02-15T14:30:35","modified_gmt":"2018-02-15T18:30:35","slug":"un-seul-cest-encore-trop","status":"publish","type":"post","link":"https:\/\/legionmagazine.com\/fr\/2018\/02\/un-seul-cest-encore-trop\/","title":{"rendered":"Un seul, c\u2019est encore trop"},"content":{"rendered":"<p><img fetchpriority=\"high\" decoding=\"async\" class=\"alignnone wp-image-4449\" src=\"https:\/\/legionmagazine.com\/fr\/wp-content\/uploads\/2018\/02\/Suicide-Photo.jpg\" alt=\"\" width=\"600\" height=\"338\" srcset=\"https:\/\/legionmagazine.com\/fr\/wp-content\/uploads\/2018\/02\/Suicide-Photo.jpg 1895w, https:\/\/legionmagazine.com\/fr\/wp-content\/uploads\/2018\/02\/Suicide-Photo-300x169.jpg 300w, https:\/\/legionmagazine.com\/fr\/wp-content\/uploads\/2018\/02\/Suicide-Photo-768x433.jpg 768w, https:\/\/legionmagazine.com\/fr\/wp-content\/uploads\/2018\/02\/Suicide-Photo-1024x577.jpg 1024w, https:\/\/legionmagazine.com\/fr\/wp-content\/uploads\/2018\/02\/Suicide-Photo-480x270.jpg 480w\" sizes=\"(max-width: 600px) 100vw, 600px\" \/><\/p>\n<p class=\"p1\"><span class=\"s1\"><b>Les Forces arm\u00e9es canadiennes <\/b>et Anciens combattants Canada ont annonc\u00e9 en octobre leur strat\u00e9gie commune de pr\u00e9vention du suicide. \u00ab Il s\u2019agit d\u2019une approche sans pr\u00e9c\u00e9dent \u00bb, dit le ministre des Anciens combattants, Seamus O\u2019Regan. La strat\u00e9gie consiste \u00e0 coordonner quelque 160 programmes et services des deux minist\u00e8res visant la r\u00e9duction du nombre de suicides.\u00a0<\/span><\/p>\n<p class=\"p2\">\u00ab M\u00eame un seul, c\u2019est encore trop, dit le chef d\u2019\u00e9tat-major de la d\u00e9fense, Jonathan Vance. Quand on parle de suicide, le seul chiffre acceptable, c\u2019est z\u00e9ro. \u00bb<\/p>\n<p class=\"p2\">Le but de la strat\u00e9gie commune est de pr\u00e9venir le suicide en renfor\u00e7ant la r\u00e9silience en sant\u00e9 mentale et le soutien familial et communautaire, en fournissant des <span class=\"s1\">soins de sant\u00e9 mentale quand et o\u00f9 ils sont <\/span>n\u00e9cessaires et en appuyant les recherches afin de s\u2019assurer que nous faisons tou<span class=\"s1\">t ce qui est possible, le mieux possible. <\/span><\/p>\n<p class=\"p2\">Bon nombre de ces programmes et politiques \u00e9taient d\u00e9j\u00e0 en place, mais il y a <span class=\"s1\">quelques nouvelles initiatives : parmi elles, la cr\u00e9ation d\u2019un groupe de travail biminist\u00e9riel charg\u00e9 de faciliter le retour \u00e0 la vie civile.<\/span><\/p>\n<p class=\"p2\">Autre nouveaut\u00e9 : Statistique Canada reliera les donn\u00e9es des FAC \u00e0 celles du programme de la Statistique de l\u2019\u00e9tat civil du Canada pour d\u00e9terminer le taux de suicide parmi tous les anciens combattants, y compris le demi-million ou plus d\u2019entre eux qui ne rel\u00e8vent pas des FAC ni d\u2019ACC.<\/p>\n<p class=\"p2\">Selon une \u00e9tude r\u00e9alis\u00e9e en 2011 par <span class=\"s1\">Statistique Canada concernant 112 225 v\u00e9t\u00e9rans enr\u00f4l\u00e9s depuis 1972 et lib\u00e9r\u00e9s avant fin 2006, le taux de suicide \u00e9tait de 46 % plus \u00e9lev\u00e9 chez les anciens combattants que chez les civils du m\u00eame \u00e2ge. Cependant, le taux de suicide dans l\u2019ensemble de la population des anciens combattants, y compris les r\u00e9servistes, reste inconnu, car on n\u2019a jamais recoup\u00e9 les donn\u00e9es sur les anciens militaires qui ont mis fin \u00e0 leurs jours apr\u00e8s avoir quitt\u00e9 l\u2019arm\u00e9e, et qui ne relevaient donc plus des FAC ni d\u2019ACC. <\/span><\/p>\n<p class=\"p2\"><span class=\"s1\">Beaucoup d\u2019entre eux ont quitt\u00e9 les forces arm\u00e9es bien avant la cr\u00e9ation des programmes de r\u00e9silience en sant\u00e9 mentale, avant les campagnes contre la stigmatisation, avant les services de transition et avant le renforcement des services de soutien aux familles. Un grand nombre d\u2019entre eux vivent dans des r\u00e9gions rurales ou \u00e9loign\u00e9es o\u00f9 l\u2019acc\u00e8s aux services de sant\u00e9 mentale, et <i>a fortiori<\/i> aux professionnels connaissant bien la culture militaire, est limit\u00e9. Pour les anciens combattants de cette cohorte, il n\u2019y a aucun moyen de savoir quels effets le service militaire a eus, ni si l\u2019appui d\u2019une personne qui conna\u00eet la culture militaire aurait pu apporter une protection suppl\u00e9mentaire \u00e0 ceux qui ont d\u00e9cid\u00e9 d\u2019en finir. En l\u2019absence de telles donn\u00e9es, comment ces anciens combattants peuvent-ils b\u00e9n\u00e9ficier de strat\u00e9gies de pr\u00e9vention et de traitement fond\u00e9es sur les faits?<\/span><\/p>\n<p class=\"p2\"><span class=\"s1\">Un soutien est offert au demi-million d\u2019anciens combattants ou plus qui ne sont pas actuellement clients d\u2019ACC. Tous les anciens combattants, pas seulement ceux qui rel\u00e8vent du minist\u00e8re, peuvent appeler la ligne d\u2019aide d\u2019ACC au 800-268-7708 (ou au 800-567-5803 pour les personnes ayant une d\u00e9ficience auditive), afin de parler \u00e0 un professionnel de la sant\u00e9 mentale. Tout ancien combattant a droit \u00e0 20 s\u00e9ances de consultation psychologique gratuites. Par ailleurs, le Fonds d\u2019urgence pour les v\u00e9t\u00e9rans annonc\u00e9 en 2017, dot\u00e9 de 4 millions de dollars, doit entrer en vigueur apr\u00e8s le 1<sup>er <\/sup>avril 2018. Il facilitera l\u2019acc\u00e8s rapide \u00e0 une aide financi\u00e8re ponctuelle ou urgente en attendant des prestations de soutien \u00e0 plus long terme.<\/span><\/p>\n<p class=\"p2\"><span class=\"s1\">Les responsables des FAC et d\u2019ACC h\u00e9sitent \u00e0 fixer des objectifs quantitatifs pour la nouvelle strat\u00e9gie de pr\u00e9vention du suicide, car ils admettent qu\u2019il est difficile de savoir quand un suicide a \u00e9t\u00e9 emp\u00each\u00e9 ou si les mesures de pr\u00e9vention ont jou\u00e9 un r\u00f4le. Apr\u00e8s tout, comme le disait le chef d\u2019\u00e9tat-major de la d\u00e9fense, Jonathan Vance : en mati\u00e8re de suicide, le seul chiffre acceptable, c\u2019est z\u00e9ro, et nous devons tous \u0153uvrer dans ce sens. <\/span><\/p>\n","protected":false},"excerpt":{"rendered":"<p>Les Forces arm\u00e9es canadiennes et Anciens combattants Canada ont annonc\u00e9 en octobre leur strat\u00e9gie commune de pr\u00e9vention du suicide. \u00ab Il s\u2019agit d\u2019une approche sans pr\u00e9c\u00e9dent \u00bb, dit le ministre des Anciens combattants, Seamus O\u2019Regan. La strat\u00e9gie consiste \u00e0 coordonner quelque 160 programmes et services des deux minist\u00e8res visant la r\u00e9duction du nombre de suicides.\u00a0 [&hellip;]<\/p>\n","protected":false},"author":1,"featured_media":4448,"comment_status":"closed","ping_status":"open","sticky":false,"template":"","format":"standard","meta":{"footnotes":""},"categories":[20],"tags":[],"class_list":["post-4447","post","type-post","status-publish","format-standard","has-post-thumbnail","hentry","category-editorial"],"_links":{"self":[{"href":"https:\/\/legionmagazine.com\/fr\/wp-json\/wp\/v2\/posts\/4447","targetHints":{"allow":["GET"]}}],"collection":[{"href":"https:\/\/legionmagazine.com\/fr\/wp-json\/wp\/v2\/posts"}],"about":[{"href":"https:\/\/legionmagazine.com\/fr\/wp-json\/wp\/v2\/types\/post"}],"author":[{"embeddable":true,"href":"https:\/\/legionmagazine.com\/fr\/wp-json\/wp\/v2\/users\/1"}],"replies":[{"embeddable":true,"href":"https:\/\/legionmagazine.com\/fr\/wp-json\/wp\/v2\/comments?post=4447"}],"version-history":[{"count":0,"href":"https:\/\/legionmagazine.com\/fr\/wp-json\/wp\/v2\/posts\/4447\/revisions"}],"wp:featuredmedia":[{"embeddable":true,"href":"https:\/\/legionmagazine.com\/fr\/wp-json\/wp\/v2\/media\/4448"}],"wp:attachment":[{"href":"https:\/\/legionmagazine.com\/fr\/wp-json\/wp\/v2\/media?parent=4447"}],"wp:term":[{"taxonomy":"category","embeddable":true,"href":"https:\/\/legionmagazine.com\/fr\/wp-json\/wp\/v2\/categories?post=4447"},{"taxonomy":"post_tag","embeddable":true,"href":"https:\/\/legionmagazine.com\/fr\/wp-json\/wp\/v2\/tags?post=4447"}],"curies":[{"name":"wp","href":"https:\/\/api.w.org\/{rel}","templated":true}]}}