{"id":4248,"date":"2017-08-22T11:04:12","date_gmt":"2017-08-22T15:04:12","guid":{"rendered":"https:\/\/legionmagfren.wpengine.com\/?p=4248"},"modified":"2017-08-22T11:04:12","modified_gmt":"2017-08-22T15:04:12","slug":"sur-les-pas-des-disparus","status":"publish","type":"post","link":"https:\/\/legionmagazine.com\/fr\/2017\/08\/sur-les-pas-des-disparus\/","title":{"rendered":"Sur les pas des disparus"},"content":{"rendered":"<div class=\"caption_img\">\r\n        <img fetchpriority=\"high\" decoding=\"async\" class=\"wp-image-4249\" src=\"https:\/\/legionmagazine.com\/fr\/wp-content\/uploads\/2017\/08\/1.jpg\" alt=\"\" width=\"600\" height=\"857\" srcset=\"https:\/\/legionmagazine.com\/fr\/wp-content\/uploads\/2017\/08\/1.jpg 1000w, https:\/\/legionmagazine.com\/fr\/wp-content\/uploads\/2017\/08\/1-210x300.jpg 210w, https:\/\/legionmagazine.com\/fr\/wp-content\/uploads\/2017\/08\/1-768x1097.jpg 768w, https:\/\/legionmagazine.com\/fr\/wp-content\/uploads\/2017\/08\/1-717x1024.jpg 717w\" sizes=\"(max-width: 600px) 100vw, 600px\" \/>\r\n        <div class=\"caption\">\r\n            <span>Au sud-est d\u2019Ypres, en Belgique, se trouve le cimeti\u00e8re Maple Copse, lieu du dernier repos de 154 soldats canadiens morts \u00e0 la Premi\u00e8re Guerre mondiale.<\/span>\r\n            \r\n        <div class=\"credit\">\r\n            <span><\/span>\r\n        <\/div>\r\n\r\n        <\/div>\r\n        \r\n    <\/div>\n<p><img decoding=\"async\" class=\"alignnone size-full wp-image-4258\" src=\"https:\/\/legionmagazine.com\/fr\/wp-content\/uploads\/2017\/08\/Title-Text.jpg\" alt=\"\" width=\"600\" height=\"295\" srcset=\"https:\/\/legionmagazine.com\/fr\/wp-content\/uploads\/2017\/08\/Title-Text.jpg 600w, https:\/\/legionmagazine.com\/fr\/wp-content\/uploads\/2017\/08\/Title-Text-300x148.jpg 300w\" sizes=\"(max-width: 600px) 100vw, 600px\" \/><\/p>\n<p class=\"p1\"><span class=\"s1\"><b>Alors que nous passons sous <\/b>une arche \u00e0 l\u2019entr\u00e9e du cimeti\u00e8re Maple Copse, la s\u00e9r\u00e9nit\u00e9 qui s\u2019en d\u00e9gage m\u2019oblige \u00e0 marquer un temps d\u2019arr\u00eat. Ce cimeti\u00e8re, situ\u00e9 \u00e0 cinq kilom\u00e8tres au sud-est d\u2019Ypres, en Belgique, est l\u2019un des nombreux endroits o\u00f9 nous faisons halte pendant le voyage d\u2019une semaine organis\u00e9 en l\u2019honneur du 100<sup>e<\/sup> anniversaire de la bataille de la cr\u00eate de Vimy. \u00c0 part le petit groupe de journa-listes dont je fais partie, il n\u2019y a que <\/span>deux visiteurs dans le cimeti\u00e8re <span class=\"s1\">aujourd\u2019hui, toute une diff\u00e9rence avec ce qui nous attend \u00e0 Vimy. <\/span><\/p>\n<p class=\"p2\"><span class=\"s1\">Maple Copse, o\u00f9 se trouvait un poste de secours avanc\u00e9 au prin-temps et \u00e0 l\u2019\u00e9t\u00e9 de 1916, compte 308 tombes, dont la moiti\u00e9 sont celles de Canadiens. Le cimeti\u00e8re est entour\u00e9 d\u2019\u00e9rables, nombre de ses pierres tombales sont d\u00e9cor\u00e9es de drapeaux canadiens, et on peut <\/span><span class=\"s2\">voir au loin le M\u00e9morial canadien \u00e0<\/span><span class=\"s1\"> la colline 62 (Bois du Sanctuaire). On trouve des monuments d\u00e9di\u00e9s aux Canadiens un peu partout en Flandres, partie n\u00e9erlandophone du nord de la Belgique. Le Canada y est bien repr\u00e9sent\u00e9, et pour cause.<\/span><\/p>\n<p class=\"p2\"><span class=\"s1\">Au centre d\u2019Ypres, dont la population de 35 000 habitants demeure immens\u00e9ment reconnaissante au Canada de son service pendant la Premi\u00e8re Guerre mondiale, la silhouette de la fl\u00e8che et des tours de la Halle aux draps se distingue \u00e0 des kilom\u00e8tres \u00e0 la ronde. L\u2019\u00e9difice m\u00e9di\u00e9val fut d\u00e9truit pendant la guerre et reconstruit avant la Seconde Guerre mondiale (\u00e0 laquelle il surv\u00e9cut), et il abrite maintenant le mus\u00e9e In Flanders Fields qui pr\u00e9sente aux visiteurs l\u2019histoire de la Grande Guerre en Flandres de l\u2019Ouest.<\/span><\/p>\n<div class=\"caption_img\">\r\n        <img decoding=\"async\" class=\"wp-image-4254\" src=\"https:\/\/legionmagazine.com\/fr\/wp-content\/uploads\/2017\/08\/6.jpg\" alt=\"\" width=\"600\" height=\"400\" srcset=\"https:\/\/legionmagazine.com\/fr\/wp-content\/uploads\/2017\/08\/6.jpg 1500w, https:\/\/legionmagazine.com\/fr\/wp-content\/uploads\/2017\/08\/6-300x200.jpg 300w, https:\/\/legionmagazine.com\/fr\/wp-content\/uploads\/2017\/08\/6-768x512.jpg 768w, https:\/\/legionmagazine.com\/fr\/wp-content\/uploads\/2017\/08\/6-1024x683.jpg 1024w\" sizes=\"(max-width: 600px) 100vw, 600px\" \/>\r\n        <div class=\"caption\">\r\n            <span>La Halle aux draps, \u00e0 Ypres, fut d\u00e9truite \u00e0 la Premi\u00e8re Guerre mondiale, puis reb\u00e2tie.<\/span>\r\n            \r\n        <div class=\"credit\">\r\n            <span><\/span>\r\n        <\/div>\r\n\r\n        <\/div>\r\n        \r\n    <\/div>\n<p class=\"p2\"><span class=\"s1\">Il y a 231 marches jusqu\u2019en haut du clocher, d\u2019o\u00f9 l\u2019on a une vue imprenable sur ce qui \u00e9tait durant la guerre la saillie d\u2019Ypres, renflement de la ligne militaire. \u00ab On peut voir le renflement l\u00e0-bas, dit le guide Erwin Ureel en indiquant l\u2019Est. Il \u00e9tait tr\u00e8s petit, et il s\u2019avan\u00e7ait et reculait sans cesse au cours des quatre ann\u00e9es de la guerre&#8230; mais jamais de plus de six ou sept kilom\u00e8tres. \u00bb<\/span><\/p>\n<p class=\"p2\"><span class=\"s1\">Le village de Passchendaele, au Nord, \u00e9tait au c\u0153ur d\u2019une autre bataille monumentale de la Grande Guerre. La vue met tout cela en perspective : quatre ann\u00e9es de combats, des centaines de milliers de morts, et tout cela pour un si petit lopin de terre.<\/span><\/p>\n<div class=\"caption_img\">\r\n        <img loading=\"lazy\" decoding=\"async\" class=\"wp-image-4252\" src=\"https:\/\/legionmagazine.com\/fr\/wp-content\/uploads\/2017\/08\/4.jpg\" alt=\"\" width=\"600\" height=\"857\" srcset=\"https:\/\/legionmagazine.com\/fr\/wp-content\/uploads\/2017\/08\/4.jpg 1000w, https:\/\/legionmagazine.com\/fr\/wp-content\/uploads\/2017\/08\/4-210x300.jpg 210w, https:\/\/legionmagazine.com\/fr\/wp-content\/uploads\/2017\/08\/4-768x1097.jpg 768w, https:\/\/legionmagazine.com\/fr\/wp-content\/uploads\/2017\/08\/4-717x1024.jpg 717w\" sizes=\"(max-width: 600px) 100vw, 600px\" \/>\r\n        <div class=\"caption\">\r\n            <span>Une c\u00e9r\u00e9monie a lieu chaque jour \u00e0 la porte de Menin, \u00e0 Ypres, en l\u2019honneur des disparus.<\/span>\r\n            \r\n        <div class=\"credit\">\r\n            <span><\/span>\r\n        <\/div>\r\n\r\n        <\/div>\r\n        \r\n    <\/div>\n<p class=\"p2\"><span class=\"s1\">\u00c0 quelques pas de la Halle aux draps, il y a la porte de Menin, arc de triomphe o\u00f9 sont inscrits 54 396 noms de soldat du Commonwealth qui n\u2019ont pas de s\u00e9pulture connue. Une rang\u00e9e apr\u00e8s l\u2019autre, des noms recouvrent presque toutes les surfaces. Chaque soir, qu\u2019il pleuve, qu\u2019il vente ou qu\u2019il neige, une c\u00e9r\u00e9monie de la Derni\u00e8re sonnerie a lieu ici en l\u2019honneur de ceux dont le nom est inscrit sur ces murs.<\/span><\/p>\n<p class=\"p2\"><span class=\"s1\">Certains de ces noms sont ceux de soldats qui ont rendu l\u2019\u00e2me pr\u00e8s d\u2019ici le 22 avril 1915, quand les Allemands ont d\u00e9vers\u00e9 plus de 150 tonnes de chlore gazeux en aval d\u2019une partie de la ligne de front que tenaient deux divisions fran\u00e7aises, ne leur laissant que le choix de s\u2019enfuir ou d\u2019\u00e9touffer. Cela exposa le flanc gauche des Canadiens et mena\u00e7a d\u2019autres positions des Alli\u00e9s dans la saillie. Les 10<sup>e<\/sup> et 16<sup>e<\/sup> bataillons du Canada re\u00e7urent l\u2019ordre de contrattaquer une position appel\u00e9e Bois des cuisiniers, dont ils chass\u00e8rent les Allemands avec un courage extraordinaire, au prix de presque 800 victimes. Il s\u2019agissait de la premi\u00e8re offensive importante de la guerre men\u00e9e par des soldats canadiens.<\/span><\/p>\n<div class=\"caption_img\">\r\n        <img loading=\"lazy\" decoding=\"async\" class=\"wp-image-4250\" src=\"https:\/\/legionmagazine.com\/fr\/wp-content\/uploads\/2017\/08\/2.jpg\" alt=\"\" width=\"600\" height=\"857\" srcset=\"https:\/\/legionmagazine.com\/fr\/wp-content\/uploads\/2017\/08\/2.jpg 1000w, https:\/\/legionmagazine.com\/fr\/wp-content\/uploads\/2017\/08\/2-210x300.jpg 210w, https:\/\/legionmagazine.com\/fr\/wp-content\/uploads\/2017\/08\/2-768x1097.jpg 768w, https:\/\/legionmagazine.com\/fr\/wp-content\/uploads\/2017\/08\/2-717x1024.jpg 717w\" sizes=\"(max-width: 600px) 100vw, 600px\" \/>\r\n        <div class=\"caption\">\r\n            <span>Le m\u00e9morial \u00e0 Saint-Julien comm\u00e9more la participation du Canada \u00e0 la deuxi\u00e8me bataille d\u2019Ypres, en avril 1915; il fait face \u00e0 l\u2019endroit d\u2019o\u00f9 les Allemands lanc\u00e8rent leur premi\u00e8re grande attaque au chlore gazeux.<\/span>\r\n            \r\n        <div class=\"credit\">\r\n            <span><\/span>\r\n        <\/div>\r\n\r\n        <\/div>\r\n        \r\n    <\/div>\n<p class=\"p2\"><span class=\"s1\">Non loin du Bois des cuisiniers se trouve le M\u00e9morial canadien \u00e0 Saint-Julien, commun\u00e9ment surnomm\u00e9 \u00ab Soldat en m\u00e9ditation \u00bb, et l\u2019un des monuments les plus impressionnants \u00e0 la saillie d\u2019Ypres. C\u2019est l\u00e0 que les Canadiens subirent eux-m\u00eames des attaques au gaz, le 24 avril 1915. Le soldat a la t\u00eate inclin\u00e9e et s\u2019appuie sur une arme pointant au sol en signe de respect pour les morts. Il fait face aux champs que le gaz avait recouverts. Le Canada a recens\u00e9 plus de 6 000 victimes \u00e0 la deuxi\u00e8-me bataille d\u2019Ypres, un tiers de son effectif, mais ses unit\u00e9s tinrent bon jusqu\u2019\u00e0 ce que les Britanniques les rel\u00e8vent. C\u2019est \u00e0 Ypres que le Canada commen\u00e7a \u00e0 se forger une r\u00e9putation d\u2019audace et d\u2019intr\u00e9pidit\u00e9.<\/span><\/p>\n<p class=\"p2\">Au nord d\u2019Ypres se trouve la ferme Essex o\u00f9 le m\u00e9decin militaire John McCrae, qui \u00e9tait alors major, composa \u00ab In Flanders Fields \u00bb en souvenir d\u2019un ami qui avait \u00e9t\u00e9 tu\u00e9 pr\u00e8s de l\u00e0 le 2 mai 1915. \u00c0 l\u2019\u00e9poque, la ferme \u00e9tait un poste de secours avanc\u00e9, et McCrae \u00e9tait sous-commandant de sa brigade. Les blockhaus qui furent construits par la suite et qui ont<br \/>\n\u00e9t\u00e9 restaur\u00e9s par des \u00e9tudiants donnent encore une id\u00e9e des con-ditions vraiment pas id\u00e9ales dans lesquelles McCrae travaillait : <span class=\"s2\">dans la p\u00e9nombre et le froid, dans<\/span> des salles humides et exig\u00fces.<\/p>\n<div class=\"caption_img\">\r\n        <img loading=\"lazy\" decoding=\"async\" class=\"wp-image-4251\" src=\"https:\/\/legionmagazine.com\/fr\/wp-content\/uploads\/2017\/08\/3.jpg\" alt=\"\" width=\"600\" height=\"857\" srcset=\"https:\/\/legionmagazine.com\/fr\/wp-content\/uploads\/2017\/08\/3.jpg 1000w, https:\/\/legionmagazine.com\/fr\/wp-content\/uploads\/2017\/08\/3-210x300.jpg 210w, https:\/\/legionmagazine.com\/fr\/wp-content\/uploads\/2017\/08\/3-768x1097.jpg 768w, https:\/\/legionmagazine.com\/fr\/wp-content\/uploads\/2017\/08\/3-717x1024.jpg 717w\" sizes=\"(max-width: 600px) 100vw, 600px\" \/>\r\n        <div class=\"caption\">\r\n            <span>Des symboles du souvenir ont \u00e9t\u00e9 laiss\u00e9s parmi les blockhaus au cimeti\u00e8re d\u2019Essex Farm, o\u00f9 John McCrae composa In Flanders Fields.<\/span>\r\n            \r\n        <div class=\"credit\">\r\n            <span><\/span>\r\n        <\/div>\r\n\r\n        <\/div>\r\n        \r\n    <\/div>\n<p class=\"p2\"><span class=\"s1\">O\u00f9 que l\u2019on se trouve dans la saillie, des drapeaux canadiens et des coquelicots ornent les pierres tombales et les monuments. Le M\u00e9morial canadien \u00e0 la colline 62 (Bois du Sanctuaire), situ\u00e9 \u00e0 Canadalaan \u2013 all\u00e9e du Canada \u2013 ne fait pas exception.<\/span><\/p>\n<p class=\"p2\"><span class=\"s1\">Les combats du mont Sorrel et des c\u00f4tes 61 et 62, pr\u00e9lude de la bataille de la Somme, furent men\u00e9s au cours de plusieurs mois \u00e0 l\u2019\u00e9t\u00e9 de 1916. Les objectifs furent disput\u00e9s \u00e0 de nombreuses reprises, notamment au mois de juin. Au cours des premiers jours, les Allemands lanc\u00e8rent des attaques violentes, capturant leurs objectifs et d\u00e9cimant presque enti\u00e8rement le Corps canadien. Les Canadiens n\u2019abandonn\u00e8rent pourtant pas, et au bout d\u2019un bombardement de quatre jours, ils reprirent le terrain perdu. Le m\u00e9morial \u00e0 la c\u00f4te 62, bloc de granite au centre d\u2019une place constitu\u00e9e de carreaux de pierre en haut du mont Sorrel, fut \u00e9rig\u00e9 en l\u2019honneur de 8 430 victimes. Le panorama est magnifique ici : le bloc de la place est entour\u00e9 de plaques nominatives et de fl\u00e8ches indiquant l\u2019emplacement d\u2019\u00e9v\u00e9nements importants de la guerre.<\/span><\/p>\n<p class=\"p2\"><span class=\"s2\">Le soleil perce le brouillard lorsque nous quittons Ypres, le 9 avril, en route vers la cr\u00eate de Vimy, en France. Il y a des milliers de personnes \u00e0 notre arriv\u00e9e : \u00e9coliers, enseignants, cadets, anciens combattants, familles d\u2019anciens combattants. Quand l\u2019attaque fut lanc\u00e9e, il y a un si\u00e8cle, le champ de bataille \u00e9tait un bourbier glac\u00e9, et les Canadiens avaient le vent dans le dos. Aujourd\u2019hui, le soleil brille, il fait chaud et les 25 000 Canadiens assembl\u00e9s ici forment une mer rouge et blanc plut\u00f4t que kaki.<\/span><\/p>\n<p class=\"p2\"><span class=\"s2\">\u00ab J\u2019avais deux raisons de venir ici, nous dit Tom Rolfe de Toronto. Mon beau-fils est ici avec des camarades de classe de Toronto. <\/span><span class=\"s1\">Et mon grand-p\u00e8re, Tom Rolfe lui aussi, s\u2019est battu ici, o\u00f9 il a m\u00e9rit\u00e9 la M\u00e9daille militaire. \u00bb Le grand-p\u00e8re de Rolfe fut gaz\u00e9 \u00e0 une autre bataille et renvoy\u00e9 chez lui, mais il surv\u00e9cut, servit pendant la Seconde Guerre mondiale et, remarquablement, y surv\u00e9cut aussi.<\/span><\/p>\n<p class=\"p2\"><span class=\"s1\">Betty Cunningham est venue ici avec un groupe de Georgetown, Ontario, pour honorer le docteur Claude Williams. \u00ab Williams a combattu \u00e0 Vimy et la Croix militaire lui y a \u00e9t\u00e9 d\u00e9cern\u00e9e, dit-elle. Quatre g\u00e9n\u00e9rations de sa famille sont ici. C\u2019\u00e9tait un homme extraordinaire, et nous sommes heureux qu\u2019il soit revenu. \u00bb Le docteur Williams surv\u00e9cut \u00e0 la guerre et exer\u00e7a la m\u00e9decine \u00e0 Georgetown pendant 50 ans.<\/span><\/p>\n<p class=\"p2\"><span class=\"s2\">Quelque 100 000 Canadiens prirent part \u00e0 la bataille de quatre jours, la premi\u00e8re o\u00f9 les quatre divisions canadiennes combattirent c\u00f4te \u00e0 c\u00f4te. Le Canada recensa 7 004 bless\u00e9s et 3 598 tu\u00e9s \u00e0 l\u2019issue des combats.<\/span><\/p>\n<div class=\"caption_img\">\r\n        <img loading=\"lazy\" decoding=\"async\" class=\"wp-image-4257\" src=\"https:\/\/legionmagazine.com\/fr\/wp-content\/uploads\/2017\/08\/Boots.jpg\" alt=\"\" width=\"566\" height=\"333\" srcset=\"https:\/\/legionmagazine.com\/fr\/wp-content\/uploads\/2017\/08\/Boots.jpg 1500w, https:\/\/legionmagazine.com\/fr\/wp-content\/uploads\/2017\/08\/Boots-300x176.jpg 300w, https:\/\/legionmagazine.com\/fr\/wp-content\/uploads\/2017\/08\/Boots-768x452.jpg 768w, https:\/\/legionmagazine.com\/fr\/wp-content\/uploads\/2017\/08\/Boots-1024x602.jpg 1024w\" sizes=\"(max-width: 566px) 100vw, 566px\" \/>\r\n        <div class=\"caption\">\r\n            <span>Une des 3 600 paires de bottes d\u00e9pos\u00e9es pr\u00e8s du M\u00e9morial national du Canada \u00e0 Vimy, qui repr\u00e9sentent chaque soldat canadien tomb\u00e9 pendant cette bataille de quatre jours.<\/span>\r\n            \r\n        <div class=\"credit\">\r\n            <span><\/span>\r\n        <\/div>\r\n\r\n        <\/div>\r\n        \r\n    <\/div>\n<p class=\"p2\"><span class=\"s2\">Aujourd\u2019hui, le monument et la pelouse qui l\u2019entoure ont une installation suppl\u00e9mentaire, \u00e9mouvante : le sentier \u00ab Sur les pas des disparus \u00bb. Des jeunes, canadiens et fran\u00e7ais, ont d\u00e9pos\u00e9 3 600 paires de bottes militaires qu\u2019ont port\u00e9es des membres des Forces arm\u00e9es canadiennes. Chaque paire repr\u00e9sente un soldat qui a donn\u00e9 sa vie ici.<\/span><\/p>\n<p class=\"p2\"><span class=\"s1\">Un salut de 21 coups de canon signale le d\u00e9but de la c\u00e9r\u00e9monie officielle, et \u00e0 l\u2019arriv\u00e9e des dignitaires, cinq biplans, reproductions de ceux de la Premi\u00e8re Guerre mondiale, passent au-dessus des pyl\u00f4nes jumeaux du monument (qui repr\u00e9sentent le Canada et la France). La c\u00e9r\u00e9monie est un m\u00e9lange raffin\u00e9 de protocoles traditionnels, de comm\u00e9moration et de spectacles artistiques contemporains.<\/span><\/p>\n<p class=\"p2\"><span class=\"s1\">\u00ab La victoire fut obtenue gr\u00e2ce \u00e0 une lutte, une d\u00e9termination et une bravoure incroyables, d\u00e9clare le gouverneur g\u00e9n\u00e9ral, David Johnston. Aujourd\u2019hui, 100 ans apr\u00e8s, nous honorons leur sacrifice \u00e9ternel. Nous les pleurons. Et nous nous souvenons d\u2019eux. \u00bb<\/span><\/p>\n<p class=\"p2\"><span class=\"s2\">On a accord\u00e9 beaucoup d\u2019impor-tance au fait que la victoire \u00e0 Vimy fut le catalyseur de la naissance d\u2019une nation, le moment o\u00f9 le Canada se forgea une identit\u00e9 en tant que pays fort, ind\u00e9pendant, d\u00e9termin\u00e9 \u00e0 faire <\/span>la paix. Le premier ministre Justin Trudeau s\u2019attarde sur ce point quand il prend la parole : \u00ab Pour leur sacri<span class=\"s2\">fice ultime [&#8230;] les hommes du dominion britannique se sont battus pour la premi\u00e8re fois en tant que gens d\u2019un seul pays. Dans ce sens, le Canada est n\u00e9 ici. \u00bb<\/span><\/p>\n<p class=\"p2\"><span class=\"s1\">\u00ab Ils se sont battus bravement et avec beaucoup d\u2019ing\u00e9niosit\u00e9, dit le prince Charles. Ils ont r\u00e9ussi \u00e0 prendre le terrain \u00e9lev\u00e9 essentiel \u00e0 Vimy, t\u00e2che \u00e0 laquelle bien d\u2019autres avaient \u00e9chou\u00e9. Toutefois, la victoire fut obtenue \u00e0 un prix insupportablement \u00e9lev\u00e9. \u00bb<\/span><\/p>\n<p class=\"p2\"><span class=\"s3\">La c\u00e9r\u00e9monie est entrecoup\u00e9e par des acteurs tenant le r\u00f4le de soldats au front ou d\u2019\u00e9pouses, de m\u00e8res, de p\u00e8res rest\u00e9s au pays, et par des artistes qui interpr\u00e8tent des chansons : \u00ab <i>Hymne \u00e0 la beaut\u00e9 du monde<\/i> \u00bb, \u00ab <i>Dante\u2019s Prayer<\/i> \u00bb, \u00ab <i>Salluit<\/i> \u00bb, l\u2019\u00ab <i>\u00c9l\u00e9gie<\/i> \u00bb, \u00ab <i>Dedicated to You<\/i> \u00bb, \u00ab <i>In Flanders Field<\/i> \u00bb, \u00ab <i>Crier tout bas<\/i> \u00bb.<\/span><\/p>\n<p class=\"p2\">Trois anciens combattants cana-diens repr\u00e9sentant les peuples canadiens-anglais, canadiens-<span class=\"s3\">fran\u00e7ais et autochtones lisent l\u2019<i>Acte du Souvenir<\/i>, puis le sergent Guillaume Damour annonce la minute de silence d\u2019un coup de clairon.<\/span><\/p>\n<p class=\"p2\"><span class=\"s3\">Le gouverneur g\u00e9n\u00e9ral, le prince Charles, le premier ministre et le pr\u00e9sident fran\u00e7ais Fran\u00e7ois Hollande d\u00e9posent des couronnes \u00e0 la base du monument et les hymnes nationaux \u2013 <i>God Save The Queen<\/i>, <i>\u00d4 Canada<\/i>, <i>La Marseillaise<\/i> \u2013 retentissent sur la cr\u00eate, remplac\u00e9s ensuite par le vrombissement des chasseurs \u00e0 r\u00e9action des forces arm\u00e9es fran\u00e7aises passant au-dessus de la foule.<\/span><\/p>\n<p class=\"p2\"><span class=\"s3\">\u00ab Il fallait que je vienne, \u00bb dit Harry Watts de Kitchener, Ontario. Ce v\u00e9t\u00e9ran de la Seconde Guerre mondiale est membre de la L\u00e9gion royale canadienne. \u00ab Je n\u2019\u00e9tais jamais venu ici. J\u2019ai \u00e9t\u00e9 partout en Europe : en Italie, en Hollande, mais jamais ici. Alors j\u2019ai d\u00e9cid\u00e9 qu\u2019il \u00e9tait temps. J\u2019ai les larmes aux yeux quand je vois tous ces jeunes gens. Je trouve \u00e7a tr\u00e8s \u00e9mouvant qu\u2019ils aient voulu venir ici pour voir cette partie de leur histoire. C\u2019est merveilleux. \u00bb<\/span><\/p>\n<p class=\"p2\"><span class=\"s3\">La c\u00e9r\u00e9monie termin\u00e9e, des membres de l\u2019assistance affluent autour du m\u00e9morial afin de mieux appr\u00e9cier l\u2019\u00e9normit\u00e9 de la bataille qu\u2019il repr\u00e9sente. Comme \u00e0 la porte de Menin, il y a une rang\u00e9e apr\u00e8s l\u2019autre de noms sur les murs en calcaire; cette fois-ci, ce sont ceux des 11 285 soldats canadiens disparus et pr\u00e9sum\u00e9s morts en France.<\/span><\/p>\n<div class=\"caption_img\">\r\n        <img loading=\"lazy\" decoding=\"async\" class=\"wp-image-4255\" src=\"https:\/\/legionmagazine.com\/fr\/wp-content\/uploads\/2017\/08\/7.jpg\" alt=\"\" width=\"600\" height=\"353\" srcset=\"https:\/\/legionmagazine.com\/fr\/wp-content\/uploads\/2017\/08\/7.jpg 1500w, https:\/\/legionmagazine.com\/fr\/wp-content\/uploads\/2017\/08\/7-300x176.jpg 300w, https:\/\/legionmagazine.com\/fr\/wp-content\/uploads\/2017\/08\/7-768x452.jpg 768w, https:\/\/legionmagazine.com\/fr\/wp-content\/uploads\/2017\/08\/7-1024x602.jpg 1024w\" sizes=\"(max-width: 600px) 100vw, 600px\" \/>\r\n        <div class=\"caption\">\r\n            <span>La lune se l\u00e8ve au-dessus du M\u00e9morial de Vimy \u00e0 la fin d\u2019une poignante journ\u00e9e de comm\u00e9moration.<\/span>\r\n            \r\n        <div class=\"credit\">\r\n            <span><\/span>\r\n        <\/div>\r\n\r\n        <\/div>\r\n        \r\n    <\/div>\n<p class=\"p2\"><span class=\"s3\">Pendant le vol du retour, je r\u00e9fl\u00e9chis aux moments remarquables que j\u2019ai pass\u00e9s en Belgique et en France, o\u00f9 j\u2019ai foul\u00e9 les m\u00eames champs o\u00f9 les soldats du Canada ont pass\u00e9 quatre ann\u00e9es \u00e0 se battre&#8230; et \u00e0 mourir.<\/span><\/p>\n<p class=\"p2\"><span class=\"s3\">Je pense \u00e0 Maple Copse et \u00e0 la destruction du cimeti\u00e8re d\u2019origine \u00e0 cause des batailles qui ont suivi celle du mont Sorrel en 1916. Dans le cimeti\u00e8re, on n\u2019a localis\u00e9 que 78 tombes, et 26 d\u00e9pouilles seulement ont \u00e9t\u00e9 identifi\u00e9es. Sur chacune des 230 pierres tombales d\u00e9truites au point d\u2019en \u00eatre m\u00e9connaissables, on lit les mots \u00ab Known To Be Buried In This Cemetery \u00bb (\u00ab g\u00eet en ce cimeti\u00e8re \u00bb, NDT).<\/span><\/p>\n<p class=\"p2\"><span class=\"s3\">Parmi elles se trouve la tombe du simple soldat Frederick Freeman Laing d\u2019Halifax, \u00e2g\u00e9 de 15 ans \u00e0 sa mort. Laing \u00e9tait trop jeune pour s\u2019engager : il n\u2019avait que 14 ans quand il embarqua clandestinement \u00e0 bord du SS <i>Caledonia<\/i> en aout 1915. Il fut port\u00e9 \u00e0 l\u2019effectif du Royal Canadian Regiment, puis entrain\u00e9 et envoy\u00e9 au front. Il fut tu\u00e9 le 11 mai 1916, un des plus jeunes Canadiens morts au combat. D\u2019apr\u00e8s moi, Laing repr\u00e9sente chaque Canadien qui git au saillant d\u2019Ypres ou en France : jeune, r\u00e9solu, courageux, g\u00e9n\u00e9reux. Les Canadiens devraient tous avoir l\u2019occasion <\/span><span class=\"s2\">de visiter ce terrain sacr\u00e9. <\/span><\/p>\n","protected":false},"excerpt":{"rendered":"<p>Alors que nous passons sous une arche \u00e0 l\u2019entr\u00e9e du cimeti\u00e8re Maple Copse, la s\u00e9r\u00e9nit\u00e9 qui s\u2019en d\u00e9gage m\u2019oblige \u00e0 marquer un temps d\u2019arr\u00eat. Ce cimeti\u00e8re, situ\u00e9 \u00e0 cinq kilom\u00e8tres au sud-est d\u2019Ypres, en Belgique, est l\u2019un des nombreux endroits o\u00f9 nous faisons halte pendant le voyage d\u2019une semaine organis\u00e9 en l\u2019honneur du 100e anniversaire [&hellip;]<\/p>\n","protected":false},"author":45,"featured_media":4262,"comment_status":"closed","ping_status":"open","sticky":false,"template":"","format":"standard","meta":{"footnotes":""},"categories":[3],"tags":[31,44,45],"class_list":["post-4248","post","type-post","status-publish","format-standard","has-post-thumbnail","hentry","category-articles-principaux","tag-vimy","tag-vimy-ridge","tag-ypres"],"_links":{"self":[{"href":"https:\/\/legionmagazine.com\/fr\/wp-json\/wp\/v2\/posts\/4248","targetHints":{"allow":["GET"]}}],"collection":[{"href":"https:\/\/legionmagazine.com\/fr\/wp-json\/wp\/v2\/posts"}],"about":[{"href":"https:\/\/legionmagazine.com\/fr\/wp-json\/wp\/v2\/types\/post"}],"author":[{"embeddable":true,"href":"https:\/\/legionmagazine.com\/fr\/wp-json\/wp\/v2\/users\/45"}],"replies":[{"embeddable":true,"href":"https:\/\/legionmagazine.com\/fr\/wp-json\/wp\/v2\/comments?post=4248"}],"version-history":[{"count":0,"href":"https:\/\/legionmagazine.com\/fr\/wp-json\/wp\/v2\/posts\/4248\/revisions"}],"wp:featuredmedia":[{"embeddable":true,"href":"https:\/\/legionmagazine.com\/fr\/wp-json\/wp\/v2\/media\/4262"}],"wp:attachment":[{"href":"https:\/\/legionmagazine.com\/fr\/wp-json\/wp\/v2\/media?parent=4248"}],"wp:term":[{"taxonomy":"category","embeddable":true,"href":"https:\/\/legionmagazine.com\/fr\/wp-json\/wp\/v2\/categories?post=4248"},{"taxonomy":"post_tag","embeddable":true,"href":"https:\/\/legionmagazine.com\/fr\/wp-json\/wp\/v2\/tags?post=4248"}],"curies":[{"name":"wp","href":"https:\/\/api.w.org\/{rel}","templated":true}]}}