{"id":3792,"date":"2016-01-01T08:30:40","date_gmt":"2016-01-01T12:30:40","guid":{"rendered":"https:\/\/legionmagfren.wpengine.com\/?p=3792"},"modified":"2016-03-15T08:38:18","modified_gmt":"2016-03-15T12:38:18","slug":"st-johns-accueillera-le-congres-national","status":"publish","type":"post","link":"https:\/\/legionmagazine.com\/fr\/2016\/01\/st-johns-accueillera-le-congres-national\/","title":{"rendered":"St. John\u2019s accueillera  le Congr\u00e8s national"},"content":{"rendered":"<p class=\"p1\"><img fetchpriority=\"high\" decoding=\"async\" class=\"alignnone wp-image-3793\" src=\"https:\/\/legionmagazine.com\/fr\/wp-content\/uploads\/2016\/03\/Stjohns.jpg\" alt=\"Stjohns\" width=\"566\" height=\"376\" srcset=\"https:\/\/legionmagazine.com\/fr\/wp-content\/uploads\/2016\/03\/Stjohns.jpg 2560w, https:\/\/legionmagazine.com\/fr\/wp-content\/uploads\/2016\/03\/Stjohns-300x199.jpg 300w, https:\/\/legionmagazine.com\/fr\/wp-content\/uploads\/2016\/03\/Stjohns-768x510.jpg 768w, https:\/\/legionmagazine.com\/fr\/wp-content\/uploads\/2016\/03\/Stjohns-1024x680.jpg 1024w\" sizes=\"(max-width: 566px) 100vw, 566px\" \/><\/p>\n<p class=\"p1\"><span class=\"s1\">L<\/span><span class=\"s1\">es d\u00e9l\u00e9gu\u00e9s des divisions, des sections et des filiales de la L\u00e9gion royale canadienne sont invit\u00e9s \u00e0 se rendre au 46<sup>e<\/sup> Congr\u00e8s national, \u00e0 St. John\u2019s, Terre-Neuve, du 11 au 15 juin.<\/span><\/p>\n<p class=\"p3\"><span class=\"s1\">\u00ab On me dit que ce sera l\u2019un des plus grands congr\u00e8s jamais tenus \u00e0 St. John\u2019s \u00bb, dit le pr\u00e9sident du comit\u00e9 local des pr\u00e9paratifs, Berkley Lawrence. Il devrait y avoir quelque 1 500 d\u00e9l\u00e9gu\u00e9s, dont certains seront accompagn\u00e9s.<\/span><\/p>\n<p class=\"p3\"><span class=\"s1\">Le congr\u00e8s aura lieu au St. John\u2019s Convention Centre qui a \u00e9t\u00e9 agrandi r\u00e9cemment. \u00ab Tout doit \u00eatre fini en f\u00e9vrier, et les cl\u00e9s seront remises \u00e0 l\u2019h\u00f4tel Delta en mars \u00bb, dit M. Lawrence, qui est \u00e9galement premier vice-pr\u00e9sident de la Division de Terre-Neuve-et-Labrador.<\/span><\/p>\n<p class=\"p3\"><span class=\"s1\">Le logo approuv\u00e9 pour le congr\u00e8s comprend le caribou, embl\u00e8me du <\/span>Royal Newfoundland Regiment,<span class=\"s1\"><br \/>\nle coquelicot et le myosotis, fleur du souvenir de Terre-Neuve. Le th\u00e8me, Looking Back to See Ahead [se pencher sur le pass\u00e9 pour voir l\u2019avenir, NDT] est inscrit au-dessus du logo.<\/span><\/p>\n<p class=\"p3\"><span class=\"s1\">Le congr\u00e8s d\u00e9butera par l\u2019ouverture des inscriptions, qui se feront le samedi 11 juin de 13 \u00e0 17 heures et qui se poursuivront le dimanche matin. Les frais d\u2019inscription sont de 50 $ pour les d\u00e9l\u00e9gu\u00e9s et de 15 $ pour les obser-vateurs. Les versements ne pourront se faire qu\u2019en esp\u00e8ces.<\/span><\/p>\n<p class=\"p3\"><span class=\"s1\">Les filiales ont droit \u00e0 un d\u00e9l\u00e9gu\u00e9 accr\u00e9dit\u00e9 pour 100 (ou fraction de 100) membres ordinaires, \u00e0 vie, associ\u00e9s ou affili\u00e9s votants. Tout d\u00e9l\u00e9gu\u00e9 accr\u00e9dit\u00e9 par la filiale dont il est membre ne peut \u00eatre porteur que de quatre actes de procuration au maximum. Les procurations peuvent provenir de la filiale du membre votant ou d\u2019une autre filiale de la m\u00eame division, et elles doivent \u00eatre inscrites au d\u00e9but du Congr\u00e8s. Les d\u00e9l\u00e9gu\u00e9s doivent avoir r\u00e9gl\u00e9 leurs frais d\u2019adh\u00e9sion de l\u2019ann\u00e9e se terminant le 31 d\u00e9cembre 2016.<\/span><\/p>\n<p class=\"p3\"><span class=\"s1\">Un certificat de procuration accompagne l\u2019appel au congr\u00e8s qui a \u00e9t\u00e9 lanc\u00e9 en d\u00e9cembre au moyen d\u2019un envoi \u00e0 toutes les filiales. Il doit \u00eatre rempli et indiquer le nombre de d\u00e9l\u00e9gu\u00e9s et de procurations de la filiale, puis envoy\u00e9 au bureau de la direction divisionnaire. <\/span><\/p>\n<p class=\"p3\"><span class=\"s1\">Selon les statuts g\u00e9n\u00e9raux, les motions doivent toutes avoir \u00e9t\u00e9 livr\u00e9es \u00e0 la Direction nationale au moins 112 jours avant l\u2019ouverture du Congr\u00e8s. Cela signifie qu\u2019apr\u00e8s avoir \u00e9t\u00e9 envoy\u00e9es au bureau de la direction divisionnaire, elles doivent parvenir \u00e0 la Direction nationale au plus tard le 20 f\u00e9vrier.<\/span><\/p>\n<p class=\"p3\"><span class=\"s1\">Les motions en retard seront prises en consid\u00e9ration par le Conseil ex\u00e9cutif national avant le congr\u00e8s, mais seules celles qu\u2019il jugera urgentes seront pr\u00e9sent\u00e9es \u00e0 l\u2019assembl\u00e9e. <\/span><\/p>\n<p class=\"p3\"><span class=\"s1\">Une course en taxi entre l\u2019a\u00e9roport international de St. John\u2019s et le centre-ville coute de 20 $ \u00e0 30 $.\u00a0Des chambres ont \u00e9t\u00e9 r\u00e9serv\u00e9es dans un certain nombre d\u2019h\u00f4tels.<\/span><\/p>\n<p class=\"p3\"><span class=\"s1\">Les \u00e9v\u00e8nements commenceront le dimanche, par un d\u00e9fil\u00e9 qui doit d\u00e9buter \u00e0 la rue Water et se rendre au Monument national de guerre qui a \u00e9t\u00e9 \u00e9rig\u00e9, apr\u00e8s la Premi\u00e8re Guerre mondiale, lorsque Terre-Neuve \u00e9tait encore un dominion. <\/span><\/p>\n<p class=\"p3\"><span class=\"s1\">\u00ab Le d\u00e9fil\u00e9 jusqu\u2019au c\u00e9notaphe sera de 400 m\u00e8tres. Ensuite, nous d\u00e9filerons jusqu\u2019au centre des congr\u00e8s qui se trouve \u00e0 1,2 kilom\u00e8tre de l\u00e0. Ce sera plus court que le d\u00e9fil\u00e9 \u00e0 Halifax [en 2012] et un petit peu plus long que celui d\u2019Emonton [en 2014]. \u00bb <\/span><\/p>\n<p class=\"p3\"><span class=\"s1\">Les s\u00e9ances de travail commenceront le lundi \u00e0 8 h 30. Le congr\u00e8s durera un jour de moins que les congr\u00e8s pr\u00e9c\u00e9dents; l\u2019installation des officiers \u00e9lus et les c\u00e9r\u00e9monies de fermeture auront lieu le mardi.<\/span><\/p>\n<p class=\"p3\"><span class=\"s1\">Les quatre filiales de la r\u00e9gion <\/span>de St. John\u2019s offriront des acti-vit\u00e9s sociales tous les soirs et <span class=\"s1\">M. Lawrence dit que les pr\u00e9paratifs <\/span>d\u2019une soir\u00e9e de divertissements terre-neuviens sont en cours.<\/p>\n<p class=\"p3\"><span class=\"s1\">Les d\u00e9l\u00e9gu\u00e9s auront beaucoup \u00e0 voir pendant leur visite \u00e0 St. John\u2019s, <\/span>de la fameuse colline Signal o\u00f9 <span class=\"s1\">Guglielmo Marconi a re\u00e7u le premier signal transatlantique sans fil \u00e0 la tour Cabot, qui a une vue imprenable sur St. John\u2019s et l\u2019Atlantique du Nord, et que cinq kilom\u00e8tres de sentiers p\u00e9destres entourent.<\/span><\/p>\n<p class=\"p3\"><span class=\"s1\">Le cap Spear, point le plus orien-tal d\u2019Am\u00e9rique du Nord d\u2019o\u00f9 l\u2019on voit souvent des icebergs et des rorquals \u00e0 bosse, est une attraction renomm\u00e9e \u00e9galement pour son phare. La rue George, o\u00f9 les pubs et les musiciens sont en grand nombre, aussi est tr\u00e8s pris\u00e9e. <\/span><\/p>\n","protected":false},"excerpt":{"rendered":"<p>Les d\u00e9l\u00e9gu\u00e9s des divisions, des sections et des filiales de la L\u00e9gion royale canadienne sont invit\u00e9s \u00e0 se rendre au 46e Congr\u00e8s national, \u00e0 St. John\u2019s, Terre-Neuve, du 11 au 15 juin. \u00ab On me dit que ce sera l\u2019un des plus grands congr\u00e8s jamais tenus \u00e0 St. John\u2019s \u00bb, dit le pr\u00e9sident du comit\u00e9 [&hellip;]<\/p>\n","protected":false},"author":1,"featured_media":3793,"comment_status":"closed","ping_status":"open","sticky":false,"template":"","format":"standard","meta":{"footnotes":""},"categories":[4],"tags":[],"class_list":["post-3792","post","type-post","status-publish","format-standard","has-post-thumbnail","hentry","category-nouvelles"],"_links":{"self":[{"href":"https:\/\/legionmagazine.com\/fr\/wp-json\/wp\/v2\/posts\/3792","targetHints":{"allow":["GET"]}}],"collection":[{"href":"https:\/\/legionmagazine.com\/fr\/wp-json\/wp\/v2\/posts"}],"about":[{"href":"https:\/\/legionmagazine.com\/fr\/wp-json\/wp\/v2\/types\/post"}],"author":[{"embeddable":true,"href":"https:\/\/legionmagazine.com\/fr\/wp-json\/wp\/v2\/users\/1"}],"replies":[{"embeddable":true,"href":"https:\/\/legionmagazine.com\/fr\/wp-json\/wp\/v2\/comments?post=3792"}],"version-history":[{"count":0,"href":"https:\/\/legionmagazine.com\/fr\/wp-json\/wp\/v2\/posts\/3792\/revisions"}],"wp:featuredmedia":[{"embeddable":true,"href":"https:\/\/legionmagazine.com\/fr\/wp-json\/wp\/v2\/media\/3793"}],"wp:attachment":[{"href":"https:\/\/legionmagazine.com\/fr\/wp-json\/wp\/v2\/media?parent=3792"}],"wp:term":[{"taxonomy":"category","embeddable":true,"href":"https:\/\/legionmagazine.com\/fr\/wp-json\/wp\/v2\/categories?post=3792"},{"taxonomy":"post_tag","embeddable":true,"href":"https:\/\/legionmagazine.com\/fr\/wp-json\/wp\/v2\/tags?post=3792"}],"curies":[{"name":"wp","href":"https:\/\/api.w.org\/{rel}","templated":true}]}}