{"id":330,"date":"2010-01-01T16:05:47","date_gmt":"2010-01-01T20:05:47","guid":{"rendered":"https:\/\/legionmagfren.wpengine.com\/?p=330"},"modified":"2009-12-21T16:37:56","modified_gmt":"2009-12-21T20:37:56","slug":"la-medaille-du-sacrifice-mele-la-fierte-au-malheur","status":"publish","type":"post","link":"https:\/\/legionmagazine.com\/fr\/2010\/01\/la-medaille-du-sacrifice-mele-la-fierte-au-malheur\/","title":{"rendered":"La M\u00e9daille du sacrifice m\u00eale la fiert\u00e9 au malheur"},"content":{"rendered":"<p>C\u2019est une journ\u00e9e o\u00f9 les \u00e9motions sont m\u00eal\u00e9es pour le capitaine Simon Mailloux. Le matin, il est une des 46 personnes \u00e0 qui la gouverneure g\u00e9n\u00e9rale Micha\u00eblle Jean d\u00e9cerne la M\u00e9daille du sacrifice et, le soir, on l\u2019envoie \u00e0 nouveau servir en Afghanistan.<\/p>\n<p>Il est philosophe lorsqu\u2019il parle aux reporteurs apr\u00e8s la c\u00e9r\u00e9monie du 9 novembre, \u00e0 la R\u00e9sidence de la gouverneure g\u00e9n\u00e9rale, \u00e0 Ottawa, maintenant qu\u2019il a besoin d\u2019une proth\u00e8se pour marcher. \u00ab\u00a0Aller \u00e0 la guerre, c\u2019est pas quelque chose qu\u2019on aime faire\u00a0: c\u2019est quelque chose qu\u2019on doit faire\u00a0\u00bb, dit-il.<\/p>\n<p>Il faut savoir qu\u2019il \u00e9tait lieutenant dans le 3e Bataillon du Royal 22e R\u00e9giment, quand le VAL III qu\u2019il commandait a roul\u00e9 sur un dispositif explosif de circonstance pr\u00e8s de Ma\u2019sum Ghar, en Afghanistan. Deux autres militaires ont \u00e9t\u00e9 tu\u00e9s lors de l\u2019incident\u00a0: le caporal Nicolas Beauchamp et le soldat Michel L\u00e9vesque.<\/p>\n<p>Il a fallu amputer Mailloux en bas du genou gauche. Il marche avec assurance et dit que \u00ab\u00a0c\u2019est difficile, en tant qu\u2019amput\u00e9, de prouver aux Forces canadiennes qu\u2019on peut encore servir\u00a0\u00bb.<\/p>\n<p>Lors de sa mutation en Afghanistan, il servira derri\u00e8re le front, \u00e0 planifier les strat\u00e9gies \u00ab\u00a0Je ferai ce qu\u2019il faudra que je fasse, dit-il. Je peux \u00eatre t\u00eatu.\u00a0\u00bb<\/p>\n<p>Le souvenir de la blessure et de la perte se m\u00ealent \u00e0 la fiert\u00e9 pendant la c\u00e9r\u00e9monie, quand la gouverneure g\u00e9n\u00e9rale parle aux militaires et aux familles qui recevaient les premi\u00e8res M\u00e9dailles du sacrifice.<\/p>\n<p>\u00ab\u00a0Il y a quelques semaines, je suis retourn\u00e9e en Afghanistan pour la seconde fois depuis le d\u00e9but de mon mandat. Je vous ai vus \u00e0 l\u2019\u0153uvre, vous qui vous efforcez d\u2019assurer la s\u00e9curit\u00e9 et la stabilit\u00e9 dans cette r\u00e9gion du monde aux prises avec la violence, l\u2019oppression et la mis\u00e8re. Je connais les conditions p\u00e9rilleuses dans lesquelles vous travaillez et les risques \u00e9normes auxquels vous \u00eates expos\u00e9s,\u00a0dit Jean. Je sais aussi la profondeur de votre engagement et la solidit\u00e9 des liens qui vous unissent, \u00e0 la vie, \u00e0 la mort. Pour vous, abandonner votre mission ou votre peloton n\u2019est pas une option.\u00a0\u00bb<\/p>\n<p>Vingt-et-une des m\u00e9dailles d\u00e9cern\u00e9es l\u2019ont \u00e9t\u00e9 \u00e0 titre posthume. \u00ab\u00a0D\u2019ailleurs, je reconnais ici bien des visages, dit Jean. J\u2019ai rencontr\u00e9 plusieurs d\u2019entre vous sur le tarmac, \u00e0 la base militaire de Trenton. Vous avez accept\u00e9 que je vous accompagne dans le deuil que vous traversiez, et je vous en remercie.\u00a0\u00bb<\/p>\n<p>\u00c0 la gouverneure g\u00e9n\u00e9rale se sont joints, pendant la c\u00e9r\u00e9monie, le premier ministre Stephen Harper et le g\u00e9n\u00e9ral et chef d\u2019\u00e9tat-major de la d\u00e9fense Walter Natynczyk, qui, tous deux, ont serr\u00e9 la main de chaque m\u00e9daill\u00e9 et bavard\u00e9 un instant avec lui. On pouvait entendre, partout dans la salle silencieuse les tapes d\u2019encouragement de Natynczyk sur l\u2019\u00e9paule de ceux qui ne s\u2019enl\u00e8veraient pas l\u2019uniforme.<\/p>\n<p>Le caporal-chef Paul Franklin, qui a perdu les deux jambes lors d\u2019un attentat suicide \u00e0 la bombe pendant sa deuxi\u00e8me affectation dans l\u2019\u00e9quipe provinciale de reconstruction et qui aide les autres militaires bless\u00e9s, est l\u2019une des personnes \u00e0 qui la m\u00e9daille est d\u00e9cern\u00e9e. Le bombardier-chef Bounyarattanaphon Makthepharak, qui a subi de graves blessures internes quand il a \u00e9t\u00e9 frapp\u00e9 par des \u00e9clats lors d\u2019une attaque \u00e0 la roquette, \u00e0 la base de l\u2019aviation de Kandahar, en 2006, s\u2019est joint \u00e0 lui. Ils ont tous deux fait l\u2019objet d\u2019un de nos articles sur les soldats qui r\u00e9cup\u00e8rent (The Quiet Fight [non traduit], novembre\/d\u00e9cembre 2007).<\/p>\n<p>Le caporal-chef Jody Mitic, qui a perdu les deux jambes en dessous du genou quand il a march\u00e9 sur une mine terrestre, en 2007, \u00e9tait aussi pr\u00e9sent pour recevoir sa d\u00e9coration. Il avait \u00e9t\u00e9 acclam\u00e9 par Natynczyk lors de la course de cinq kilom\u00e8tres \u00e0 laquelle il participait pour ramasser des fonds pour le St. John\u2019s Rehabilitation Hospital de Toronto (En d\u00e9placement avec le chef d\u2019\u00e9tat-major de la d\u00e9fense, juillet\/aout).<\/p>\n<p>De nombreuses histoires tristes nous viennent \u00e0 l\u2019esprit quand les parents s\u2019avancent pour accepter les d\u00e9corations posthumes, dont l\u2019une est d\u00e9cern\u00e9e \u00e0 la capitaine Nichola Goddard, la premi\u00e8re combattante \u00e0 mourir lors d\u2019un \u00e9change de coups de feu et au diplomate Glyn Berry, dont l\u2019automobile a \u00e9t\u00e9 attaqu\u00e9e par une bombe humaine.<\/p>\n<p>Le lieutenant (Marine) Christopher Saunders, mort dans l\u2019incendie \u00e0 bord du Navire canadien de Sa Majest\u00e9 Chicoutimi quand le sous-marin qu\u2019on venait d\u2019acheter en Angleterre traversait l\u2019Atlantique, en 2004, est \u00e9galement reconnu.<\/p>\n<p>En deux mots, la M\u00e9daille du sacrifice est d\u00e9cern\u00e9e aux membres des Forces canadiennes qui ont \u00e9t\u00e9 bless\u00e9s ou tu\u00e9s au combat apr\u00e8s le 7 octobre 2001. Elle peut aussi \u00eatre d\u00e9cern\u00e9e de mani\u00e8re posthume \u00e0 n\u2019importe quel membre des Forces canadiennes mort dans des circonstances hono\u00adrables des suites d\u2019une blessure ou d\u2019une maladie li\u00e9e au service militaire.<\/p>\n<p>Elle sert aussi \u00e0 reconnaitre les blessures qui n\u00e9cessitent au moins sept jours \u00e0 l\u2019h\u00f4pital ou une s\u00e9rie de traitements \u00e9quivalente caus\u00e9e par l\u2019exposition aux \u00e9l\u00e9ments par suite de la destruction ou de la mise hors d\u2019\u00e9tat, en raison d\u2019un acte d\u2019hostilit\u00e9, d\u2019un a\u00e9ronef, d\u2019un v\u00e9hicule ou d\u2019un navire, un traitement s\u00e9v\u00e8re ou la n\u00e9gligence lors de la d\u00e9tention de la personne par des forces ennemies, ou l\u2019emploi d\u2019agents nucl\u00e9aires, biologiques ou chimiques par des forces ennemies.<\/p>\n<p>Une effigie contemporaine de Sa Majest\u00e9 la reine du Canada portant un diad\u00e8me canadien compos\u00e9 de feuilles d\u2019\u00e9rable et de flocons de neige est \u00e0 l\u2019avers de la m\u00e9daille. Les mots \u00ab\u00a0Elizabeth II Dei Gratia Regina\u00a0\u00bb et \u00ab\u00a0Canada\u00a0\u00bb y sont inscrits.<\/p>\n<p>Au revers de la m\u00e9daille se trouve la figure maternelle du Monument comm\u00e9moratif du Canada \u00e0 Vimy (France) qui pleure pour ses fils perdus. L\u2019inscription \u00ab\u00a0Sacrifice\u00a0\u00bb se trouve en bas \u00e0 droite de la m\u00e9daille.<\/p>\n<p>Le ruban est un ruban moir\u00e9 de 32 millim\u00e8tres de largeur comportant une bande centrale noire de 10 millim\u00e8tres, bord\u00e9e de chaque c\u00f4t\u00e9 d\u2019une bande rouge de 11 millim\u00e8tres qui porte en son centre une bande blanche d\u2019un millim\u00e8tre. Le noir repr\u00e9sente le deuil pour les morts et le choc des blessures, le rouge repr\u00e9sente le sang vers\u00e9 et le blanc, l\u2019espoir pour un avenir meilleur. Le rouge et le blanc sont aussi les couleurs officielles du Canada tel que d\u00e9cr\u00e9t\u00e9 par le roi George V en 1921.<\/p>\n<p>La M\u00e9daille du sacrifice est assujettie \u00e0 la Directive canadienne sur les ordres, d\u00e9corations et m\u00e9dailles, entre la M\u00e9daille royale de Victoria et la M\u00e9daille du Golfe et du Kowe\u00eft. Une agrafe peut \u00eatre d\u00e9cern\u00e9e pour les occasions suppl\u00e9mentaires qui m\u00e9riteraient qu\u2019on d\u00e9cerne la m\u00e9daille.<\/p>\n<p>La m\u00e9daille est fabriqu\u00e9e par la Monnaie royale du Canada en argent sterling et laqu\u00e9e pour qu\u2019elle ne ternisse pas. On grave sur les m\u00e9dailles le num\u00e9ro matricule, le grade, les initiales et le nom de famille du d\u00e9tenteur militaire ou les pr\u00e9noms et nom du d\u00e9tenteur civil.<\/p>\n<p>Ben Walsh de Regina \u00e9tait \u00e0 la c\u00e9r\u00e9monie pour accepter la m\u00e9daille d\u00e9cern\u00e9e \u00e0 titre posthume \u00e0 son fils, le caporal-chef Jeff Walsh, qui a \u00e9t\u00e9 tu\u00e9 par balle, tir\u00e9e accidentellement par un compagnon de patrouille \u00e0 Kandahar, en 2006. Selon les crit\u00e8res annonc\u00e9s le 29 aout 2008, Jeff Walsh n\u2019aurait pas eu droit \u00e0 la m\u00e9daille puisque son d\u00e9c\u00e8s n\u2019\u00e9tait pas le r\u00e9sultat d\u2019un geste hostile (Admissibilit\u00e9 \u00e0 la Croix du Souvenir \u00e9largie, mars\/avril).<\/p>\n<p>C\u2019est pourquoi Ben Walsh, un ancien membre de la Gendarmerie royale du Canada, a organis\u00e9 la campagne pour la r\u00e9vision des crit\u00e8res. Peu apr\u00e8s, le ministre de la D\u00e9fense, Peter MacKay, demandait au chef d\u2019\u00e9tat-major de proc\u00e9der \u00e0 une r\u00e9vision des crit\u00e8res existants et de faire les recommandations qui s\u2019imposeraient. La c\u00e9r\u00e9monie qui devait avoir lieu \u00e0 la r\u00e9sidence de la gouverneure g\u00e9n\u00e9rale en 2008 pour pr\u00e9senter les premi\u00e8res m\u00e9dailles fut retard\u00e9e.<\/p>\n<p>La r\u00e9vision a donn\u00e9 lieu \u00e0 un \u00e9largissement des crit\u00e8res de d\u00e9coration posthume afin que la m\u00e9daille couvre toutes les morts li\u00e9es au service, pas seulement celles r\u00e9sultant d\u2019une action hostile directe. Comme il est remarqu\u00e9 dans le communiqu\u00e9 du minist\u00e8re de la D\u00e9fense nationale, la modification a conform\u00e9 l\u2019aspect posthume de la m\u00e9daille aux nouveaux crit\u00e8res de la Croix du Souvenir et de l\u2019inscription au Septi\u00e8me Livre du Souvenir. Les autres aspects sont rest\u00e9s les m\u00eames.<\/p>\n<p>Walsh nous disait par la suite qu\u2019il a \u00ab\u00a0commenc\u00e9 ce voyage la premi\u00e8re fois que la M\u00e9daille du sacrifice a \u00e9t\u00e9 annonc\u00e9e, non seulement pour mon fils, mais aussi pour tous les membres des Forces canadiennes [&#8230;]. Aujourd\u2019hui, je sens que mon voyage tire \u00e0 sa fin.\u00a0\u00bb<\/p>\n<p>Bien qu\u2019il a dit qu\u2019il \u00e9tait en col\u00e8re lors de la premi\u00e8re annonce de la m\u00e9daille, il nous dit que \u201cquelle que soit la d\u00e9cision d\u2019Ottawa, \u00e7a irait. Mais je suis heureux du r\u00e9sultat\u00a0\u00bb. Il ajoute que la m\u00e9daille serait remise \u00e0 la veuve de Jeff, Julie, qui habite \u00e0 Shilo (Man.).<\/p>\n<p>Harper met fin \u00e0 la c\u00e9r\u00e9monie en di\u00ad-sant\u00a0: \u00ab\u00a0Une fois encore, des Canadiennes et des Canadiens ont prouv\u00e9 qu\u2019ils \u00e9taient les soldats, marins et aviateurs parmi les plus braves, les plus comp\u00e9tents et les plus brillants du monde. Je tiens \u00e0 remercier aujourd\u2019hui chacune et chacun des laur\u00e9ats, ainsi que leur famille et les \u00eatres qui leur sont chers, d\u2019avoir maintenu noblement et en toutes circons\u00adtances la fi\u00e8re tradition de courage et de sacrifice du Canada.\u00a0\u00bb<\/p>\n","protected":false},"excerpt":{"rendered":"<p>C\u2019est une journ\u00e9e o\u00f9 les \u00e9motions sont m\u00eal\u00e9es pour le capitaine Simon Mailloux. Le matin, il est une des 46 personnes \u00e0 qui la gouverneure g\u00e9n\u00e9rale Micha\u00eblle Jean d\u00e9cerne la M\u00e9daille du sacrifice et, le soir, on l\u2019envoie \u00e0 nouveau servir en Afghanistan. Il est philosophe lorsqu\u2019il parle aux reporteurs apr\u00e8s la c\u00e9r\u00e9monie du 9 [&hellip;]<\/p>\n","protected":false},"author":8,"featured_media":0,"comment_status":"open","ping_status":"open","sticky":false,"template":"","format":"standard","meta":{"footnotes":""},"categories":[4],"tags":[],"class_list":["post-330","post","type-post","status-publish","format-standard","hentry","category-nouvelles"],"_links":{"self":[{"href":"https:\/\/legionmagazine.com\/fr\/wp-json\/wp\/v2\/posts\/330","targetHints":{"allow":["GET"]}}],"collection":[{"href":"https:\/\/legionmagazine.com\/fr\/wp-json\/wp\/v2\/posts"}],"about":[{"href":"https:\/\/legionmagazine.com\/fr\/wp-json\/wp\/v2\/types\/post"}],"author":[{"embeddable":true,"href":"https:\/\/legionmagazine.com\/fr\/wp-json\/wp\/v2\/users\/8"}],"replies":[{"embeddable":true,"href":"https:\/\/legionmagazine.com\/fr\/wp-json\/wp\/v2\/comments?post=330"}],"version-history":[{"count":0,"href":"https:\/\/legionmagazine.com\/fr\/wp-json\/wp\/v2\/posts\/330\/revisions"}],"wp:attachment":[{"href":"https:\/\/legionmagazine.com\/fr\/wp-json\/wp\/v2\/media?parent=330"}],"wp:term":[{"taxonomy":"category","embeddable":true,"href":"https:\/\/legionmagazine.com\/fr\/wp-json\/wp\/v2\/categories?post=330"},{"taxonomy":"post_tag","embeddable":true,"href":"https:\/\/legionmagazine.com\/fr\/wp-json\/wp\/v2\/tags?post=330"}],"curies":[{"name":"wp","href":"https:\/\/api.w.org\/{rel}","templated":true}]}}