{"id":2848,"date":"2014-07-01T00:03:55","date_gmt":"2014-07-01T04:03:55","guid":{"rendered":"https:\/\/legionmagfren.wpengine.com\/?p=2848"},"modified":"2014-06-13T10:58:21","modified_gmt":"2014-06-13T14:58:21","slug":"le-monde-tombe-dans-labime","status":"publish","type":"post","link":"https:\/\/legionmagazine.com\/fr\/2014\/07\/le-monde-tombe-dans-labime\/","title":{"rendered":"Le monde tombe dans l\u2019abime"},"content":{"rendered":"<p><strong>Le mois d\u2019aout 2014 marque le centenaire du d\u00e9clenchement du conflit terrible qui nous affecte encore aujourd\u2019hui. Il est ironique que le si\u00e8cle qui a pr\u00e9c\u00e9d\u00e9 le d\u00e9clenchement de la guerre de 1914 f\u00fbt l\u2019un des plus paisibles dans l\u2019histoire du monde et, cette ann\u00e9e-l\u00e0, un grand nombre de personnes, en particulier les Canadiens, croyaient que le 20<sup>e<\/sup> si\u00e8cle serait un temps de paix, d\u2019abondance et de progr\u00e8s.<\/strong><\/p>\n<p><strong>Il a plut\u00f4t \u00e9t\u00e9 l\u2019une des p\u00e9riodes les plus violentes de l\u2019histoire : celle o\u00f9 le monde est tomb\u00e9 dans l\u2019abime.<\/strong><\/p>\n<div class=\"caption_img \"\tstyle=\"width:515px\"><img fetchpriority=\"high\" decoding=\"async\" class=\"alignnone size-full wp-image-2849\" alt=\"Avanc\u00e9e des Canadiens \u00e0 la bataille de la cr\u00eate de Vimy. [PHOTO : MINIST\u00c8RE DE LA D\u00c9FENSE NATIONALE, BIBLIOTH\u00c8QUE ET ARCHIVES CANADA \u2013 PA001086]\" src=\"https:\/\/legionmagazine.com\/fr\/wp-content\/uploads\/2014\/06\/ww1_1.jpg\" width=\"515\" height=\"281\" srcset=\"https:\/\/legionmagazine.com\/fr\/wp-content\/uploads\/2014\/06\/ww1_1.jpg 515w, https:\/\/legionmagazine.com\/fr\/wp-content\/uploads\/2014\/06\/ww1_1-300x163.jpg 300w\" sizes=\"(max-width: 515px) 100vw, 515px\" \/><\/p>\n<div class=\"caption\"><span>Avanc\u00e9e des Canadiens \u00e0 la bataille de la cr\u00eate de Vimy. <\/span><\/div>\n<div class=\"credit\"><span>PHOTO : MINIST\u00c8RE DE LA D\u00c9FENSE NATIONALE, BIBLIOTH\u00c8QUE ET ARCHIVES CANADA \u2013 PA001086<\/span><\/div>\n<\/div>\n<p>&nbsp;<\/p>\n<p><em><strong><span style=\"color: #ff0000;\">\u00ab Quelque chose de b\u00eate dans les Balkans \u00bb<\/span><\/strong><\/em><\/p>\n<p><b>COMMENT CELA A COMMENC\u00c9<\/b><\/p>\n<p>Les origines de la Premi\u00e8re Guerre mondiale remontent \u00e0 la guerre franco-prussienne de 1870-1871. Ce conflit n\u2019avait pas seulement conduit \u00e0 la cr\u00e9ation d\u2019un nouveau Reich allemand, union des nombreux \u00c9tats allemands ind\u00e9pendants en une nation puissante, il avait aussi donn\u00e9 une France qui avait soif de vengeance et qui voulait reprendre l\u2019Alsace et la Lorraine qu\u2019elle avait \u00e9t\u00e9 forc\u00e9e de c\u00e9der.<\/p>\n<p>\u00c0 la recherche d\u2019appui, la France avait conclu une alliance d\u00e9fensive avec la Russie. L\u2019Allemagne avait ripost\u00e9 en concluant une alliance similaire avec l\u2019empire austro-hongrois et, par la suite, avec l\u2019Italie. \u00c0 la fin des ann\u00e9es 1890, l\u2019Allemagne a commenc\u00e9 \u00e0 cons-<br \/>\ntruire une puissante flotte pour la haute mer. Cela a \u00e9t\u00e9 consid\u00e9r\u00e9 comme une menace par la Grande-Bretagne, qui en 1904 a conclu une Entente cordiale (une alliance sous un autre nom) avec la France, laquelle a ensuite \u00e9t\u00e9 \u00e9tendue \u00e0 la Russie.<\/p>\n<p>En 1914, l\u2019Europe \u00e9tait donc divis\u00e9e en deux camps rivaux et tout incident impliquant un membre de ces camps risquait d\u2019entrainer ses alli\u00e9s dans un conflit arm\u00e9.<\/p>\n<p>Les Balkans sont un des endroits o\u00f9 pouvait avoir lieu un tel incident. Le chancelier allemand du 19<sup>e<\/sup> si\u00e8cle Otto von Bismarck croyait que \u00ab quelque chose de b\u00eate\u00a0\u00bb dans les Balkans donnerait lieu \u00e0 une grande guerre europ\u00e9enne. La plupart des peuples balkaniques, autrefois parties de l\u2019empire turc, avaient obtenu leur libert\u00e9 par les armes au d\u00e9but du 20<sup>e<\/sup> si\u00e8cle, et ces petits pays<br \/>\nfarouchement nationalistes \u00e9taient divis\u00e9s selon des lignes ethniques, religieuses et linguistiques. La nation des Balkans la plus puissante et agressive \u00e9tait la Serbie, pays slave qui jouissait de la protection de la Russie, qui avait elle-m\u00eame des aspirations dans la r\u00e9gion.<\/p>\n<p>Le soutien de la Serbie par la Russie a in\u00e9vitablement amen\u00e9 le gouvernement du tsar en conflit avec l\u2019empire austro-hongrois, qui avait lui aussi des ambitions territoriales dans les Balkans. En 1908, les tensions ont augment\u00e9 lorsque l\u2019empire austro-hongrois a annex\u00e9 les deux principaut\u00e9s de Bosnie et d\u2019Herz\u00e9govine, s\u2019attirant la hargne de la Serbie qui consid\u00e9rait ces territoires comme faisant partie d\u2019une \u00ab grande Serbie \u00bb. La guerre a cependant \u00e9t\u00e9 \u00e9vit\u00e9e gr\u00e2ce aux diplomates qui ont travaill\u00e9 fort, comme elle l\u2019a \u00e9t\u00e9 lors d\u2019un certain nombre de crises dans cette r\u00e9gion instable.<\/p>\n<p>Pendant la deuxi\u00e8me d\u00e9cennie du XX<sup>e<\/sup> si\u00e8cle, toutefois, les dirigeants de certaines grandes puissances ont commenc\u00e9 \u00e0 croire qu\u2019une guerre pourrait r\u00e9soudre leurs probl\u00e8mes tant internes qu\u2019externes. Cette croyance \u00e9tait particuli\u00e8rement forte en Allemagne, qui poss\u00e9dait l\u2019arm\u00e9e la plus puissante d\u2019Europe et la deuxi\u00e8me marine par ordre de grandeur au monde. Le Kaiser Guillaume II, souverain allemand combatif, a \u00e9t\u00e9 l\u2019instigateur de plu-sieurs crises. Il croyait, comme beaucoup d\u2019autres dirigeants europ\u00e9ens, que si une grande guerre \u00e9clatait, elle suivrait le mod\u00e8le des r\u00e9cents conflits en Europe : de courte dur\u00e9e et concluants.<\/p>\n<div class=\"caption_img \"\tstyle=\"width:515px\"><img decoding=\"async\" class=\"alignnone size-full wp-image-2852\" alt=\"GUERRE FRANCO-PRUSSIENNE Les forces fran\u00e7aises passent \u00e0 l\u2019assaut pr\u00e8s de Bapaume, en France, en janvier 1871. [ILLUSTRATION : WIKIP\u00c9DIA]\" src=\"https:\/\/legionmagazine.com\/fr\/wp-content\/uploads\/2014\/07\/ww1_2.jpg\" width=\"515\" height=\"352\" srcset=\"https:\/\/legionmagazine.com\/fr\/wp-content\/uploads\/2014\/07\/ww1_2.jpg 515w, https:\/\/legionmagazine.com\/fr\/wp-content\/uploads\/2014\/07\/ww1_2-300x205.jpg 300w\" sizes=\"(max-width: 515px) 100vw, 515px\" \/><\/p>\n<div class=\"caption\"><span>GUERRE FRANCO-PRUSSIENNE Les forces fran\u00e7aises passent \u00e0 l\u2019assaut pr\u00e8s de Bapaume, en France, en janvier 1871. <\/span><\/div>\n<div class=\"credit\"><span>ILLUSTRATION : WIKIP\u00c9DIA<\/span><\/div>\n<\/div>\n<p>&nbsp;<\/p>\n<p><span style=\"color: #ff0000;\"><em><strong>\u00ab La guerre signifie le suicide \u00bb<\/strong><\/em><\/span><\/p>\n<p><b>\u00a0<\/b><b>LA NATURE DES CONFLITS ARM\u00c9S MODERNES<\/b><\/p>\n<p>Bien qu\u2019ils pensaient qu\u2019une guerre \u00e0 venir serait courte, la plupart des soldats professionnels croyaient qu\u2019elle serait diff\u00e9rente des conflits pr\u00e9c\u00e9dents. Les arm\u00e9es seraient plus nombreuses, car la plupart des principaux pays avaient une certaine forme de conscription en vigueur, et avec l\u2019av\u00e8nement des chemins de fer et des t\u00e9l\u00e9graphes, ces grandes arm\u00e9es pourraient \u00eatre d\u00e9plac\u00e9es, ravitaill\u00e9es et command\u00e9es de loin. La lev\u00e9e, la formation, l\u2019armement, l\u2019\u00e9quipement, le d\u00e9ploiement et le ravitaillement de ces grandes arm\u00e9es n\u00e9cessiteraient non seulement un personnel militaire professionnel, mais une plus grande proportion de la production \u00e9conomique d\u2019une nation. Ainsi, la nation ayant la productivit\u00e9 la plus grande et la plus efficace \u00e9tait la plus susceptible d\u2019\u00eatre victorieuse.<\/p>\n<p>Les militaires professionnels auraient fait preuve de sagesse en \u00e9coutant les avertissements de l\u2019industriel polonais Ivan Bloch, qui avait men\u00e9 une \u00e9tude de grande envergure sur la fa\u00e7on dont les conflits futurs risquaient d\u2019\u00eatre men\u00e9s. Bloch estimait qu\u2019une tentative, m\u00eame par une grande puissance, de mener une guerre majeure entrainerait \u00ab la destruction de ses ressources \u00bb et \u00ab la d\u00e9vastation \u00bb de sa structure sociale. La guerre, insistait Bloch, \u00ab est devenue impossible \u00bb parce qu\u2019\u00ab il est clair que la guerre signifie le suicide \u00bb.<\/p>\n<p>Malheureusement, tr\u00e8s peu de gens \u00e9coutaient cet homme prescient.<\/p>\n<p>Bloch insistait \u00e9norm\u00e9ment sur les avanc\u00e9es r\u00e9centes dans l\u2019armement, qui avaient abouti \u00e0 un bond prodigieux de sa l\u00e9talit\u00e9. L\u2019infanterie des principales arm\u00e9es \u00e9tait alors munie de fusils \u00e0 chargeur se chargeant par la culasse qui manifestaient une certaine pr\u00e9cision jusqu\u2019\u00e0 1 000 m\u00e8tres et dont la cadence de tir allait jusqu\u2019\u00e0 12 coups par minute. Elle poss\u00e9dait aussi des mitrailleuses capables de tirer 400 \u00e0 450 balles par minute et avaient environ la m\u00eame port\u00e9e.<\/p>\n<p>L\u2019artillerie des grandes puissances se composait de canons\u00a0 \u00ab \u00e0 tir rapide \u00bb se chargeant par la culasse avec\u00a0des syst\u00e8mes de recul qui leur permettaient de maintenir\u00a0le tir sur leur cible apr\u00e8s chaque coup de feu et pouvaient\u00a0tirer 15 fois par minute. Ces nouvelles armes avaient\u00a0\u00e9t\u00e9 utilis\u00e9es \u00e0 la guerre russo-japonaise de 1904-1905<\/p>\n<p>et les observateurs militaires avaient not\u00e9 l\u2019utilisation croissante des tranch\u00e9es et les pertes \u00e9normes subies quand l\u2019infanterie essayait d\u2019attaquer ces m\u00eames tranch\u00e9es, particuli\u00e8rement si elles \u00e9taient d\u00e9fendues par des mitrailleuses.<\/p>\n<p>Pourtant, malgr\u00e9 toutes les indications qu\u2019un conflit n\u00e9cessiterait un \u00e9norme effort \u00e9conomique et entrai-nerait de lourdes pertes, les soldats professionnels persistaient \u00e0 penser qu\u2019une guerre \u00e0 venir serait mobile, br\u00e8ve et remport\u00e9e par l\u2019esprit offensif.<\/p>\n<p>Arborant une attitude typique de la plupart des arm\u00e9es\u00a0europ\u00e9ennes, le grand \u00e9tat-major fran\u00e7ais croyait que la prochaine grande guerre \u00ab serait courte et \u00e0 mouvement rapide, et que les man\u0153uvres y joueraient un r\u00f4le primordial \u00bb.<\/p>\n<div class=\"caption_img \"\tstyle=\"width:515px\"><img decoding=\"async\" class=\"alignnone size-full wp-image-2854\" alt=\"GUERRE RUSSO-JAPONAISE Des soldats japonais dans leurs tranch\u00e9es, en Mandchourie, en avril 1905. [PHOTO : LIBRARY OF CONGRESS]\" src=\"https:\/\/legionmagazine.com\/fr\/wp-content\/uploads\/2014\/07\/ww1_3.jpg\" width=\"515\" height=\"523\" srcset=\"https:\/\/legionmagazine.com\/fr\/wp-content\/uploads\/2014\/07\/ww1_3.jpg 515w, https:\/\/legionmagazine.com\/fr\/wp-content\/uploads\/2014\/07\/ww1_3-295x300.jpg 295w, https:\/\/legionmagazine.com\/fr\/wp-content\/uploads\/2014\/07\/ww1_3-50x50.jpg 50w\" sizes=\"(max-width: 515px) 100vw, 515px\" \/><\/p>\n<div class=\"caption\"><span>GUERRE RUSSO-JAPONAISE Des soldats japonais dans leurs tranch\u00e9es, en Mandchourie, en avril 1905. <\/span><\/div>\n<div class=\"credit\"><span>PHOTO : LIBRARY OF CONGRESS<\/span><\/div>\n<\/div>\n<p>&nbsp;<\/p>\n<p><span style=\"color: #ff0000;\"><em><strong>\u00ab Connaissez-vous Sam Hughes? \u00bb<\/strong><\/em><\/span><\/p>\n<p><b>LES FORCES ARM\u00c9ES DU CANADA<\/b><\/p>\n<p>Bien que loin de la tension croissante en Europe, le Canada a \u00e9t\u00e9 touch\u00e9. La Grande-Bretagne a demand\u00e9 \u00e0 ses dominions, tout en ramenant sa marine dans ses eaux territoriales pour faire face \u00e0 la menace navale allemande, de renforcer leurs propres forces militaires et navales et de contribuer davantage \u00e0 la d\u00e9fense de l\u2019empire.<\/p>\n<p>Les lib\u00e9raux du premier ministre f\u00e9d\u00e9ral Wilfrid Laurier, au pouvoir de 1896 \u00e0 1911, tentaient de faire en sorte que les engagements du Canada soient aussi petits que possible, mais Laurier a finalement \u00e9t\u00e9 contraint d\u2019augmenter les d\u00e9penses de la d\u00e9fense et de cr\u00e9er une Marine canadienne. La participation du Canada \u00e0 la guerre de 1899-1902 en Afrique du Sud, o\u00f9 plus de 7 000 Canadiens s\u2019\u00e9taient battus aux c\u00f4t\u00e9s des Britanniques, avait augment\u00e9 la sensibilisation nationale concernant la d\u00e9fense. Le budget de cette derni\u00e8re est pass\u00e9 de 1,6 million de dollars en 1900 \u00e0 7\u00a0millions de dollars en 1911. Les effectifs de la force permanente, appel\u00e9e aussi r\u00e9guli\u00e8re, ont \u00e9t\u00e9 augment\u00e9s et de nouveaux \u00e9l\u00e9ments ont \u00e9t\u00e9 cr\u00e9\u00e9s : ing\u00e9nierie, renseignement, logistique, sant\u00e9 et \u00e9tat-major. Pendant ces m\u00eames ann\u00e9es, la force de la milice a presque doubl\u00e9, passant de 35 000 \u00e0 66 000 et, le principal, des fonds plus importants ont \u00e9t\u00e9 allou\u00e9s \u00e0 la formation, ce qui signifiait un nombre de plus en plus grand d\u2019hommes efficaces en service.<\/p>\n<p>Les d\u00e9penses pour la d\u00e9fense ont \u00e9t\u00e9 augment\u00e9es lorsque les conservateurs de Robert Borden ont pris le pouvoir en 1911 : en 1914, elles s\u2019\u00e9levaient \u00e0 11 millions de dollars. Cette augmentation a \u00e9t\u00e9 le travail de Sam Hughes, ministre de la milice sous Borden et une des personnalit\u00e9s les plus tristement c\u00e9l\u00e8bres de la vie publique canadienne. Ancien promoteur de voies ferr\u00e9es et r\u00e9dacteur en chef, ainsi que v\u00e9t\u00e9ran d\u2019Afrique du Sud, Hughes \u00e9tait \u00e9nergique, chauvin, \u00e9gotiste et supr\u00eamement s\u00fbr de lui; il \u00e9tait aussi tr\u00e8s critique \u00e0 l\u2019\u00e9gard des fautes des autres et compl\u00e8tement aveugle par rapport aux siennes.<\/p>\n<p>Le premier ministre Borden a dit une fois qu\u2019\u00e0 peu pr\u00e8s la moiti\u00e9 des jugements de Hughes \u00e9taient bons et produisaient d\u2019excellents r\u00e9sultats. En d\u2019autres occasions, cependant, il \u00e9tait \u00ab extr\u00eamement nerveux, il s\u2019impatientait \u00e0 vouloir contr\u00f4ler \u00bb et \u00ab il \u00e9tait presque impossible de travailler avec lui \u00bb tandis que parfois son comportement \u00e9tait excentrique au point o\u00f9 il \u00e9tait \u00ab justifi\u00e9 de conclure qu\u2019il avait l\u2019esprit d\u00e9rang\u00e9 \u00bb. Il y avait des gens qui louaient Hughes pour sa grande \u00e9nergie et sa capacit\u00e9 \u00e0 faire avancer les choses, \u00e0 les faire avancer rapidement. La milice l\u2019aimait parce qu\u2019il avait augment\u00e9 son financement, mais elle d\u00e9plorait la d\u00e9cision de ce ministre d\u2019interdire l\u2019alcool dans les camps d\u2019\u00e9t\u00e9, ce pour quoi les militaires se lamentaient dans la chanson :<\/p>\n<blockquote><p><em><span style=\"color: #993300;\"> Connaissez-vous Sam Hughes, il est l\u2019ennemi de<\/span><\/em><br \/>\n<em><span style=\"color: #993300;\"> la picole;<\/span><\/em><br \/>\n<em><span style=\"color: #993300;\"> C\u2019est le vrai champion du bidon sec;<\/span><\/em><br \/>\n<em><span style=\"color: #993300;\"> Car le camp est mort et on nous envoie nous coucher,<\/span><\/em><br \/>\n<em><span style=\"color: #993300;\"> Pour qu\u2019on n\u2019ait pas la gueule de bois au matin.<\/span><\/em><\/p><\/blockquote>\n<p>Tout le monde avait une opinion tenace, bonne ou mauvaise, \u00e0 propos de Sam Hughes, et Hughes lui-m\u00eame avait une opinion tenace sur l\u2019avenir imm\u00e9diat : il croyait que l\u2019Allemagne allait d\u00e9clencher une guerre en Europe. En 1912, il a d\u00e9fini sa croyance dans un discours au cours duquel il a fait remarquer \u00e0 son auditoire que \u00ab la guerre est plus proche que dans vos r\u00eaves; le grand p\u00e9ril vient de l\u2019Allemagne. Pourquoi ? Parce que l\u2019Allemagne doit avoir des colonies dans une g\u00e9n\u00e9ration ou elle va se mettre \u00e0 d\u00e9cliner \u00bb.<\/p>\n<p>Hughes \u00e9tait r\u00e9solu que, si un tel conflit commen\u00e7ait, le Canada serait en mesure d\u2019envoyer outre-mer une division d\u2019infanterie et une brigade mont\u00e9e \u00e9quip\u00e9e \u00ab pour r\u00e9pondre aux exigences de service actif dans un pays civilis\u00e9 au climat temp\u00e9r\u00e9 \u00bb, bref, pour servir en Europe.<\/p>\n<p>\u00c0 l\u2019\u00e9t\u00e9 de 1914, les forces arm\u00e9es du Canada, bien que loin d\u2019\u00eatre aussi puissantes que celles des pays europ\u00e9ens, n\u2019\u00e9taient pas insignifiantes. La force permanente \u00e9tait compos\u00e9e de 3 110 personnes et la milice, de 74 213, dont 55 000 ont suivi une formation dans les camps d\u2019\u00e9t\u00e9 cette ann\u00e9e-l\u00e0. L\u2019arm\u00e9e \u00e9tait \u00e9quip\u00e9e de 200 pi\u00e8ces d\u2019artillerie mo-dernes et du fusil Ross de calibre .303, une arme \u00e0 chargeur d\u2019une grande pr\u00e9cision fabriqu\u00e9e au Canada. Bien que la toute nouvelle Marine royale du Canada ne disposait que de deux vieux croiseurs, les navires canadiens de Sa Majest\u00e9 <i>Niobe<\/i> et <i>Rainbow<\/i> qui mouillaient \u00e0 Halifax et \u00e0 Esquimalt, en Colombie-Britannique, respectivement, elle avait un personnel administratif dans chaque port important d\u2019o\u00f9 elle pouvait contr\u00f4ler la navigation. Les Forces arm\u00e9es canadiennes \u00e9taient petites, mais elles pourraient servir d\u2019armature pour l\u2019expansion en cas de guerre.<\/p>\n<p>L\u2019arm\u00e9e canadienne suivait la doctrine britannique et, tirant parti de son exp\u00e9rience \u00e0 la guerre d\u2019Afrique du Sud, la Grande-Bretagne avait mis l\u2019accent sur le tir de pr\u00e9cision. En 1914, un milicien canadien devait obtenir au moins 42 des 70 points qu\u2019il \u00e9tait possible d\u2019avoir dans les champs de tir pour obtenir les quelques cents suppl\u00e9mentaires du \u00ab salaire d\u2019efficience \u00bb qu\u2019on ajoutait aux 50 cents de r\u00e9mun\u00e9ration quotidienne dans les camps, et un homme de troupe ne pouvait \u00eatre promu tant qu\u2019il n\u2019avait pas obtenu ce salaire.<\/p>\n<p>Selon la doctrine qui pr\u00e9valait alors, l\u2019Arm\u00e9e canadienne s\u2019entrainait en vue d\u2019une \u00ab guerre ouverte o\u00f9 les soldats circuleraient librement sur le terrain \u00bb. On ne n\u00e9gligeait, toutefois, pas l\u2019innovation : par exemple, le 19<sup>e<\/sup> R\u00e9giment, l\u2019Alberta Dragoons, s\u2019exer\u00e7ait \u00e0 des mesures \u00ab de dissimulation et d\u2019\u00e9vitement contre les avions \u00bb. Le major William Griesbach de cette unit\u00e9 s\u2019est rappel\u00e9 que les dragons avaient \u00e9t\u00e9 form\u00e9s \u00e0 tirer aussi vite que possible, car il y avait des \u00ab possibilit\u00e9s distinctes \u00bb que si plusieurs centaines d\u2019hommes tiraient en m\u00eame temps, il y aurait probablement \u00ab une concentration mena\u00e7ante de balles en l\u2019air dans le secteur de l\u2019avion ennemi \u00bb.<\/p>\n<p>Griesbach, officier intelligent qui allait finir sa car-ri\u00e8re militaire en tant que major-g\u00e9n\u00e9ral, pouvait interpr\u00e9ter ce qu\u2019il lisait dans les journaux en 1914. Ce qu\u2019il lisait l\u2019a convaincu, comme Sam Hughes l\u2019\u00e9tait, que les tensions couvaient en Europe et que ses camarades et lui devaient certainement se pr\u00e9parer \u00ab \u00e0 la guerre qui allait venir \u00bb.<\/p>\n<div class=\"caption_img \"\tstyle=\"width:515px\"><img loading=\"lazy\" decoding=\"async\" class=\"alignnone size-full wp-image-2856\" alt=\"Le g\u00e9n\u00e9ral canadien sir Sam Hughes (au c.) avait des opinions arr\u00eat\u00e9es sur les autres et sur la mani\u00e8re dont le Canada devrait r\u00e9agir au d\u00e9clenchement des hostilit\u00e9s. [MINIST\u00c8RE DE LA D\u00c9FENSE NATIONALE, BIBLIOTH\u00c8QUE ET ARCHIVES CANADA \u2013 PA022661]\" src=\"https:\/\/legionmagazine.com\/fr\/wp-content\/uploads\/2014\/07\/ww1_4.jpg\" width=\"515\" height=\"425\" srcset=\"https:\/\/legionmagazine.com\/fr\/wp-content\/uploads\/2014\/07\/ww1_4.jpg 515w, https:\/\/legionmagazine.com\/fr\/wp-content\/uploads\/2014\/07\/ww1_4-300x247.jpg 300w\" sizes=\"(max-width: 515px) 100vw, 515px\" \/><\/p>\n<div class=\"caption\"><span>Le g\u00e9n\u00e9ral canadien sir Sam Hughes (au c.) avait des opinions arr\u00eat\u00e9es sur les autres et sur la mani\u00e8re dont le Canada devrait r\u00e9agir au d\u00e9clenchement des hostilit\u00e9s. <\/span><\/div>\n<div class=\"credit\"><span>MINIST\u00c8RE DE LA D\u00c9FENSE NATIONALE, BIBLIOTH\u00c8QUE ET ARCHIVES CANADA \u2013 PA022661<\/span><\/div>\n<\/div>\n<p>&nbsp;<\/p>\n<p><span style=\"color: #ff0000;\"><em><strong>\u00ab Formez les rangs! \u00bb<\/strong><\/em><\/span><\/p>\n<p><b>LE MONDE TOMBE DANS L&#8217;ABIME<\/b><\/p>\n<p>La pr\u00e9diction d\u00e9sastreuse d\u2019Otto von Bismarck relative \u00e0 la situation dans les Balkans s\u2019est malheureusement r\u00e9alis\u00e9e.<\/p>\n<p>Le 28 juin 1914 \u00e0 Sarajevo, capitale de la Bosnie, le mili-tant serbe Gavrilo Princip assassina l\u2019archiduc Fran\u00e7ois Ferdinand, h\u00e9ritier du tr\u00f4ne austro-hongrois, et son \u00e9pouse. Toutefois, au cours des semaines qui ont suivi, la presse canadienne n\u2019a accord\u00e9 que peu d\u2019importance \u00e0 ce qui est devenu une crise croissante en Europe.<\/p>\n<p>Le 23 juillet, s\u2019\u00e9tant assur\u00e9 du soutien de l\u2019Allemagne, l\u2019empire austro-hongrois lan\u00e7ait un ultimatum en 10 points \u00e0 la Serbie. Les Serbes ont accept\u00e9 tous les points sauf un, et en cons\u00e9quence, l\u2019empire austro-hongrois a d\u00e9clar\u00e9 la guerre \u00e0 la Serbie. C\u2019\u00e9tait alors une question de plans et d\u2019horaires de trains soigneusement orchestr\u00e9s car le processus de mobilisation, une fois lanc\u00e9, \u00e9tait<br \/>\npresque impossible \u00e0 arr\u00eater.<\/p>\n<p>Ensuite, lorsque la Russie s\u2019est mobilis\u00e9e pour soutenir les Serbes, l\u2019Allemagne qui avait d\u00e9j\u00e0 commenc\u00e9 sa propre mobilisation a demand\u00e9 \u00e0 Saint-P\u00e9tersbourg d\u2019interrompre le processus. Les Russes ont refus\u00e9 et l\u2019Allemagne a d\u00e9clar\u00e9 la guerre \u00e0 la Russie le 1<sup>er<\/sup> aout. Conform\u00e9ment \u00e0 son alliance avec la Russie, la France s\u2019est mobilis\u00e9e le m\u00eame jour et, deux jours plus tard, l\u2019Allemagne d\u00e9clarait la guerre \u00e0 la France.<\/p>\n<p>Le Canada semblait tout \u00e0 fait inconscient, pendant une grande partie de l\u2019escalade de la crise, de l\u2019orage qui s\u2019annon\u00e7ait. Lorsque les Ontariens sont all\u00e9s aux urnes le lendemain de l\u2019assassinat de Sarajevo, les lib\u00e9raux se mesuraient aux conservateurs au pouvoir sur une plateforme de temp\u00e9rance en vue d\u2019interdire la vente d\u2019alcool. Personne n\u2019a \u00e9t\u00e9 surpris quand les conservateurs ont remport\u00e9 une majorit\u00e9 \u00e9crasante, leur quatri\u00e8me d\u2019affil\u00e9e. En juillet, les grandes nouvelles concernaient l\u2019enqu\u00eate sur le naufrage dans le fleuve Saint-Laurent du paquebot <i>Empress<\/i> <i>of Ireland<\/i>, au mois de mai pr\u00e9c\u00e9dent, o\u00f9 avaient \u00e9t\u00e9 perdues plus de 1000 \u00e2mes; les troubles en Irlande du Nord; et les d\u00e9pr\u00e9dations de Pancho Villa dans les villes frontali\u00e8res du Texas. Il y avait aussi la d\u00e9claration d\u2019un avocat de New York comme quoi l\u2019introduction du nouveau tango, on ne sait comment il le justifiait, avait entrain\u00e9 une augmentation de 50 p. 100 du taux de divorce.<\/p>\n<div class=\"caption_img \"\tstyle=\"width:515px\"><img loading=\"lazy\" decoding=\"async\" class=\"alignnone size-full wp-image-2858\" alt=\"Une affiche de l\u2019arm\u00e9e allemande au peuple de Belgique en 1914 d\u00e9clarant qu\u2019elle doit traverser le territoire belge pour attaquer la France. Elle promettait aux Belges amiti\u00e9 et indemnit\u00e9 mon\u00e9taire en \u00e9change. Cepen-dant, ces promesses ont \u00e9t\u00e9 rompues aussit\u00f4t que les Allemands ont envahi le pays. [MUS\u00c9E CANADIEN DE LA GUERRE \u2013 CWM19750441-003]\" src=\"https:\/\/legionmagazine.com\/fr\/wp-content\/uploads\/2014\/07\/ww1_5.jpg\" width=\"515\" height=\"688\" srcset=\"https:\/\/legionmagazine.com\/fr\/wp-content\/uploads\/2014\/07\/ww1_5.jpg 515w, https:\/\/legionmagazine.com\/fr\/wp-content\/uploads\/2014\/07\/ww1_5-224x300.jpg 224w\" sizes=\"(max-width: 515px) 100vw, 515px\" \/><\/p>\n<div class=\"caption\"><span>Une affiche de l\u2019arm\u00e9e allemande au peuple de Belgique en 1914 d\u00e9clarant qu\u2019elle doit traverser le territoire belge pour attaquer la France. Elle promettait aux Belges amiti\u00e9 et indemnit\u00e9 mon\u00e9taire en \u00e9change. Cepen-dant, ces promesses ont \u00e9t\u00e9 rompues aussit\u00f4t que les Allemands ont envahi le pays. <\/span><\/div>\n<div class=\"credit\"><span>MUS\u00c9E CANADIEN DE LA GUERRE \u2013 CWM19750441-003<\/span><\/div>\n<\/div>\n<p>Tout au long de juillet 1914, la Grande-Bretagne a travaill\u00e9 dur en tant qu\u2019\u00ab interm\u00e9diaire honn\u00eate \u00bb pour mettre fin \u00e0 la crise europ\u00e9enne. Son travail a \u00e9t\u00e9 entrepris en vain. \u00c0 la fin du mois, les Canadiens ont commenc\u00e9 \u00e0 faire davantage attention \u00e0 l\u2019actualit\u00e9 internationale. Le dimanche 2 ao\u00fbt 1914, l\u2019Allemagne a demand\u00e9 \u00e0 la Belgique de permettre \u00e0 ses troupes de traverser cette petite nation pour attaquer la France. La Belgique a refus\u00e9, et \u00e9tant donn\u00e9 que l\u2019Allemagne, comme la Grande-Bretagne, avait sign\u00e9 en 1839 un trait\u00e9 pr\u00e9servant la neutralit\u00e9 belge, Londres a adress\u00e9 un ultimatum \u00e0 l\u2019Allemagne dans la matin\u00e9e du mardi 4 ao\u00fbt 1914, selon lequel, si elle n\u2019avait pas retir\u00e9 ses troupes de la Belgique avant minuit, la Grande-Bretagne et l\u2019Allemagne seraient en guerre.<\/p>\n<p>Peu apr\u00e8s la pr\u00e9sentation de cet ultimatum, l\u2019ambassadeur britannique en Allemagne a \u00e9t\u00e9 fustig\u00e9 par le chancelier allemand Theobald von Bethmann-Hollweg, qui dit que, \u00ab juste pour un bout de papier, la Grande-Bretagne allait faire la guerre \u00e0 une nation s\u0153ur qui ne voulait rien de mieux que d\u2019entretenir une amiti\u00e9 avec elle \u00bb.<\/p>\n<p>Mais l\u2019Angleterre \u00e9tait r\u00e9solue et son empire l\u2019appuyait fermement.<\/p>\n<p>En 1914, si l\u2019Angleterre allait en guerre, le Canada y allait aussi et, comme les minutes et puis les heures s\u2019\u00e9grenaient tout au long de ce mardi-l\u00e0 d\u2019\u00e9t\u00e9, les foules se sont press\u00e9es devant les bureaux des journaux partout au Canada, dont le personnel affichait des bulletins provenant des services de d\u00e9p\u00eaches, communication la plus rapide de l\u2019\u00e9poque.<\/p>\n<p>De nombreux miliciens se sont rapport\u00e9s \u00e0 leurs man\u00e8ges militaires et certaines unit\u00e9s se sont m\u00eame livr\u00e9es au recrutement. \u00c0 Halifax, les employ\u00e9s du journal <i>Chronicle<\/i> projetaient les derniers bulletins sur les murs des b\u00e2timents adjacents. \u00c0 Toronto, o\u00f9, ironie du sort, le th\u00e8me de l\u2019exposition nationale canadienne \u00e0 venir devait \u00eatre\u00a0\u00ab 1914 : L\u2019ann\u00e9e de la paix \u00bb, les gens se rassemblaient<br \/>\nanxieusement devant les six journaux de la ville. \u00c0 Ottawa, en fin d\u2019apr\u00e8s-midi, Sam Hughes a perdu patience et, convaincu que la Grande-Bretagne allait \u00ab torcher l\u2019affaire \u00bb, ordonna d\u2019amener l\u2019Union Jack qui flottait sur les bureaux du minist\u00e8re de la Milice.<\/p>\n<p>\u00ab Sam le combattant \u00bb n\u2019avait pas \u00e0 s\u2019inqui\u00e9ter.<\/p>\n<p>\u00c0 19 h, les services de d\u00e9p\u00eaches ont signal\u00e9 que les troupes allemandes n\u2019avaient pas quitt\u00e9 la Belgique et que la guerre \u00e9tait imminente.<\/p>\n<div class=\"caption_img \"\tstyle=\"width:515px\"><img loading=\"lazy\" decoding=\"async\" class=\"alignnone size-full wp-image-2859\" alt=\"Un train plein de soldats canadiens prend le d\u00e9part \u00e0 Hamilton, en 1914. [ANDREW MERRILEES, BIBLIOTH\u00c8QUE ET ARCHIVES CANADA \u2013 E011084104]\" src=\"https:\/\/legionmagazine.com\/fr\/wp-content\/uploads\/2014\/07\/ww1_6.jpg\" width=\"515\" height=\"278\" srcset=\"https:\/\/legionmagazine.com\/fr\/wp-content\/uploads\/2014\/07\/ww1_6.jpg 515w, https:\/\/legionmagazine.com\/fr\/wp-content\/uploads\/2014\/07\/ww1_6-300x161.jpg 300w\" sizes=\"(max-width: 515px) 100vw, 515px\" \/><\/p>\n<div class=\"caption\"><span>Un train plein de soldats canadiens prend le d\u00e9part \u00e0 Hamilton, en 1914. <\/span><\/div>\n<div class=\"credit\"><span>ANDREW MERRILEES, BIBLIOTH\u00c8QUE ET ARCHIVES CANADA \u2013 E011084104<\/span><\/div>\n<\/div>\n<p>\u00c0 20 h 45, Ottawa re\u00e7ut le t\u00e9l\u00e9gramme officiel de Londres l\u2019avertissant qu\u2019il existait alors un \u00e9tat de guerre entre l\u2019Allemagne et la Grande-Bretagne. \u00c0 Halifax, des centaines de personnes dans les rues du centre-ville chantaient <i>Rule Britannia<\/i> et <i>God Save the King<\/i>. \u00c0 Toronto, la grande foule devant l\u2019immeuble du journal <i>Globe<\/i> \u00ab est rest\u00e9e silencieuse \u00bb quand la d\u00e9claration de guerre a \u00e9t\u00e9 confirm\u00e9e et puis des acclamations ont \u00e9t\u00e9 pouss\u00e9es, \u00ab pas pour la guerre, mais pour le roi, la Grande-Bretagne et la victoire \u00bb.<\/p>\n<p>Toronto \u00e9tait en d\u00e9lire. Les foules ont envahi les rues du centre-ville jusqu\u2019\u00e0 l\u2019aube. \u00c0 Calgary, l\u2019orchestre de l\u2019h\u00f4tel Palliser et les musiciens des cin\u00e9mas ont interrompu leurs repr\u00e9sentations et jou\u00e9 l\u2019hymne national, <i>God Save the King<\/i>, sous des applaudissements tumultueux. \u00c0 Edmonton, environ 10 000 personnes ont assist\u00e9 \u00e0 un d\u00e9fil\u00e9 improvis\u00e9 dans les rues et bloqu\u00e9 toute la circulation. Dirig\u00e9 par un ancien combattant sur un cheval gris et accompagn\u00e9 de groupes jouant des marches patriotiques, cette procession se caract\u00e9risait par un camion drap\u00e9 d\u2019une grande banni\u00e8re o\u00f9 l\u2019on avait \u00e9crit \u00ab Appel aux armes loyales. Anciens combattants, anciens des services et volontaires, formez les rangs! \u00bb et c\u2019est ce qu\u2019ont fait des centaines d\u2019entre eux.<\/p>\n<p>Alors le Canada est all\u00e9 en guerre en 1914. Personne, cependant, n\u2019\u00e9tait particuli\u00e8rement inquiet, car Lloyds de Londres pariait \u00e0 un contre un que tout cela serait termin\u00e9 \u00e0 No\u00ebl. Tragiquement, elle allait durer beaucoup plus longtemps et couter la vie \u00e0 pr\u00e8s de 67 000 Canadiens et \u00e0 au moins 10 millions de combattants des autres pays. La violence allait \u00e9galement couter la vie \u00e0 des millions de civils.<\/p>\n<p>Le d\u00e9clenchement de la guerre en 1914 a plong\u00e9 le monde dans un abime sombre et sanglant qui nous choque encore un si\u00e8cle apr\u00e8s. Cela nous rappelle \u00e0 quel point les d\u00e9saccords entre les peuples et les nations peuvent rapidement \u00e9chapper \u00e0 tout contr\u00f4le, \u00e9courtant les vies et d\u00e9truisant les soci\u00e9t\u00e9s. L\u2019humanit\u00e9 tire apparemment des le\u00e7ons de ces affreux \u00e9pisodes, mais elle les<br \/>\nignore bien trop souvent.<\/p>\n<div class=\"caption_img \"\tstyle=\"width:515px\"><img loading=\"lazy\" decoding=\"async\" class=\"alignnone size-full wp-image-2860\" alt=\"PR\u00caTS \u00c0 MENER Les officiers et membres du 26e Bataillon \u00e0 Saint John (N.-B.), en 1915. [PHOTO : BIBLIOTH\u00c8QUE ET ARCHIVES CANADA \u2013 C-026127]\" src=\"https:\/\/legionmagazine.com\/fr\/wp-content\/uploads\/2014\/07\/ww1_7.jpg\" width=\"515\" height=\"252\" srcset=\"https:\/\/legionmagazine.com\/fr\/wp-content\/uploads\/2014\/07\/ww1_7.jpg 515w, https:\/\/legionmagazine.com\/fr\/wp-content\/uploads\/2014\/07\/ww1_7-300x146.jpg 300w\" sizes=\"(max-width: 515px) 100vw, 515px\" \/><\/p>\n<div class=\"caption\"><span>PR\u00caTS \u00c0 MENER Les officiers et membres du 26e Bataillon \u00e0 Saint John (N.-B.), en 1915. <\/span><\/div>\n<div class=\"credit\"><span>PHOTO : BIBLIOTH\u00c8QUE ET ARCHIVES CANADA \u2013 C-026127<\/span><\/div>\n<\/div>\n<p>&nbsp;<\/p>\n<h2><span style=\"color: #ff0000;\"><b>CHRONOLOGIE <\/b>VERS LA<b>\u00a0GUERRE<\/b><\/span><\/h2>\n<p><strong>Quand la guerre \u00e9clate en aout 1914, beaucoup\u00a0de gens sont surpris de la rapidit\u00e9 \u00e0 laquelle cela\u00a0se passe. Toutefois, les \u00e9v\u00e8nements qui ont\u00a0men\u00e9 \u00e0 la Grande Guerre se sont d\u00e9roul\u00e9s des\u00a0dizaines d\u2019ann\u00e9es avant, quand les relations entre\u00a0les pays et les empires se sont aggrav\u00e9es.<\/strong><\/p>\n<div class=\"caption_img \"\tstyle=\"width:515px\"><img loading=\"lazy\" decoding=\"async\" class=\"alignnone size-full wp-image-2866\" alt=\"Le roi Guillaume I [PHOTO : WIKIP\u00c9DIA]\" src=\"https:\/\/legionmagazine.com\/fr\/wp-content\/uploads\/2014\/07\/timeline1.jpg\" width=\"515\" height=\"631\" srcset=\"https:\/\/legionmagazine.com\/fr\/wp-content\/uploads\/2014\/07\/timeline1.jpg 515w, https:\/\/legionmagazine.com\/fr\/wp-content\/uploads\/2014\/07\/timeline1-244x300.jpg 244w\" sizes=\"(max-width: 515px) 100vw, 515px\" \/><\/p>\n<div class=\"caption\"><span>Le roi Guillaume I <\/span><\/div>\n<div class=\"credit\"><span>PHOTO : WIKIP\u00c9DIA<\/span><\/div>\n<\/div>\n<p><b>18 JANVIER 1871 :<\/b><br \/>\nL\u2019unification de la Prusse et\u00a0des royaumes allemands est\u00a0accomplie. Le roi Guillaume I\u00a0(1797-1888) est nomm\u00e9\u00a0premier empereur allemand.<\/p>\n<div class=\"caption_img \"\tstyle=\"width:515px\"><img loading=\"lazy\" decoding=\"async\" class=\"alignnone size-full wp-image-2867\" alt=\"La guerre franco-prussienne [WILLIAM CONSTANT BEAUQUESNE, WIKIP\u00c9DIA]\" src=\"https:\/\/legionmagazine.com\/fr\/wp-content\/uploads\/2014\/07\/timeline2.jpg\" width=\"515\" height=\"381\" srcset=\"https:\/\/legionmagazine.com\/fr\/wp-content\/uploads\/2014\/07\/timeline2.jpg 515w, https:\/\/legionmagazine.com\/fr\/wp-content\/uploads\/2014\/07\/timeline2-300x221.jpg 300w\" sizes=\"(max-width: 515px) 100vw, 515px\" \/><\/p>\n<div class=\"caption\"><span>La guerre franco-prussienne <\/span><\/div>\n<div class=\"credit\"><span>WILLIAM CONSTANT BEAUQUESNE, WIKIP\u00c9DIA<\/span><\/div>\n<\/div>\n<p><b>10 MAI 1871 :<\/b><br \/>\nLa\u00a0guerre franco-prussienne est finie. Les provinces d\u2019Alsace et de Lorraine sont annex\u00e9es\u00a0par l\u2019Allemagne.<br \/>\n<span style=\"color: #0000ff;\"><b>FAIT :\u00a0<\/b>La d\u00e9faite de la France et la perte de ces provinces est un mal qui la ronge pendant des dizaines d\u2019ann\u00e9es.<\/span><\/p>\n<p><b>9 MARS 1888 :<\/b><br \/>\nLe roi Guillaume meurt.\u00a0Son fils Guillaume II (1859-1941), \u00e2g\u00e9 de\u00a029 ans, devient Kaiser d\u2019Allemagne.<br \/>\n<span style=\"color: #0000ff;\"><b>FAIT :<\/b>\u00a0Le Kaiser Guillaume est\u00a0un cousin du\u00a0roi George V.<\/span><\/p>\n<div class=\"caption_img \"\tstyle=\"width:515px\"><img loading=\"lazy\" decoding=\"async\" class=\"alignnone size-full wp-image-2869\" alt=\"Nicholas II [PHOTO : WIKIP\u00c9DIA]\" src=\"https:\/\/legionmagazine.com\/fr\/wp-content\/uploads\/2014\/07\/timeline4.jpg\" width=\"515\" height=\"496\" srcset=\"https:\/\/legionmagazine.com\/fr\/wp-content\/uploads\/2014\/07\/timeline4.jpg 515w, https:\/\/legionmagazine.com\/fr\/wp-content\/uploads\/2014\/07\/timeline4-300x288.jpg 300w\" sizes=\"(max-width: 515px) 100vw, 515px\" \/><\/p>\n<div class=\"caption\"><span>Nicholas II <\/span><\/div>\n<div class=\"credit\"><span>PHOTO : WIKIP\u00c9DIA<\/span><\/div>\n<\/div>\n<p><b>1894 :<br \/>\n<\/b>Le fils ain\u00e9 du tsar\u00a0Alexandre III, Nicholas II\u00a0(1868-1918), est couronn\u00e9\u00a0tsar de Russie. Les relations\u00a0entre l\u2019Allemagne et la Russie\u00a0commencent \u00e0 se d\u00e9grader.<\/p>\n<p><b>1900 :<\/b><br \/>\nUne grande partie du monde \u00e9tant sous l\u2019autorit\u00e9 de la Grande-Bretagne et\u00a0de la France, l\u2019Allemagne d\u00e9cide de b\u00e2tir une flotte assez puissante pour se mesurer\u00a0\u00e0 la Royal Navy.<br \/>\n<span style=\"color: #0000ff;\"><b>FAIT :\u00a0<\/b>En ce temps-l\u00e0, la flotte marchande de l\u2019Allemagne \u00e9tait la deuxi\u00e8me au monde par ordre d\u2019importance. La Grande-Bretagne consid\u00e8re la d\u00e9cision de l\u2019Allemagne comme\u00a0\u00e9tant une menace pour sa supr\u00e9matie maritime.<\/span><\/p>\n<div class=\"caption_img \"\tstyle=\"width:515px\"><img loading=\"lazy\" decoding=\"async\" class=\"alignnone size-full wp-image-2870\" alt=\"La reine Victoria [PHOTO : BIBLIOTH\u00c8QUE ET ARCHIVES CANADA]\" src=\"https:\/\/legionmagazine.com\/fr\/wp-content\/uploads\/2014\/07\/timeline5.jpg\" width=\"515\" height=\"458\" srcset=\"https:\/\/legionmagazine.com\/fr\/wp-content\/uploads\/2014\/07\/timeline5.jpg 515w, https:\/\/legionmagazine.com\/fr\/wp-content\/uploads\/2014\/07\/timeline5-300x266.jpg 300w\" sizes=\"(max-width: 515px) 100vw, 515px\" \/><\/p>\n<div class=\"caption\"><span>La reine Victoria <\/span><\/div>\n<div class=\"credit\"><span>PHOTO : BIBLIOTH\u00c8QUE ET ARCHIVES CANADA<\/span><\/div>\n<\/div>\n<p><b>22 JANVIER 1901 :<br \/>\n<\/b>La reine Victoria de Grande-Bretagne (1819-1901)\u00a0qui a r\u00e9gn\u00e9 plus de 63 ans meurt\u00a0\u00e0 81 ans. Son fils \u00c9douard VII\u00a0lui succ\u00e8de.<br \/>\n<span style=\"color: #0000ff;\"><b>FAIT :\u00a0<\/b>La reine Victoria \u00e9tait surnomm\u00e9e la\u00a0grand-m\u00e8re d\u2019Europe parce que ses\u00a0neuf enfants s\u2019\u00e9taient mari\u00e9s avec\u00a0des membres de la royaut\u00e9 partout en Europe.<\/span><\/p>\n<p><b>5 SEPTEMBRE 1905 :<\/b><br \/>\nLa guerre russo-japonaise qui a commenc\u00e9 le 8 f\u00e9vrier 1904 se termine par la d\u00e9faite de la Russie. De graves troubles civils \u00e9clatent en Russie.<\/p>\n<p><b>6 OCTOBRE 1908 :<br \/>\n<\/b>L\u2019Autriche-Hongrie\u00a0annexe la Bosnie qui avait \u00e9t\u00e9 sous l\u2019autorit\u00e9 de l\u2019empire ottoman.<\/p>\n<p><b>29 SEPTEMBRE 1911 :<br \/>\n<\/b>L\u2019Italie d\u00e9clare la guerre \u00e0 la Turquie pour obtenir\u00a0des colonies en Afrique du Nord, ce qui augmente\u00a0la tension sur le continent europ\u00e9en. Selon les conditions d\u2019un trait\u00e9 sign\u00e9 en 1912, la Turquie c\u00e8de ses droits sur Tripoli et Cyr\u00e9na\u00efque (la Lybie) \u00e0 l\u2019Italie.<\/p>\n<p><b>NOVEMBRE 1912 :<\/b><br \/>\nLe Royaume-Uni et la France signent une entente navale promettant la protection de la Marine royale pour les c\u00f4tes de France, la France accepte de prendre part \u00e0 la protection du canal de Suez.<\/p>\n<div class=\"caption_img \"\tstyle=\"width:515px\"><img loading=\"lazy\" decoding=\"async\" class=\"alignnone size-full wp-image-2871\" alt=\"Fran\u00e7ois Ferdinand [PHOTO : LIBRARY OF CONGRESS]\" src=\"https:\/\/legionmagazine.com\/fr\/wp-content\/uploads\/2014\/07\/timeline6.jpg\" width=\"515\" height=\"471\" srcset=\"https:\/\/legionmagazine.com\/fr\/wp-content\/uploads\/2014\/07\/timeline6.jpg 515w, https:\/\/legionmagazine.com\/fr\/wp-content\/uploads\/2014\/07\/timeline6-300x274.jpg 300w, https:\/\/legionmagazine.com\/fr\/wp-content\/uploads\/2014\/07\/timeline6-239x220.jpg 239w\" sizes=\"(max-width: 515px) 100vw, 515px\" \/><\/p>\n<div class=\"caption\"><span>Fran\u00e7ois Ferdinand <\/span><\/div>\n<div class=\"credit\"><span>PHOTO : LIBRARY OF CONGRESS<\/span><\/div>\n<\/div>\n<p><b>1912-1913 :<br \/>\n<\/b>Les\u00a0premi\u00e8re et seconde\u00a0guerres des Balkans\u00a0d\u00e9pouillent la Turquie\u00a0de ses derniers territoires en Europe.<\/p>\n<p><b>28 JUIN 1914 :<br \/>\n<\/b>Le nationaliste\u00a0serbe de 19 ans Gavrilo Princip (1894-1918) assassine l\u2019archiduc Fran\u00e7ois Ferdinand, h\u00e9ritier du tr\u00f4ne austro-hongrois, et son \u00e9pouse, Sophie, \u00e0 Sarajevo, capitale de Bosnie.<br \/>\n<span style=\"color: #0000ff;\"><b>FAIT :<\/b>\u00a0\u00c9tant donn\u00e9 que Gavrilo Princip\u00a0avait moins de 20 ans, il ne pouvait\u00a0pas \u00eatre condamn\u00e9 \u00e0 mort en vertu\u00a0de la loi austro-hongroise. Il mourut\u00a0de la tuberculose le 28 avril 1918.<\/span><\/p>\n<p><b>28 JUILLET 1914 :<br \/>\n<\/b>L\u2019Autriche-Hongrie d\u00e9clare la guerre \u00e0 la Serbie.<\/p>\n<p><b>30-31 JUILLET 1914 :<br \/>\n<\/b>La Russie, alli\u00e9e de la Serbie, mobilise ses forces arm\u00e9es.<\/p>\n<p><b>1<sup>er<\/sup> AOUT 1914 :<br \/>\n<\/b>L\u2019Allemagne d\u00e9clare\u00a0la guerre \u00e0 la Russie\u00a0et mobilise ses\u00a0forces arm\u00e9es.<\/p>\n<p><b>3 AOUT 1914 :<br \/>\n<\/b>L\u2019Allemagne d\u00e9clare la guerre \u00e0 la France.<br \/>\n<span style=\"color: #0000ff;\"><b>FAIT :\u00a0<\/b>Le chancelier allemand, Theobald von Bethmann-Hollweg d\u00e9savoue le trait\u00e9 assurant la neutralit\u00e9 de la Belgique comme n\u2019\u00e9tant qu\u2019\u00ab un bout de papier \u00bb.<\/span><\/p>\n<div class=\"caption_img \"\tstyle=\"width:515px\"><img loading=\"lazy\" decoding=\"async\" class=\"alignnone size-full wp-image-2872\" alt=\"Theobald von Bethmann-Hollweg [PHOTO : LIBRARY OF CONGRESS]\" src=\"https:\/\/legionmagazine.com\/fr\/wp-content\/uploads\/2014\/07\/timeline7.jpg\" width=\"515\" height=\"559\" srcset=\"https:\/\/legionmagazine.com\/fr\/wp-content\/uploads\/2014\/07\/timeline7.jpg 515w, https:\/\/legionmagazine.com\/fr\/wp-content\/uploads\/2014\/07\/timeline7-276x300.jpg 276w\" sizes=\"(max-width: 515px) 100vw, 515px\" \/><\/p>\n<div class=\"caption\"><span>Theobald von Bethmann-Hollweg <\/span><\/div>\n<div class=\"credit\"><span>PHOTO : LIBRARY OF CONGRESS<\/span><\/div>\n<\/div>\n<p><b>4 AOUT 1914 :<br \/>\n<\/b>La Grande-Bretagne lance\u00a0un ultimatum \u00e0 l\u2019Allemagne exigeant qu\u2019elle\u00a0retire ses forces de Belgique et respecte la\u00a0neutralit\u00e9 du pays; la Belgique rompt les liens\u00a0diplomatiques avec l\u2019Allemagne; l\u2019Allemagne\u00a0d\u00e9clare la guerre \u00e0 la Belgique; les troupes\u00a0allemandes entrent en Belgique; la Grande-Bretagne d\u00e9clare la guerre \u00e0 l\u2019Allemagne.<\/p>\n<p><b>6 AOUT 1914 :<br \/>\n<\/b>L\u2019Autriche-Hongrie\u00a0d\u00e9clare la guerre\u00a0\u00e0 la Russie; la Serbie d\u00e9clare la guerre \u00e0\u00a0l\u2019Allemagne.<\/p>\n<p><b>13 AOUT 1914 :<br \/>\n<\/b>La France re\u00e7oit\u00a0les premiers\u00a0escadrons du Royal Flying Corps.<\/p>\n<p><b>14-17 AOUT 1914 :<br \/>\n<\/b>Les premiers\u00a0membres de\u00a0la British Expeditionary\u00a0Force arrivent en France.<\/p>\n<p><b>OCTOBRE 1914 :<br \/>\n<\/b>Les Canadiens arrivent \u00e0 Plymouth (Angleterre)\u00a0o\u00f9 ils sont acclam\u00e9s par\u00a0les foules.<\/p>\n<div class=\"caption_img \"\tstyle=\"width:515px\"><img loading=\"lazy\" decoding=\"async\" class=\"alignnone size-full wp-image-2873\" alt=\"Les Canadiens arrivent \u00e0 Plymouth (Angleterre) o\u00f9 ils sont acclam\u00e9s par les foules. [PHOTO : MINIST\u00c8RE DE LA D\u00c9FENSE NATIONALE, BIBLIOTH\u00c8QUE ET ARCHIVES CANADA \u2013 PA022708]\" src=\"https:\/\/legionmagazine.com\/fr\/wp-content\/uploads\/2014\/07\/timeline8.jpg\" width=\"515\" height=\"301\" srcset=\"https:\/\/legionmagazine.com\/fr\/wp-content\/uploads\/2014\/07\/timeline8.jpg 515w, https:\/\/legionmagazine.com\/fr\/wp-content\/uploads\/2014\/07\/timeline8-300x175.jpg 300w\" sizes=\"(max-width: 515px) 100vw, 515px\" \/><\/p>\n<div class=\"caption\"><span>Les Canadiens arrivent \u00e0 Plymouth (Angleterre) o\u00f9 ils sont acclam\u00e9s par les foules. <\/span><\/div>\n<div class=\"credit\"><span>PHOTO : MINIST\u00c8RE DE LA D\u00c9FENSE NATIONALE, BIBLIOTH\u00c8QUE ET ARCHIVES CANADA \u2013 PA022708<\/span><\/div>\n<\/div>\n","protected":false},"excerpt":{"rendered":"<p>Le mois d\u2019aout 2014 marque le centenaire du d\u00e9clenchement du conflit terrible qui nous affecte encore aujourd\u2019hui. Il est ironique que le si\u00e8cle qui a pr\u00e9c\u00e9d\u00e9 le d\u00e9clenchement de la guerre de 1914 f\u00fbt l\u2019un des plus paisibles dans l\u2019histoire du monde et, cette ann\u00e9e-l\u00e0, un grand nombre de personnes, en particulier les Canadiens, croyaient [&hellip;]<\/p>\n","protected":false},"author":1,"featured_media":0,"comment_status":"closed","ping_status":"open","sticky":false,"template":"","format":"standard","meta":{"footnotes":""},"categories":[3],"tags":[],"class_list":["post-2848","post","type-post","status-publish","format-standard","hentry","category-articles-principaux"],"_links":{"self":[{"href":"https:\/\/legionmagazine.com\/fr\/wp-json\/wp\/v2\/posts\/2848","targetHints":{"allow":["GET"]}}],"collection":[{"href":"https:\/\/legionmagazine.com\/fr\/wp-json\/wp\/v2\/posts"}],"about":[{"href":"https:\/\/legionmagazine.com\/fr\/wp-json\/wp\/v2\/types\/post"}],"author":[{"embeddable":true,"href":"https:\/\/legionmagazine.com\/fr\/wp-json\/wp\/v2\/users\/1"}],"replies":[{"embeddable":true,"href":"https:\/\/legionmagazine.com\/fr\/wp-json\/wp\/v2\/comments?post=2848"}],"version-history":[{"count":0,"href":"https:\/\/legionmagazine.com\/fr\/wp-json\/wp\/v2\/posts\/2848\/revisions"}],"wp:attachment":[{"href":"https:\/\/legionmagazine.com\/fr\/wp-json\/wp\/v2\/media?parent=2848"}],"wp:term":[{"taxonomy":"category","embeddable":true,"href":"https:\/\/legionmagazine.com\/fr\/wp-json\/wp\/v2\/categories?post=2848"},{"taxonomy":"post_tag","embeddable":true,"href":"https:\/\/legionmagazine.com\/fr\/wp-json\/wp\/v2\/tags?post=2848"}],"curies":[{"name":"wp","href":"https:\/\/api.w.org\/{rel}","templated":true}]}}