{"id":2724,"date":"2014-07-04T00:01:27","date_gmt":"2014-07-04T04:01:27","guid":{"rendered":"https:\/\/legionmagfren.wpengine.com\/?p=2724"},"modified":"2014-06-13T09:42:25","modified_gmt":"2014-06-13T13:42:25","slug":"la-mission-afghanistan-se-termine-par-une-journee-de-commemoration","status":"publish","type":"post","link":"https:\/\/legionmagazine.com\/fr\/2014\/07\/la-mission-afghanistan-se-termine-par-une-journee-de-commemoration\/","title":{"rendered":"La mission Afghanistan se termine par une journ\u00e9e de comm\u00e9moration"},"content":{"rendered":"<p><strong>L\u2019engagement militaire le plus long du Canada a \u00e9t\u00e9 reconnu, le 9 mai, par une journ\u00e9e de comm\u00e9moration sur la Colline du Parlement et \u00e0 l\u2019occasion de c\u00e9r\u00e9monies de moindre envergure partout au Canada.<\/strong><\/p>\n<p>La reine a publi\u00e9 une proclamation royale le 17 mars fixant la date de la reconnaissance en l\u2019honneur des plus de 40 000 Canadiens qui ont servi dans les Forces arm\u00e9es canadiennes (FAC) en Afghanistan, ainsi que des diplomates et autres civils qui ont servi avec eux, et surtout des familles qui ont entretenu la flamme du foyer domestique pendant leur absence.<\/p>\n<p>Les derniers soldats ayant servi \u00e0 Kaboul sont revenus au Canada en d\u00e9but mars. Ils rapportaient le dernier drapeau unifoli\u00e9 qui avait flott\u00e9 au quartier g\u00e9n\u00e9ral canadien \u00e0 Kaboul. Ce drapeau allait \u00eatre transport\u00e9, au moyen d\u2019un b\u00e2ton sp\u00e9cial, par l\u2019\u00e9quipe de la course de relais Afghanistan form\u00e9e d\u2019anciens combattants bless\u00e9s qui feraient en marchant, en courant ou en fauteuil roulant plus de 300 kilom\u00e8tres entre Trenton, en Ontario, et Ottawa et Gatineau, au Qu\u00e9bec.<\/p>\n<p>Les manifestations \u00e0 Ottawa ont commenc\u00e9 par un d\u00e9fil\u00e9 qui s\u2019est organis\u00e9 pr\u00e8s du Mus\u00e9e canadien de la guerre. Plusieurs milliers de personnes ont regard\u00e9 le d\u00e9fil\u00e9 qui avait trois fanfares suivre la rue Wellington jusqu\u2019\u00e0 la Colline du Parlement.<\/p>\n<p>Le premier contingent \u00e9tait compos\u00e9 d\u2019anciens membres des FAC en civil. Ils \u00e9taient suivis de deux contingents d\u2019anciens combattants en uniforme encore dans l\u2019arm\u00e9e. Derri\u00e8re eux se trouvait un groupe d\u2019agents de la Gendarmerie royale canadienne qui ont servi en Afghanistan, des diplomates et des employ\u00e9s civils qui ont servi aux c\u00f4t\u00e9s des Forces arm\u00e9es canadiennes. Pour finir, il y avait un groupe d\u2019agents du Service correctionnel du Canada en uniforme.<\/p>\n<p>Ils \u00e9taient suivis par 16 v\u00e9hicules blind\u00e9s qui ont rejoint ensuite une exposition statique d\u00e9j\u00e0 pr\u00e9sente sur la colline et qui comprenait un h\u00e9licopt\u00e8re Chinook, un char Leopard 2 et un obusier M-777.<\/p>\n<p>Le maitre de c\u00e9r\u00e9monie au spectacle \u00e9tait Rick Hansen, athl\u00e8te en fauteuil roulant dont la Tourn\u00e9e mondiale sert \u00e0 recueillir des fonds et sensibiliser le public aux blessures \u00e0 la moelle \u00e9pini\u00e8re. Le capitaine Simon Mailloux, amput\u00e9 \u00e0 la jambe gauche sous le genou \u00e0 cause d\u2019un dispositif explosif de circons-tance en 2007, qui faisait partie de la course de relais Afghanistan, a fait les pr\u00e9sentations en fran\u00e7ais.<\/p>\n<p>Le gouverneur g\u00e9n\u00e9ral David Johnston est arriv\u00e9 avec son \u00e9pouse, Sharon, le premier ministre, Stephen Harper et l\u2019\u00e9pouse de ce dernier, Laureen, le ministre de la D\u00e9fense, Rob Nicholson, le ministre des Affaires \u00e9trang\u00e8res, John Baird, le ministre d\u2019Anciens Combattants Canada, Julian Fantino et le chef d\u2019\u00e9tat-major de la d\u00e9fense, le g\u00e9n\u00e9ral Tom Lawson.<\/p>\n<p>Ils ont \u00e9t\u00e9 suivis par quelques centaines de membres des familles des 158 Canadiens qui ont fait le sacrifice supr\u00eame. Derri\u00e8re eux se trouvaient des rang\u00e9es d\u2019\u00e9coliers assis sur les marches menant \u00e0 l\u2019\u00e9difice du Centre.<\/p>\n<p>La L\u00e9gion royale canadienne \u00e9tait repr\u00e9sent\u00e9e par son pr\u00e9sident national, Gordon Moore, son grand pr\u00e9sident, Larry Murray, son premier vice-pr\u00e9sident national, Tom Eagles, et son secr\u00e9taire national, Brad White. Pendant la semaine, le pr\u00e9sident national Moore avait fait les manchettes au sujet de la pr\u00e9sentation pr\u00e9vue du drapeau au premier ministre.<\/p>\n<p>Lors de ce qui a sembl\u00e9 \u00eatre une pr\u00e9sentation modifi\u00e9e, le b\u00e2ton a \u00e9t\u00e9 remis au commandant du d\u00e9fil\u00e9, le major-g\u00e9n\u00e9ral Dean Milner, qui l\u2019a remis au g\u00e9n\u00e9ral Lawson, qui l\u2019a remis au premier ministre. Harper l\u2019a ensuite remis au gouverneur g\u00e9n\u00e9ral pour qu\u2019il le garde jusqu\u2019\u00e0 ce qu\u2019il soit install\u00e9 dans le Hall d\u2019honneur, dans l\u2019\u00e9difice du Centre.<\/p>\n<p>Un canon de l\u2019artillerie a tir\u00e9 \u00e0 exactement 13 h 30 pour marquer le d\u00e9but des deux minutes de silence qui s\u2019est termin\u00e9 par un d\u00e9fil\u00e9 a\u00e9rien.<\/p>\n<p>\u00ab Cette mission a \u00e9t\u00e9 tr\u00e8s complexe et difficile, et elle a cout\u00e9 un prix r\u00e9ellement humain au Canada, \u00e0 l\u2019Afghanistan et \u00e0 nos alli\u00e9s \u00bb a d\u00e9clar\u00e9 le gouverneur g\u00e9n\u00e9ral.<\/p>\n<p>Le premier ministre Harper a emboit\u00e9 le pas \u00e0 Johnston. \u00ab Cette Journ\u00e9e nationale de comm\u00e9moration, la premi\u00e8re en son genre dans l\u2019histoire du Canada, constitue pour nous une occasion unique de remercier les hommes et les femmes qui ont combattu pour leur pays et servi le Canada. Nous sommes ici aujourd\u2019hui pour rendre hommage \u00e0 leur d\u00e9vouement, \u00e0 leur h\u00e9ro\u00efsme, et \u00e0 leur sacrifice. \u00bb<\/p>\n<p>Harper a ensuite relat\u00e9 la participation du Canada aux conflits pass\u00e9s et fait une annonce bien accueillie. \u00ab Autrement dit, les Canadiens ont toujours \u00e9t\u00e9 pr\u00eats \u00e0 porter leur part du fardeau afin de d\u00e9fendre notre libert\u00e9 et les valeurs que nous parta-geons avec nos fr\u00e8res et s\u0153urs. Dans l\u2019esprit de Vimy, c\u2019est ce que vous avez fait en Afghanistan, o\u00f9 les combats ont \u00e9t\u00e9 aussi acharn\u00e9s que tous ceux auxquels des Canadiens ont particip\u00e9, a-t-il dit. C\u2019est pourquoi les dates 2001-2014 seront grav\u00e9es dans la pierre du Monument comm\u00e9moratif de guerre \u2013 \u00e0 jamais dans nos m\u00e9moires. \u00bb<\/p>\n<p>La simple c\u00e9r\u00e9monie s\u2019est termin\u00e9e apr\u00e8s avoir chant\u00e9, quand on a fait rompre les rangs au d\u00e9fil\u00e9. Par la suite, de nombreux spectateurs sont rest\u00e9s pour parler aux anciens combattants et examiner les outils mortels utilis\u00e9s au lointain conflit.<\/p>\n","protected":false},"excerpt":{"rendered":"<p>L\u2019engagement militaire le plus long du Canada a \u00e9t\u00e9 reconnu, le 9 mai, par une journ\u00e9e de comm\u00e9moration sur la Colline du Parlement et \u00e0 l\u2019occasion de c\u00e9r\u00e9monies de moindre envergure partout au Canada.<\/p>\n","protected":false},"author":8,"featured_media":0,"comment_status":"closed","ping_status":"open","sticky":false,"template":"","format":"standard","meta":{"footnotes":""},"categories":[4],"tags":[],"class_list":["post-2724","post","type-post","status-publish","format-standard","hentry","category-nouvelles"],"_links":{"self":[{"href":"https:\/\/legionmagazine.com\/fr\/wp-json\/wp\/v2\/posts\/2724","targetHints":{"allow":["GET"]}}],"collection":[{"href":"https:\/\/legionmagazine.com\/fr\/wp-json\/wp\/v2\/posts"}],"about":[{"href":"https:\/\/legionmagazine.com\/fr\/wp-json\/wp\/v2\/types\/post"}],"author":[{"embeddable":true,"href":"https:\/\/legionmagazine.com\/fr\/wp-json\/wp\/v2\/users\/8"}],"replies":[{"embeddable":true,"href":"https:\/\/legionmagazine.com\/fr\/wp-json\/wp\/v2\/comments?post=2724"}],"version-history":[{"count":0,"href":"https:\/\/legionmagazine.com\/fr\/wp-json\/wp\/v2\/posts\/2724\/revisions"}],"wp:attachment":[{"href":"https:\/\/legionmagazine.com\/fr\/wp-json\/wp\/v2\/media?parent=2724"}],"wp:term":[{"taxonomy":"category","embeddable":true,"href":"https:\/\/legionmagazine.com\/fr\/wp-json\/wp\/v2\/categories?post=2724"},{"taxonomy":"post_tag","embeddable":true,"href":"https:\/\/legionmagazine.com\/fr\/wp-json\/wp\/v2\/tags?post=2724"}],"curies":[{"name":"wp","href":"https:\/\/api.w.org\/{rel}","templated":true}]}}