{"id":267,"date":"2009-09-01T00:01:34","date_gmt":"2009-09-01T04:01:34","guid":{"rendered":"https:\/\/legionmagfren.wpengine.com\/index.php\/2009\/09\/face-aux-tombes\/"},"modified":"2009-08-19T13:21:58","modified_gmt":"2009-08-19T17:21:58","slug":"face-aux-tombes","status":"publish","type":"post","link":"https:\/\/legionmagazine.com\/fr\/2009\/09\/face-aux-tombes\/","title":{"rendered":"Face aux tomb\u00e9s"},"content":{"rendered":"<div class=\"caption_img \"\tstyle=\"width:630px\"><img fetchpriority=\"high\" decoding=\"async\" src=\"https:\/\/legionmagazine.com\/fr\/wp-content\/uploads\/2009\/08\/frenchyouthintro.jpg\" alt=\". [.]\" class=\"top\" height=\"236\" width=\"630\" \/><\/p>\n<div class=\"caption\"><span>. <\/span><\/div>\n<div class=\"credit\"><span>.<\/span><\/div>\n<\/div>\n<p><strong>En juin, Solange Saulnier, \u00e2g\u00e9e de 17 ans, de Haut-Rivi\u00e8re-du-Portage (N.-B.), \u00e9tait l\u2019une des deux \u00e9l\u00e8ves qui repr\u00e9sentaient la jeunesse du Canada au p\u00e8lerinage d\u2019Anciens combattants Canada organis\u00e9 en l\u2019honneur du 65e anniversaire du jour J. Le voyage et les relations qu\u2019elle s\u2019y est faites avec les anciens combattants ont \u00e9t\u00e9 des exp\u00e9riences inoubliables pour cette ambassadrice de la jeunesse choisie dans le cadre du programme Rencontres avec le Canada.<\/strong><\/p>\n<div class=\"caption_img middle\"\tstyle=\"width:515px\"><img decoding=\"async\" src=\"http:\/\/www.legionmagazine.com\/en\/wp-content\/uploads\/2009\/08\/youthsolange.jpg\" alt=\"Solange Saulnier \u00e0 la tombe de Bernard Hach\u00e9. [PHOTO : JENNIFER MORSE\" align=\"middle\" height=\"699\" width=\"515\" \/><\/p>\n<div class=\"caption\"><span>Solange Saulnier \u00e0 la tombe de Bernard Hach\u00e9. <\/span><\/div>\n<div class=\"credit\"><span>PHOTO : JENNIFER MORSE&#8221; align=&#8221;middle&#8221; height=&#8221;699&#8243; width=&#8221;515&#8243; \/><\/span><\/div>\n<\/div>\n<p><strong>L\u2019histoire de Bernard racont\u00e9e <\/strong><\/p>\n<p>par Solange Saulnier<\/p>\n<p>Mon nom est Solange Saulnier. J\u2019ai 17 ans et je suis originaire de Haut-Rivi\u00e8re-du-Portage au Nouveau-Brunswick, Canada. Dans la semaine du 10 au 15 novembre 2008, j\u2019ai eu la chance de participer \u00e0 la semaine Le Canada se souvient, au Centre Terry-Fox \u00e0 Ottawa, dans le cadre des Rencontres du Canada Historica. Tout au long de cette semaine, j\u2019ai rencontr\u00e9 plus de 130 jeunes de mon pays, plusieurs v\u00e9t\u00e9rans et quelques anciens combattants. J\u2019ai \u00e9t\u00e9 s\u00e9lectionn\u00e9e pour faire partie d\u2019un duo de jeunes Canadiens pour participer \u00e0 un p\u00e8lerinage en France \u00e0 l\u2019occasion du 65e anniversaire du jour J et de la bataille de Normandie. Ce voyage \u00e9tait tr\u00e8s important pour moi puisque la guerre est un \u00e9v\u00e8nement qui m\u2019affecte \u00e9norm\u00e9ment. Mes deux grands-p\u00e8res et plusieurs de mes oncles ont combattu.<\/p>\n<p>J\u2019ai pass\u00e9 la premi\u00e8re semaine du mois de juin en France avec la d\u00e9l\u00e9gation canadienne. Tout au long de mon voyage j\u2019\u00e9tais accompagn\u00e9e d\u2019anciens combattants. J\u2019ai eu la chance d\u2019avoir des conversations tr\u00e8s enrichissantes avec eux. Je suis une passionn\u00e9e de l\u2019histoire. \u00c0 mon avis il faut bien comprendre notre pass\u00e9 pour mieux comprendre le pr\u00e9sent et le futur. Cependant, la guerre \u00e9tait une partie de l\u2019histoire que j\u2019avais de la difficult\u00e9 \u00e0 comprendre. Avant mon voyage, j\u2019avais re\u00e7u des vid\u00e9os concernant la guerre et quand je les \u00e9coutais j\u2019avais de la difficult\u00e9 \u00e0 les comprendre. Le fait d\u2019aller visiter plusieurs monuments comm\u00e9moratifs et d\u2019aller \u00e0 la plage Juno avec ces anciens combattants, m\u2019a fait comprendre l\u2019histoire de fa\u00e7on dont tout le monde devrait la comprendre. C\u2019est une exp\u00e9\u00adrience en or d\u2019avoir la chance de discuter avec ceux qui ont v\u00e9cu la guerre. \u00c0 mon retour de mon voyage, j\u2019ai r\u00e9\u00e9cout\u00e9 les vid\u00e9os et maintenant je les comprends \u00e0 merveille.<\/p>\n<p>Je retiens beaucoup de mon exp\u00e9rience. J\u2019\u00e9tais tellement fi\u00e8re d\u2019\u00eatre canadienne et de repr\u00e9senter mon pays en France, car les Canadiens sont des h\u00e9ros pour eux. J\u2019\u00e9tais ho\u00adnor\u00e9e de faire ce voyage avec tous ces gens exceptionnels. Ce voyage a \u00e9t\u00e9 tr\u00e8s \u00e9motionnel pour moi. J\u2019ai eu la chance de voir les cimeti\u00e8res canadiens et les plages o\u00f9 les Canadiens \u00e9taient d\u00e9barqu\u00e9s, j\u2019\u00e9tais \u00e9branl\u00e9e. Je juge important de se souvenir de ces \u00e9v\u00e8nements tragiques afin d\u2019\u00e9viter qu\u2019ils ne se reproduisent. Durant mon voyage, l\u2019exp\u00e9rience que j\u2019ai eue le plus de difficult\u00e9 \u00e0 faire \u00e9tait de rendre hommage \u00e0 un soldat de ma r\u00e9gion qui \u00e9tait d\u00e9c\u00e9d\u00e9 au d\u00e9barquement. J\u2019ai fait une recherche sur la vie de Bernard Hach\u00e9. Il \u00e9tait un ami proche de mon grand-p\u00e8re Anthony Hach\u00e9 et ils \u00e9taient all\u00e9s \u00e0 la guerre ensemble. En faisant cette recherche \u00e7a ma fait r\u00e9aliser que chaque soldat d\u00e9c\u00e9d\u00e9 avait une histoire. J\u2019ai eu la chance d\u2019aller devant la tombe de M. Hach\u00e9 et de lui parler. C\u2019\u00e9tait tr\u00e8s \u00e9mouvant et j\u2019avais beaucoup de difficult\u00e9 \u00e0 cacher mes \u00e9motions.<\/p>\n<p>Pour conclure, je suis tr\u00e8s honor\u00e9e d\u2019avoir fait partie de la d\u00e9l\u00e9gation canadienne, d\u2019avoir effectu\u00e9 des visites en compagnie de la d\u00e9l\u00e9gation et d\u2019avoir particip\u00e9 \u00e0 diverses c\u00e9r\u00e9monies. C\u2019est la plus belle exp\u00e9rience de ma vie et elle restera grav\u00e9e en moi \u00e0 jamais.<\/p>\n","protected":false},"excerpt":{"rendered":"<p>. . En juin, Solange Saulnier, \u00e2g\u00e9e de 17 ans, de Haut-Rivi\u00e8re-du-Portage (N.-B.), \u00e9tait l\u2019une des deux \u00e9l\u00e8ves qui repr\u00e9sentaient la jeunesse du Canada au p\u00e8lerinage d\u2019Anciens combattants Canada organis\u00e9 en l\u2019honneur du 65e anniversaire du jour J. Le voyage et les relations qu\u2019elle s\u2019y est faites avec les anciens combattants ont \u00e9t\u00e9 des exp\u00e9riences [&hellip;]<\/p>\n","protected":false},"author":1,"featured_media":0,"comment_status":"open","ping_status":"open","sticky":false,"template":"","format":"standard","meta":{"footnotes":""},"categories":[3],"tags":[],"class_list":["post-267","post","type-post","status-publish","format-standard","hentry","category-articles-principaux"],"_links":{"self":[{"href":"https:\/\/legionmagazine.com\/fr\/wp-json\/wp\/v2\/posts\/267","targetHints":{"allow":["GET"]}}],"collection":[{"href":"https:\/\/legionmagazine.com\/fr\/wp-json\/wp\/v2\/posts"}],"about":[{"href":"https:\/\/legionmagazine.com\/fr\/wp-json\/wp\/v2\/types\/post"}],"author":[{"embeddable":true,"href":"https:\/\/legionmagazine.com\/fr\/wp-json\/wp\/v2\/users\/1"}],"replies":[{"embeddable":true,"href":"https:\/\/legionmagazine.com\/fr\/wp-json\/wp\/v2\/comments?post=267"}],"version-history":[{"count":0,"href":"https:\/\/legionmagazine.com\/fr\/wp-json\/wp\/v2\/posts\/267\/revisions"}],"wp:attachment":[{"href":"https:\/\/legionmagazine.com\/fr\/wp-json\/wp\/v2\/media?parent=267"}],"wp:term":[{"taxonomy":"category","embeddable":true,"href":"https:\/\/legionmagazine.com\/fr\/wp-json\/wp\/v2\/categories?post=267"},{"taxonomy":"post_tag","embeddable":true,"href":"https:\/\/legionmagazine.com\/fr\/wp-json\/wp\/v2\/tags?post=267"}],"curies":[{"name":"wp","href":"https:\/\/api.w.org\/{rel}","templated":true}]}}