{"id":25,"date":"2007-11-01T21:17:50","date_gmt":"2007-11-02T02:17:50","guid":{"rendered":"http:\/\/28330.vws.magma.ca\/fr\/?p=25"},"modified":"2008-01-27T22:27:26","modified_gmt":"2008-01-28T03:27:26","slug":"le-drapeau-de-lotan-est-ajoute-aux-drapeaux-de-la-legion","status":"publish","type":"post","link":"https:\/\/legionmagazine.com\/fr\/2007\/11\/le-drapeau-de-lotan-est-ajoute-aux-drapeaux-de-la-legion\/","title":{"rendered":"Le drapeau de l&#8217;OTAN est ajout\u00e9 aux drapeaux de la L\u00e9gion"},"content":{"rendered":"<h1><\/h1>\n<p>Les filiales de la L\u00e9gion ont re\u00e7u l&#8217;autorisation de faire                   flotter le drapeau de l&#8217;Organisation du trait\u00e9 de l&#8217;Atlantique                   Nord en tant que drapeau officiel de la L\u00e9gion royale canadienne.<\/p>\n<p>Une note du directeur administratif national Brad White, dans                   laquelle il annon\u00e7ait que le Conseil ex\u00e9cutif national avait                   donn\u00e9 son accord \u00e0 l&#8217;inclusion imm\u00e9diate du drapeau lors des                   manifestations officielles, a \u00e9t\u00e9 envoy\u00e9e \u00e0 toutes les filiales                   au mois d&#8217;ao\u00fbt. La d\u00e9cision va se faire r\u00e9examiner et ratifier                   au Congr\u00e8s national qui aura lieu \u00e0 Ottawa en 2008.<\/p>\n<p>&#8220;La Direction a re\u00e7u des plaintes, depuis quelques temps,                   de la part de ses membres et de certains membres du personnel                   militaire selon lesquelles la L\u00e9gion s&#8217;int\u00e9resserait davantage                   aux v\u00e9t\u00e9rans de la guerre et du soutien de la paix qu&#8217;aux v\u00e9t\u00e9rans                   de l&#8217;OTAN. Le point principal serait que la L\u00e9gion accepte                   d&#8217;arborer le drapeau des Nations unies parmi ses drapeaux mais                   non pas le drapeau de l&#8217;OTAN&#8221;, \u00e9tait-il \u00e9crit dans la note.<\/p>\n<p>&#8220;En effet, sur les plus de 1 300 militaires canadiens dont                   le nom est inscrit dans le septi\u00e8me Livre du Souvenir, alors                   que plus de 100 sont morts aux op\u00e9rations de maintien de la                   paix, la tr\u00e8s grande majorit\u00e9 de nos camarades tomb\u00e9s depuis                   1945 (sans y inclure les v\u00e9t\u00e9rans de la guerre de Cor\u00e9e) sont                   ceux qui sont tomb\u00e9s aux op\u00e9rations de l&#8217;OTAN. Mais nos drapeaux                   donnent l&#8217;impression que nous n&#8217;honorons que les mainteneurs                   de la paix&#8221;, \u00e9tait-il \u00e9crit dans la note.<\/p>\n<p>On y faisait aussi la remarque que lorsque le congr\u00e8s a accept\u00e9 le                   drapeau de l&#8217;ONU en 1992, c&#8217;est qu&#8217;il d\u00e9sirait reconna\u00eetre                   les mainteneurs de la paix et les v\u00e9t\u00e9rans de la guerre de                   Cor\u00e9e. Toutefois, l&#8217;inclusion du drapeau de l&#8217;ONU en m\u00eame temps                   que l&#8217;exclusion du drapeau de l&#8217;OTAN semble aujourd&#8217;hui \u00eatre                   cause de dissension et porter atteinte \u00e0 l&#8217;Initiative de l&#8217;unit\u00e9 des                   anciens combattants. En ce qui concerne la pr\u00e9s\u00e9ance, le drapeau                   de l&#8217;OTAN suit celui de l&#8217;ONU car l&#8217;Organisation des Nations                   unies a \u00e9t\u00e9 cr\u00e9\u00e9e en 1945 et l&#8217;OTAN n&#8217;a \u00e9t\u00e9 \u00e9tablie qu&#8217;en 1949.                   La liste de pr\u00e9s\u00e9ance des drapeaux officiels de la L\u00e9gion est                   comme suit :<br \/>\n1) le drapeau canadien<br \/>\n2) le Red Ensign<br \/>\n3) le drapeau de l&#8217;Union royale<br \/>\n4) le drapeau provincial ou                   territorial<br \/>\n5) le drapeau des Nations unies<br \/>\n6) le drapeau de l&#8217;OTAN<br \/>\n7) l&#8217;oriflamme de la L\u00e9gion.<\/p>\n<p>Le Comit\u00e9 des d\u00e9corations et r\u00e9compenses modifiera les sections                   du Manuel du Rituel et Insignes appropri\u00e9es.<\/p>\n","protected":false},"excerpt":{"rendered":"<p>Les filiales de la L\u00e9gion ont re\u00e7u l&#8217;autorisation de faire flotter le drapeau de l&#8217;Organisation du trait\u00e9 de l&#8217;Atlantique Nord en tant que drapeau officiel de la L\u00e9gion royale canadienne. Une note du directeur administratif national Brad White, dans laquelle il annon\u00e7ait que le Conseil ex\u00e9cutif national avait donn\u00e9 son accord \u00e0 l&#8217;inclusion imm\u00e9diate du [&hellip;]<\/p>\n","protected":false},"author":1,"featured_media":0,"comment_status":"open","ping_status":"open","sticky":false,"template":"","format":"standard","meta":{"footnotes":""},"categories":[3],"tags":[],"class_list":["post-25","post","type-post","status-publish","format-standard","hentry","category-articles-principaux"],"_links":{"self":[{"href":"https:\/\/legionmagazine.com\/fr\/wp-json\/wp\/v2\/posts\/25","targetHints":{"allow":["GET"]}}],"collection":[{"href":"https:\/\/legionmagazine.com\/fr\/wp-json\/wp\/v2\/posts"}],"about":[{"href":"https:\/\/legionmagazine.com\/fr\/wp-json\/wp\/v2\/types\/post"}],"author":[{"embeddable":true,"href":"https:\/\/legionmagazine.com\/fr\/wp-json\/wp\/v2\/users\/1"}],"replies":[{"embeddable":true,"href":"https:\/\/legionmagazine.com\/fr\/wp-json\/wp\/v2\/comments?post=25"}],"version-history":[{"count":0,"href":"https:\/\/legionmagazine.com\/fr\/wp-json\/wp\/v2\/posts\/25\/revisions"}],"wp:attachment":[{"href":"https:\/\/legionmagazine.com\/fr\/wp-json\/wp\/v2\/media?parent=25"}],"wp:term":[{"taxonomy":"category","embeddable":true,"href":"https:\/\/legionmagazine.com\/fr\/wp-json\/wp\/v2\/categories?post=25"},{"taxonomy":"post_tag","embeddable":true,"href":"https:\/\/legionmagazine.com\/fr\/wp-json\/wp\/v2\/tags?post=25"}],"curies":[{"name":"wp","href":"https:\/\/api.w.org\/{rel}","templated":true}]}}