{"id":1480,"date":"2012-03-01T00:01:19","date_gmt":"2012-03-01T04:01:19","guid":{"rendered":"https:\/\/legionmagfren.wpengine.com\/?p=1480"},"modified":"2012-02-29T13:00:16","modified_gmt":"2012-02-29T17:00:16","slug":"les-deputes-en-faveur-de-l-augmentation-des-avantages-de-funerailles-et-dinhumation","status":"publish","type":"post","link":"https:\/\/legionmagazine.com\/fr\/2012\/03\/les-deputes-en-faveur-de-l-augmentation-des-avantages-de-funerailles-et-dinhumation\/","title":{"rendered":"Les d\u00e9put\u00e9s en faveur de l\u2019augmentation des avantages de fun\u00e9railles et d&#8217;inhumation"},"content":{"rendered":"<p>Un comit\u00e9 de la Chambre des communes s\u2019est uni aux gens qui demandent une augmentation des versements et l\u2019\u00e9largissement de l\u2019admissibilit\u00e9 concernant les avantages de fun\u00e9railles et d\u2019inhumation.<\/p>\n<p>Dans son rapport Comm\u00e9moration au 21e si\u00e8cle, le Comit\u00e9 permanent des anciens combattants a recommand\u00e9 des modifications au programme de fun\u00e9railles et d\u2019inhumation qui procure un soutien financier aux familles des anciens combattants en couvrant certaines d\u00e9penses. Le programme de 9,3 millions de dollars est financ\u00e9 par Anciens Combattants Canada (ACC) et administr\u00e9 par le Fonds du Souvenir.<\/p>\n<p>Tous les anciens combattants qui meurent des suites d\u2019une blessure ou d\u2019une maladie li\u00e9e au service ont droit \u00e0 une assistance d\u2019ACC relative aux fun\u00e9railles et \u00e0 l\u2019inhumation.<\/p>\n<p>Tout v\u00e9t\u00e9ran de la Seconde Guerre mondiale ou de la guerre de Cor\u00e9e dont la succession ne suffit pas pour obtenir des services appropri\u00e9s a aussi droit \u00e0 une assistance telle que d\u00e9termin\u00e9e par une \u00e9valuation des moyens. Les anciens combattants plus r\u00e9cents recevant un soutien du revenu li\u00e9 au service y ont droit aussi si l\u2019\u00e9valuation des moyens confirme leur admissibilit\u00e9. D\u2019apr\u00e8s ACC, 152 v\u00e9t\u00e9rans de la guerre de Cor\u00e9e ont re\u00e7u une assistance en 2010-2011, une diminution par rapport aux 155 qu\u2019il y avait en 2009-2010 et aux 164, en 2008-2009.<\/p>\n<p>Le Comit\u00e9 a recommand\u00e9 d\u2019\u00e9largir les crit\u00e8res d\u2019admissibilit\u00e9, d\u2019augmenter la d\u00e9duction utilis\u00e9e pour le calcul de la valeur nette des avoirs et d\u2019ajouter un ajustement du cout de la vie, en plus de remplacer la liste des d\u00e9penses admissibles par un versement forfaitaire \u00ab augment\u00e9 raisonnablement \u00bb et ajust\u00e9 en fonction de l\u2019inflation.<\/p>\n<p>\u00ab Nous sommes en train d\u2019examiner les recommandations et nous rendrons compte au comit\u00e9 \u00bb, dit le minist\u00e8re dans un courriel qu\u2019il nous a envoy\u00e9. Les recommandations ont \u00e9t\u00e9 pr\u00e9sent\u00e9es au Parlement le 12 d\u00e9cembre et le gouvernement doit y r\u00e9pondre dans les 120 jours qui suivent.<\/p>\n<p>\u00ab Il s\u2019agit d\u2019une question urgente pour les v\u00e9t\u00e9rans de la Seconde Guerre mondiale et pour ceux de la guerre de Cor\u00e9e, dit la directrice du Bureau d\u2019entraide de la Direction nationale, Andrea Siew. Il faut augmenter le plus rapidement possible le montant accord\u00e9 pour les fun\u00e9railles. \u00bb Le nombre de ces anciens combattants diminue d\u2019environ 2 000 par mois.<\/p>\n<p>\u00ab Pour les anciens combattants et les familles qui sont les plus vuln\u00e9rables, il s\u2019agit d\u2019un gros montant d\u2019argent, mais pour le gouvernement du Canada, il s\u2019agit d\u2019un petit montant, d\u00e9clare Siew. Il y a assez d\u2019argent dans le budget pour faire ces modifications. \u00bb<\/p>\n<p>Le budget d\u2019ACC de 2011-2012 pr\u00e9voyait une diminution de ses octrois au Fonds du Souvenir, passant de 14,98 \u00e0 10,98 millions de dollars en raison de la baisse du nombre d\u2019anciens combattants qui y ont droit. Le budget total du minist\u00e8re s\u2019\u00e9l\u00e8ve \u00e0 3,5 milliards de dollars.<\/p>\n<p>Au Congr\u00e8s national de 2010, la L\u00e9gion royale canadienne a demand\u00e9 qu\u2019on augmente les avantages maximaux admissibles des services fun\u00e9raires de 3 600 $, fix\u00e9s en 2001, pour que leur montant soit \u00e9quivalent aux 12 700 $ des Forces canadiennes (FC) et de la Gendarmerie royale du Canada. La L\u00e9gion a aussi demand\u00e9 que les v\u00e9t\u00e9rans des FC dont les moyens sont insuffisants obtiennent des avantages de fun\u00e9railles et d\u2019inhumation \u00e9gaux \u00e0 ceux des membres des FC tu\u00e9s en service.<\/p>\n<p>Le maximum de 3 600 $ \u00ab n\u2019\u00e9quivaut pas au cout moyen des fun\u00e9railles au Canada \u00bb, dit l\u2019ombudsman des v\u00e9t\u00e9rans, Guy Parent, dans son rapport annuel. Apr\u00e8s un examen qu\u2019il a men\u00e9 en 2009, il recommandait que les d\u00e9penses de fun\u00e9railles et d\u2019inhumation refl\u00e8tent les normes de l\u2019industrie et soient index\u00e9es afin qu\u2019elles suivent l\u2019augmentation des prix.<\/p>\n<p>La L\u00e9gion a aussi demand\u00e9 que l\u2019exemption de succession des survivants ou personnes \u00e0 charge soit fix\u00e9e au moins au seuil de la pauvret\u00e9 d\u00e9termin\u00e9 par Statistique Canada, et qu\u2019elle tienne compte des augmentations du cout de la vie. En 1995, l\u2019exemption de succession a \u00e9t\u00e9 r\u00e9duite de 24 030 $ \u00e0 12 015 $, excluant la maison et l\u2019automobile. Dans le rapport de l\u2019ombudsman, il est recommand\u00e9 que l\u2019exemption refl\u00e8te \u00ab les niveaux des revenus et des couts d\u2019aujourd\u2019hui \u00bb.<\/p>\n<p>La L\u00e9gion demande qu\u2019on abandonne les exigences d\u2019admissibilit\u00e9 complexes, faisant remarquer que celles dont on se sert actuellement sont contraires au \u00ab principe des besoins \u00bb d\u2019apr\u00e8s la nouvelle Charte des anciens combattants. L\u2019ombudsman recommande aussi de remettre un montant forfaitaire aux familles plut\u00f4t que de rembourser des d\u00e9penses pr\u00e9cises.<\/p>\n<p><strong>Un rapport sur les jalons militaires<\/strong><\/p>\n<p>Le Comit\u00e9 permanent des anciens combattants de la Chambre des communes a formul\u00e9 certaines recommandations, dont la comm\u00e9moration publique de la guerre des B\u0153rs, l\u2019\u00e9rection d\u2019un monument national en l\u2019honneur d\u2019un h\u00e9ros militaire afro-canadien et la cr\u00e9ation d\u2019un comit\u00e9 consultatif f\u00e9d\u00e9ral pour \u00ab assurer la comm\u00e9moration ad\u00e9quate \u00bb des centenaires de la Premi\u00e8re Guerre mondiale.<\/p>\n<p>Le rapport Comm\u00e9moration au 21e si\u00e8cle a \u00e9t\u00e9 publi\u00e9 pour \u00ab amorcer une r\u00e9flexion sur l\u2019avenir de notre devoir collectif de m\u00e9moire \u00bb, a affirm\u00e9 le d\u00e9put\u00e9 conservateur Greg Kerr, pr\u00e9sident du Comit\u00e9.<\/p>\n<p>Les contributions militaires n\u00e9glig\u00e9es jusqu\u2019\u00e0 pr\u00e9sent sont nombreuses, est-il indiqu\u00e9 dans le rapport, dont celles-ci :<\/p>\n<p>\u2022\u00a0 La guerre des B\u0153rs (appel\u00e9e aussi la guerre d\u2019Afrique du Sud), le premier conflit outre-mer auquel le Canada a envoy\u00e9 des troupes.<\/p>\n<p>\u2022\u00a0 Les contributions militaires d\u2019Afro-Canadiens, comme celles du matelot de 2e classe William Hall \u00e0 qui la Croix de Victoria a \u00e9t\u00e9 d\u00e9cern\u00e9e pour sa bravoure lors de la R\u00e9bellion indienne de 1857. Le comit\u00e9 sugg\u00e8re qu\u2019un buste \u00e0 son effigie soit ajout\u00e9 au Monument des Valeureux, le groupe de bustes et de statues en pied honorant les h\u00e9ros militaires \u00e0 Ottawa.<\/p>\n<p>\u2022\u00a0 Le maintien de la paix canadien pendant le guerre froide. Des milliers de Canadiens ont pris part \u00e0 plus de 50 missions des Nations Unies et de l\u2019Organisation du Trait\u00e9 de l\u2019Atlantique Nord dont le danger a souvent \u00e9t\u00e9 minimis\u00e9 ou n\u2019a pas \u00e9t\u00e9 rapport\u00e9.<\/p>\n<p>Anciens Combattants Canada (ACC) favorise la comm\u00e9moration du service et du sacrifice des Canadiens en temps de guerre ou de paix au moyen du programme Le Canada se souvient, qui sert \u00e0 appuyer la construction et l\u2019entretien des monuments et des cimeti\u00e8res, ainsi que les c\u00e9r\u00e9monies et autres \u00e9v\u00e8nements de comm\u00e9moration publics.<\/p>\n<p>Les programmes de comm\u00e9moration du 110e anniversaire de la fin de la guerre d\u2019Afrique du Sud \u00ab seront annonc\u00e9s prochainement \u00bb, \u00e9tait-il mentionn\u00e9 dans un courriel qu\u2019ACC nous a envoy\u00e9.\u00a0 Le minist\u00e8re pr\u00e9pare aussi un programme de comm\u00e9moration au Canada et outre-mer sur le centenaire d\u2019\u00e9v\u00e8nements de la Premi\u00e8re Guerre mondiale.<\/p>\n<p>\u00ab Ces initiatives serviront \u00e0 mieux faire comprendre aux Canadiens l\u2019importance des sacrifices et des accomplissements canadiens lors de la Premi\u00e8re Guerre mondiale, ainsi que leurs r\u00e9percussions sur le d\u00e9veloppement du Canada \u00bb, dit ACC.<\/p>\n<p>Dans son rapport, le Comit\u00e9 d\u00e9nonce le manque d\u2019histoire militaire canadienne dans les programmes scolaires. Il recommande que le f\u00e9d\u00e9ral continue d\u2019appuyer les mus\u00e9es et les programmes \u00e9ducatifs pour informer les Canadiens sur leur histoire militaire.<\/p>\n","protected":false},"excerpt":{"rendered":"<p>Un comit\u00e9 de la Chambre des communes s\u2019est uni aux gens qui demandent une augmentation des versements et l\u2019\u00e9largissement de l\u2019admissibilit\u00e9 concernant les avantages de fun\u00e9railles et d\u2019inhumation. Dans son rapport Comm\u00e9moration au 21e si\u00e8cle, le Comit\u00e9 permanent des anciens combattants a recommand\u00e9 des modifications au programme de fun\u00e9railles et d\u2019inhumation qui procure un soutien [&hellip;]<\/p>\n","protected":false},"author":3,"featured_media":0,"comment_status":"open","ping_status":"open","sticky":false,"template":"","format":"standard","meta":{"footnotes":""},"categories":[4],"tags":[],"class_list":["post-1480","post","type-post","status-publish","format-standard","hentry","category-nouvelles"],"_links":{"self":[{"href":"https:\/\/legionmagazine.com\/fr\/wp-json\/wp\/v2\/posts\/1480","targetHints":{"allow":["GET"]}}],"collection":[{"href":"https:\/\/legionmagazine.com\/fr\/wp-json\/wp\/v2\/posts"}],"about":[{"href":"https:\/\/legionmagazine.com\/fr\/wp-json\/wp\/v2\/types\/post"}],"author":[{"embeddable":true,"href":"https:\/\/legionmagazine.com\/fr\/wp-json\/wp\/v2\/users\/3"}],"replies":[{"embeddable":true,"href":"https:\/\/legionmagazine.com\/fr\/wp-json\/wp\/v2\/comments?post=1480"}],"version-history":[{"count":0,"href":"https:\/\/legionmagazine.com\/fr\/wp-json\/wp\/v2\/posts\/1480\/revisions"}],"wp:attachment":[{"href":"https:\/\/legionmagazine.com\/fr\/wp-json\/wp\/v2\/media?parent=1480"}],"wp:term":[{"taxonomy":"category","embeddable":true,"href":"https:\/\/legionmagazine.com\/fr\/wp-json\/wp\/v2\/categories?post=1480"},{"taxonomy":"post_tag","embeddable":true,"href":"https:\/\/legionmagazine.com\/fr\/wp-json\/wp\/v2\/tags?post=1480"}],"curies":[{"name":"wp","href":"https:\/\/api.w.org\/{rel}","templated":true}]}}