{"id":127,"date":"2006-03-01T22:35:06","date_gmt":"2006-03-02T03:35:06","guid":{"rendered":"http:\/\/28330.vws.magma.ca\/fr\/?p=127"},"modified":"2006-03-01T22:35:06","modified_gmt":"2006-03-02T03:35:06","slug":"lannee-de-lancien-combattant-a-ete-celebree-de-bien-des-facons","status":"publish","type":"post","link":"https:\/\/legionmagazine.com\/fr\/2006\/03\/lannee-de-lancien-combattant-a-ete-celebree-de-bien-des-facons\/","title":{"rendered":"L&#8217;Ann\u00e9e de l&#8217;ancien combattant a \u00e9t\u00e9 c\u00e9l\u00e9br\u00e9e de bien des fa\u00e7ons"},"content":{"rendered":"<h1><\/h1>\n<p>\u00c7a a commenc\u00e9 tout doucement, une id\u00e9e pour une ann\u00e9e sp\u00e9ciale,                   mais quand elle est arriv\u00e9e \u00e0 la fin, l&#8217;Ann\u00e9e de l&#8217;ancien combattant                   avait vraiment \u00e9t\u00e9 quelque chose. Dans tous les coins du pays,                   d&#8217;Inuvik \u00e0 Corner Brook, en passant par Comox, les Canadiens                   se sont pr\u00e9sent\u00e9s en nombre record pour soutenir leurs anciens                   combattants durant 2005. Qu&#8217;il s&#8217;agisse des foules immenses                   de Canadiens respectueux qui les acclamaient ou d&#8217;un jeune                   scout qui distribuait des timbres, les anciens combattants                   qui participaient \u00e0 ces manifestations ne pouvaient faire autrement                   que de s&#8217;apercevoir que les Canadiens se souviennent de ce                   qu&#8217;ils ont fait, et ils sont reconnaissants.<\/p>\n<p>L&#8217;ann\u00e9e 2005 ne pouvait \u00eatre qu&#8217;importante. C&#8217;est durant cette                   ann\u00e9e-l\u00e0 qu&#8217;allait avoir lieu le 60e anniversaire de la fin                   de la Seconde Guerre mondiale. Le nouveau Mus\u00e9e canadien de                   la guerre allait ouvrir ses portes. Un nouveau Livre du Souvenir                   allait \u00eatre d\u00e9di\u00e9. En Europe, les Hollandais pr\u00e9paraient une                   derni\u00e8re grosse c\u00e9l\u00e9bration pour recevoir leurs lib\u00e9rateurs.                   Mais, gr\u00e2ce surtout \u00e0 la L\u00e9gion royale canadienne, 2005 est                   devenue davantage qu&#8217;une simple ann\u00e9e pleine de moments historiques,                   elle est devenue l&#8217;Ann\u00e9e de l&#8217;ancien combattant.<\/p>\n<p>&#8220;L&#8217;Ann\u00e9e de l&#8217;ancien combattant est une id\u00e9e de la L\u00e9gion                   qui a prosp\u00e9r\u00e9 jusqu&#8217;\u00e0 devenir une ann\u00e9e de c\u00e9l\u00e9brations et                   de comm\u00e9moration apr\u00e8s avoir \u00e9t\u00e9 proclam\u00e9e par le gouvernement                   du Canada&#8221;, dit la pr\u00e9sidente nationale Mary Ann Burdett.<\/p>\n<p>C&#8217;est en novembre 2004, que la ministre des anciens combattants                   Albina Guarnieri a fait l&#8217;annonce officielle que 2005 allait \u00eatre                   d\u00e9di\u00e9e \u00e0 tous les hommes et femmes militaires du Canada qui                   ont servi leur pays \u00e0 la guerre, aux conflits militaires et                   en temps de paix. C&#8217;\u00e9tait \u00e9videmment une bonne cause, et les                   filiales de la L\u00e9gion ont partout r\u00e9pondu en organisant des                   manifestations et en participant de toutes les mani\u00e8res qu&#8217;elles                   l&#8217;ont pu.<\/p>\n<p>&#8220;C&#8217;\u00e9tait l&#8217;ann\u00e9e parfaite pour le faire et les filiales de                   la L\u00e9gion ont vraiment relev\u00e9 le d\u00e9fi en c\u00e9l\u00e9brant les gens                   les plus ch\u00e9ris au Canada, ceux qui ont fait de cette d\u00e9mocratie                   ce qu&#8217;elle est aujourd&#8217;hui : nos anciens combattants&#8221;, dit                   Burdett.<\/p>\n<p>La premi\u00e8re manifestation importante de l&#8217;ann\u00e9e a aussi \u00e9t\u00e9 une                   des plus grandes. Le 8 mai, le jour de la victoire en Europe,                   quelque 100 000 personnes se sont rendues au centre-ville d&#8217;Ottawa                   pour voir des milliers d&#8217;anciens combattants d\u00e9filer du Monument                   comm\u00e9moratif de guerre du Canada, en passant devant les \u00e9difices                   du Parlement, jusqu&#8217;au Mus\u00e9e canadien de la guerre qui ouvrait                   officiellement ses portes pour la premi\u00e8re fois. Qu&#8217;ils fussent                   sur des chars d&#8217;assaut de la Seconde Guerre mondiale, qu&#8217;ils                   d\u00e9filent en formation, ou m\u00eame qu&#8217;ils aillent en autobus, les                   anciens combattants pr\u00e9sents ce jour-l\u00e0 \u00e9taient trait\u00e9s comme                   des vedettes, et beaucoup ont \u00e9t\u00e9 approch\u00e9s par des Canadiens,                   jeunes ou vieux, qui d\u00e9siraient les remercier de ce qu&#8217;ils                   ont fait.<\/p>\n<p>Trois mois apr\u00e8s, le 14 ao\u00fbt, des anciens combattants, les                   membres de leur famille et des Canadiens s&#8217;assemblaient \u00e0 nouveau,                   cette fois-l\u00e0 pour comm\u00e9morer le 60e anniversaire de la victoire                   en Extr\u00eame-Orient et la fin de la Seconde Guerre mondiale. \u00c0 peine                   quelques jours avant \u00e7a, le 9 ao\u00fbt, des centaines de personnes                   s&#8217;\u00e9taient assembl\u00e9es au parc Buffalo, \u00e0 Calgary, pour comm\u00e9morer                   la Journ\u00e9e des gardiens de la paix relativement nouvelle. C&#8217;est                   un signe des temps qui courent, vu que les v\u00e9t\u00e9rans de la Seconde                   Guerre mondiale sont moins nombreux chaque ann\u00e9e, que notre                   attention se porte davantage sur les gardiens de la paix et                   sur les v\u00e9t\u00e9rans de la guerre froide.<\/p>\n<p>&#8220;Lors de toutes ces activit\u00e9s, nous nous sommes toujours assur\u00e9s                   d&#8217;\u00eatre des repr\u00e9sentants. Nous nous sommes toujours assur\u00e9s                   d&#8217;inclure des b\u00e9rets bleus et des membres actuels des Forces                   canadiennes, car ce sont les anciens combattants de demain&#8221;,                   dit Suzanne Sarault, la coordinatrice ex\u00e9cutive de l&#8217;Ann\u00e9e                   de l&#8217;ancien combattant \u00e0 Anciens combattants Canada.<\/p>\n<p>Il est possible que l&#8217;\u00e9v\u00e9nement de l&#8217;Ann\u00e9e de l&#8217;ancien combattant                   qui a eu le plus d&#8217;importance soit l&#8217;adoption de la nouvelle                   Charte de l&#8217;ancien combattant. Ce fut certainement le bon moment                   pour voter une l\u00e9gislation si importante.<\/p>\n<p>&#8220;Une des manifestations les plus caract\u00e9ristiques, du point                   de vue du service, a \u00e9t\u00e9 l&#8217;adoption de la Charte de l&#8217;ancien                   combattant&#8221;, dit Sarault. &#8220;C&#8217;est une tr\u00e8s bonne co\u00efncidence                   que ce soit arriv\u00e9 durant l&#8217;Ann\u00e9e de l&#8217;ancien combattant. En                   fin de compte, l&#8217;adoption de la l\u00e9gislation a eu lieu tr\u00e8s                   rapidement. D&#8217;apr\u00e8s moi, c&#8217;est tr\u00e8s significatif, \u00e0 mes yeux                   c&#8217;est la reconnaissance de leur contribution et c&#8217;est dire                   aux anciens combattants encore en service que le pays reconna\u00eet                   aussi leur contribution.&#8221;<\/p>\n<p>Par la suite, en automne, juste avant le jour du Souvenir,                   il y a eu un voyage exceptionnel de retour aux champs de bataille                   europ\u00e9ens qui a donn\u00e9 l&#8217;occasion aux Canadiens d&#8217;apprendre                   les sacrifices et les accomplissements des peuples autochtones \u00e0 la                   guerre. Le voyage spirituel autochtone en Belgique et en France                   a honor\u00e9 les membres des Premi\u00e8res Nations, M\u00e9tis et Inuits                   qui ont donn\u00e9 leur vie \u00e0 la guerre et il a \u00e9t\u00e9 tr\u00e8s remarqu\u00e9 partout                   au pays.<\/p>\n<p>En plus des grandes manifestations historiques, il y a aussi                   eu des efforts plus petits mais tout aussi importants durant                   toute l&#8217;ann\u00e9e. \u00c0 partir du 22 mars, Scouts Canada a commenc\u00e9 son                   projet Invitation au Souvenir, dans le cadre duquel 150 000                   timbres o\u00f9 \u00e9tait inscrit Merci ont \u00e9t\u00e9 distribu\u00e9 aux anciens                   combattants \u00e0 travers le Canada. Les timbres ont \u00e9t\u00e9 distribu\u00e9s                   individuellement aux anciens combattants par les jeunes scouts.<\/p>\n<p>Le but de ce programme allait toutefois plus loin que le remerciement                   aux anciens combattants, il faisait partie d&#8217;un effort plus                   global ayant pour objet d&#8217;\u00e9duquer la jeunesse canadienne en                   les exposant aux anciens combattants et en leur donnant l&#8217;occasion                   d&#8217;\u00e9couter des histoires sur la vraie histoire vivante.<\/p>\n<p>&#8220;Il existe un but plus important, de rappeler \u00e0 la nation                   que nous avons encore une dette envers une g\u00e9n\u00e9ration de Canadiens                   d\u00e9sint\u00e9ress\u00e9s&#8221;, dit Guarnieri durant la c\u00e9r\u00e9monie du lancement                   du projet. &#8220;C&#8217;est une dette que nous ne pouvons pas rembourser,                   alors on ne peut que rendre la pareille \u00e0 quelqu&#8217;un d&#8217;autre.&#8221;<\/p>\n<p>L&#8217;archive vid\u00e9o Des h\u00e9ros se racontent cr\u00e9\u00e9e et publi\u00e9e par                   Anciens combattants est aussi un projet de l&#8217;Ann\u00e9e de l&#8217;ancien                   combattant qui va durer. Dans ces interviews, des v\u00e9t\u00e9rans                   de toutes les guerres du Canada d\u00e9crivent leurs exp\u00e9riences                   en d\u00e9tail, offrant ainsi le patrimoine militaire du Canada \u00e0 toute                   personne qui ait acc\u00e8s \u00e0 la toile. Des h\u00e9ros se racontent se                   trouvent en cliquant le lien Le Canada se souvient au site                   d&#8217;ACC www.vac-acc.gc.ca.<\/p>\n<p>La Monnaie royale canadienne aussi a jou\u00e9 un r\u00f4le, \u00e9mettant                   plusieurs pi\u00e8ces comm\u00e9moratives, dont une pi\u00e8ce de 25 cents                   de l&#8217;Ann\u00e9e de l&#8217;ancien combattant qui a \u00e9t\u00e9 \u00e9mise peu de temps                   avant le jour du Souvenir. Auparavant, la Monnaie avait \u00e9mis                   une nouvelle pi\u00e8ce de cinq cents en comm\u00e9moration du 60e anniversaire                   du jour de la victoire en Europe. Les Forces canadiennes et                   la Gendarmerie royale du Canada se sont aussi mises de la partie,                   portant une \u00e9pingle \u00e0 insigne sp\u00e9ciale en 2005.<\/p>\n<p>L&#8217;Ann\u00e9e de l&#8217;ancien combattant ne s&#8217;est toutefois pas pass\u00e9e                   sans des moments de tristesse. Le dernier r\u00e9cipiendaire vivant                   de la Croix de Victoria, Smokey Smith, a tr\u00e9pass\u00e9 en ao\u00fbt.                   Apr\u00e8s les fun\u00e9railles que m\u00e9ritait ce h\u00e9ros national, on lui                   a rendu les honneurs fun\u00e8bres en mer, comme il le d\u00e9sirait.<\/p>\n<p>De plus, plusieurs autres des derniers v\u00e9t\u00e9rans de la Premi\u00e8re                   Guerre mondiale du Canada sont morts en 2005, ne laissant que                   bien peu de survivants canadiens de cette guerre.<\/p>\n<p>Quand on pense \u00e0 toute l&#8217;ann\u00e9e, ce ne sont pas les c\u00e9r\u00e9monies                   particuli\u00e8res qui semblent si importantes, mais plut\u00f4t la synth\u00e8se                   de tous les efforts qui ont \u00e9t\u00e9 faits pour organiser des centaines,                   peut-\u00eatre m\u00eame des milliers de manifestations.<\/p>\n<p>&#8220;On aurait pu avoir un pique-nique, on aurait pu avoir une                   petite c\u00e9r\u00e9monie musicale. Ce sont tous ces milliers d&#8217;activit\u00e9s                   qui sont m\u00e9morables, pas une seulement. Mais c&#8217;est ce qui a                   fait de l&#8217;Ann\u00e9e de l&#8217;ancien combattant une ann\u00e9e sp\u00e9ciale&#8221;,                   dit Sarault. &#8220;D&#8217;apr\u00e8s mois, c&#8217;est de \u00e7a que je vais me souvenir,                   que tout le monde s&#8217;est rassembl\u00e9 pour c\u00e9l\u00e9brer les anciens                   combattants.&#8221;<\/p>\n<p>Bien que l&#8217;Ann\u00e9e de l&#8217;ancien combattant ait in\u00e9vitablement                   eu un terme, on n&#8217;est pas pr\u00e8s d&#8217;en oublier l&#8217;esprit. Elle                   fait maintenant partie de notre patrimoine, tout comme les                   anciens combattants eux-m\u00eames.<\/p>\n","protected":false},"excerpt":{"rendered":"<p>\u00c7a a commenc\u00e9 tout doucement, une id\u00e9e pour une ann\u00e9e sp\u00e9ciale, mais quand elle est arriv\u00e9e \u00e0 la fin, l&#8217;Ann\u00e9e de l&#8217;ancien combattant avait vraiment \u00e9t\u00e9 quelque chose. Dans tous les coins du pays, d&#8217;Inuvik \u00e0 Corner Brook, en passant par Comox, les Canadiens se sont pr\u00e9sent\u00e9s en nombre record pour soutenir leurs anciens combattants [&hellip;]<\/p>\n","protected":false},"author":2,"featured_media":0,"comment_status":"open","ping_status":"open","sticky":false,"template":"","format":"standard","meta":{"footnotes":""},"categories":[3],"tags":[],"class_list":["post-127","post","type-post","status-publish","format-standard","hentry","category-articles-principaux"],"_links":{"self":[{"href":"https:\/\/legionmagazine.com\/fr\/wp-json\/wp\/v2\/posts\/127","targetHints":{"allow":["GET"]}}],"collection":[{"href":"https:\/\/legionmagazine.com\/fr\/wp-json\/wp\/v2\/posts"}],"about":[{"href":"https:\/\/legionmagazine.com\/fr\/wp-json\/wp\/v2\/types\/post"}],"author":[{"embeddable":true,"href":"https:\/\/legionmagazine.com\/fr\/wp-json\/wp\/v2\/users\/2"}],"replies":[{"embeddable":true,"href":"https:\/\/legionmagazine.com\/fr\/wp-json\/wp\/v2\/comments?post=127"}],"version-history":[{"count":0,"href":"https:\/\/legionmagazine.com\/fr\/wp-json\/wp\/v2\/posts\/127\/revisions"}],"wp:attachment":[{"href":"https:\/\/legionmagazine.com\/fr\/wp-json\/wp\/v2\/media?parent=127"}],"wp:term":[{"taxonomy":"category","embeddable":true,"href":"https:\/\/legionmagazine.com\/fr\/wp-json\/wp\/v2\/categories?post=127"},{"taxonomy":"post_tag","embeddable":true,"href":"https:\/\/legionmagazine.com\/fr\/wp-json\/wp\/v2\/tags?post=127"}],"curies":[{"name":"wp","href":"https:\/\/api.w.org\/{rel}","templated":true}]}}