{"id":125,"date":"2006-03-01T22:32:53","date_gmt":"2006-03-02T03:32:53","guid":{"rendered":"http:\/\/28330.vws.magma.ca\/fr\/?p=125"},"modified":"2006-03-01T22:32:53","modified_gmt":"2006-03-02T03:32:53","slug":"a-votre-service-programme-dapproche-pastorale","status":"publish","type":"post","link":"https:\/\/legionmagazine.com\/fr\/2006\/03\/a-votre-service-programme-dapproche-pastorale\/","title":{"rendered":"\u00c0 votre service &#8211; Programme d&#8217;approche pastorale"},"content":{"rendered":"<h1><\/h1>\n<p>En automne 2003, Anciens combattants Canada et le minist\u00e8re                   de la D\u00e9fense nationale ont lanc\u00e9 un projet mixte ayant pour                   objet de coordonner plus syst\u00e9matiquement la prestation de                   soins pastoraux aux anciens combattants et \u00e0 leur famille.                   Cette initiative reconnaissait entre autres que les aum\u00f4niers                   des Forces canadiennes n&#8217;ont pas de mandat, pas de responsabilit\u00e9,                   pour secourir le personnel \u00e0 la retraite. Bien que les aum\u00f4niers                   de la L\u00e9gion aient toujours offert leur aide quand ils le pouvaient,                   ils ne peuvent pas subvenir aux besoins pastoraux de tous les                   anciens combattants et de leur famille partout au Canada.<\/p>\n<p>Le m\u00e9rite doit revenir aux deux groupes. Ils ont fait de leur                   mieux fid\u00e8lement dans les circonstances qui r\u00e9gnaient. Malheureusement,                   certains des membres du personnel \u00e0 la retraite et de leur                   famille passent entre les mailles du filet et ils n&#8217;obtiennent                   pas de soin pastoral du tout, surtout quand ils ne sont pas                   membres d&#8217;une paroisse civile. Souvent, cela arrive durant                   les temps les plus difficiles de leur vie\u00a0: quand ils doivent                   s&#8217;occuper de questions qui concernent la fin de la vie, comme                   lorsqu&#8217;ils sont \u00e0 l&#8217;agonie, \u00e0 l&#8217;occasion de la mort d&#8217;un \u00eatre                   cher, des fun\u00e9railles et de deuil. Le projet d&#8217;approche pastorale                   est une tentative de redresser cette situation.<\/p>\n<p>Maintenant, apr\u00e8s plus de deux ans d&#8217;essais et d&#8217;\u00e9valuation,                   cette initiative est sur le point de devenir un programme officiel.                   Il va \u00eatre inclus dans la liste des programmes disponibles \u00e0 notre                   personnel \u00e0 la retraite et \u00e0 leur famille dans le cadre du                   nouveau Programme de modernisation des anciens combattants.                   Ce programme va fonctionner gr\u00e2ce \u00e0 un bureau national situ\u00e9 au                   Centre d&#8217;Ottawa, et il va profiter d&#8217;un r\u00e9seau de clercs mandat\u00e9s                   partout au Canada.<\/p>\n<p>Ce r\u00e9seau va consister principalement d&#8217;aum\u00f4niers des Forces                   canadiennes \u00e0 la retraite, d&#8217;aum\u00f4niers de la L\u00e9gion, et d&#8217;autres                   membres du clerg\u00e9 civils qui ont une certaine exp\u00e9rience et                   des connaissances directes du mode de vie militaire. \u00c0 l&#8217;occasion,                   il faudra profiter du sacerdoce de clercs civils qui ne sont                   pas familiers avec les Forces canadiennes, surtout en cas d&#8217;urgence.                   Tous les membres du clerg\u00e9, toutefois, seront approuv\u00e9s et                   mandat\u00e9s sp\u00e9cifiquement pour ce sacerdoce. Une fois qu&#8217;on leur                   aura demand\u00e9 de donner des soins pastoraux, ils seront r\u00e9mun\u00e9r\u00e9s                   pour leurs services et on leur remboursera ce qu&#8217;ils auront \u00e9t\u00e9 oblig\u00e9s                   de d\u00e9penser.<\/p>\n<p>Si vous \u00eates membre du clerg\u00e9 ordonn\u00e9 ou mandat\u00e9, de n&#8217;importe                   quel culte ou groupe confessionnel, et que vous \u00eates int\u00e9ress\u00e9 \u00e0 devenir                   membre de ce r\u00e9seau, on vous invite \u00e0 en faire la demande.                   Les formulaires de demande et les brochures sont disponibles                   par l&#8217;entremise du site web http:\/\/www.forces.gc.ca\/centre.                   Vous pouvez aussi \u00e9crire au gestionnaire du programme \u00e0 : DDVPC                   6, Quartier g\u00e9n\u00e9ral de la D\u00e9fense nationale, \u00c9difice major-g\u00e9n\u00e9ral                   G.R. Pearkes, 101, promenade Col. By, Ottawa (Ont.) K1A 0K2,                   ou composez le 1-800-883-6094. Vous pouvez aussi prendre contact                   avec la L\u00e9gion par l&#8217;entremise du directeur Pierre Allard du                   Bureau des services de la L\u00e9gion au (613) 235-4391 ou par courriel \u00e0 pallard@legion.ca.<\/p>\n<p>La L\u00e9gion est fi\u00e8re de participer \u00e0 ce programme et heureuse                   de la recommander aux aum\u00f4niers de la L\u00e9gion.<\/p>\n<h2>Placement des nouveaux anciens combattants<\/h2>\n<p>Comme on en a discut\u00e9 auparavant, un programme de placement                   va \u00eatre mis en oeuvre pour les v\u00e9t\u00e9rans des Forces canadiennes                   en vue de les aider \u00e0 rentrer dans la main-d&#8217;oeuvre civile                   par l&#8217;entremise d&#8217;une formation de recherche d&#8217;emploi, de l&#8217;am\u00e9lioration                   des comp\u00e9tences, et de l&#8217;assistance pour trouver un emploi.                   La L\u00e9gion royale canadienne est en train d&#8217;\u00e9tudier la possibilit\u00e9 de                   jouer un r\u00f4le dans le programme de placement o\u00f9, parmi d&#8217;autres                   responsabilit\u00e9s, des b\u00e9n\u00e9voles entra\u00een\u00e9s ayant acc\u00e8s \u00e0 une                   base de donn\u00e9es num\u00e9rique fournie par l&#8217;entrepreneur pourraient                   assister les v\u00e9t\u00e9rans des Forces canadiennes \u00e0 trouver un emploi                   ad\u00e9quat gr\u00e2ce \u00e0 un mat\u00e9riel de marketing et \u00e0 d&#8217;autres ressources.<\/p>\n<p>Du point de vue de la L\u00e9gion, cela pourrait servir \u00e0 \u00e9tablir                   un bon rapport avec les v\u00e9t\u00e9rans des Forces canadiennes, la                   source logique de recrues. Ce programme pourrait fonctionner                   selon un processus semblable \u00e0 l&#8217;\u00e9tude des soins de longue                   dur\u00e9e si r\u00e9ussi qui a \u00e9t\u00e9 men\u00e9 par des b\u00e9n\u00e9voles de la L\u00e9gion.                   Si vous \u00eates int\u00e9ress\u00e9 \u00e0 participer \u00e0 un tel r\u00e9seau, veuillez                   prendre contact avec Pierre Allard, le directeur du Bureau                   national des services de la L\u00e9gion, au (613) 235-4391 ou par                   courriel \u00e0 pallard@legion.ca. Des gens nous ont d\u00e9j\u00e0 avis\u00e9 qu&#8217;ils                   ont l&#8217;intention de participer et nous serions heureux d&#8217;avoir                   d&#8217;autres b\u00e9n\u00e9voles, y compris des membres d&#8217;autres organisations                   d&#8217;anciens combattants.<\/p>\n<p><em>\u00c0 votre service est \u00e9crit par des agents des services                     du Bureau national des services.<\/em><\/p>\n","protected":false},"excerpt":{"rendered":"<p>En automne 2003, Anciens combattants Canada et le minist\u00e8re de la D\u00e9fense nationale ont lanc\u00e9 un projet mixte ayant pour objet de coordonner plus syst\u00e9matiquement la prestation de soins pastoraux aux anciens combattants et \u00e0 leur famille. Cette initiative reconnaissait entre autres que les aum\u00f4niers des Forces canadiennes n&#8217;ont pas de mandat, pas de responsabilit\u00e9, [&hellip;]<\/p>\n","protected":false},"author":1,"featured_media":0,"comment_status":"open","ping_status":"open","sticky":false,"template":"","format":"standard","meta":{"footnotes":""},"categories":[3],"tags":[],"class_list":["post-125","post","type-post","status-publish","format-standard","hentry","category-articles-principaux"],"_links":{"self":[{"href":"https:\/\/legionmagazine.com\/fr\/wp-json\/wp\/v2\/posts\/125","targetHints":{"allow":["GET"]}}],"collection":[{"href":"https:\/\/legionmagazine.com\/fr\/wp-json\/wp\/v2\/posts"}],"about":[{"href":"https:\/\/legionmagazine.com\/fr\/wp-json\/wp\/v2\/types\/post"}],"author":[{"embeddable":true,"href":"https:\/\/legionmagazine.com\/fr\/wp-json\/wp\/v2\/users\/1"}],"replies":[{"embeddable":true,"href":"https:\/\/legionmagazine.com\/fr\/wp-json\/wp\/v2\/comments?post=125"}],"version-history":[{"count":0,"href":"https:\/\/legionmagazine.com\/fr\/wp-json\/wp\/v2\/posts\/125\/revisions"}],"wp:attachment":[{"href":"https:\/\/legionmagazine.com\/fr\/wp-json\/wp\/v2\/media?parent=125"}],"wp:term":[{"taxonomy":"category","embeddable":true,"href":"https:\/\/legionmagazine.com\/fr\/wp-json\/wp\/v2\/categories?post=125"},{"taxonomy":"post_tag","embeddable":true,"href":"https:\/\/legionmagazine.com\/fr\/wp-json\/wp\/v2\/tags?post=125"}],"curies":[{"name":"wp","href":"https:\/\/api.w.org\/{rel}","templated":true}]}}