{"id":110,"date":"2006-05-01T22:16:27","date_gmt":"2006-05-02T03:16:27","guid":{"rendered":"http:\/\/28330.vws.magma.ca\/fr\/?p=110"},"modified":"2006-05-01T22:16:27","modified_gmt":"2006-05-02T03:16:27","slug":"la-necessite-dune-declaration-des-droits-de-lancien-combattant-significative","status":"publish","type":"post","link":"https:\/\/legionmagazine.com\/fr\/2006\/05\/la-necessite-dune-declaration-des-droits-de-lancien-combattant-significative\/","title":{"rendered":"La n\u00e9cessit\u00e9 d&#8217;une d\u00e9claration des droits de l&#8217;ancien combattant significative"},"content":{"rendered":"<h2><\/h2>\n<p>La nouvelle Charte des anciens combattants est actuellement                   en vigueur, et la L\u00e9gion royale canadienne, qui a particip\u00e9 \u00e0 sa                   formulation, observe la mani\u00e8re dont on est en train de la                   mettre en application \u00e0 travers le pays. Elle d\u00e9sire s&#8217;assurer                   que les membres en service, les anciens combattants et les                   personnes \u00e0 leur charge obtiennent le soutien qu&#8217;ils m\u00e9ritent.<\/p>\n<p>Sachant cela, la L\u00e9gion a formul\u00e9 un expos\u00e9 de principes sur                   la charte qui sert \u00e0 identifier, entre autres, le fait que                   la charte ne confirme pas la disponibilit\u00e9 de lits \u00e0 acc\u00e8s                   prioritaire pour les anciens combattants modernes dans les                   institutions de soins de longue dur\u00e9e. De plus, \u00e0 la L\u00e9gion                   on croit que vu qu&#8217;ACC est en train de prendre de l&#8217;exp\u00e9rience                   en s&#8217;occupant des membres des Forces canadiennes et des anciens                   combattants qui ont des besoins pressants, il va falloir offrir                   comme option une pension d&#8217;invalidit\u00e9 mensuelle \u00e0 la place                   d&#8217;une somme unique de prestation d&#8217;invalidit\u00e9.<\/p>\n<p>La L\u00e9gion a aussi r\u00e9dig\u00e9 une d\u00e9claration des droits de l&#8217;ancien                   combattant dont une copie a \u00e9t\u00e9 envoy\u00e9s \u00e0 ACC pour voir ce                   qu&#8217;on en pense. Ceci s&#8217;est pass\u00e9 tout de suite apr\u00e8s qu&#8217;ACC                   ait r\u00e9dig\u00e9 une d\u00e9claration des droits que la L\u00e9gion ne trouve                   gu\u00e8re acceptable. En fait, l&#8217;\u00e9bauche d&#8217;ACC a \u00e9t\u00e9 r\u00e9dig\u00e9e comme                   une liste de buts concernant les prestations de services plut\u00f4t                   qu&#8217;une d\u00e9claration de droits. \u00c0 la L\u00e9gion, on croit que toute                   d\u00e9claration de droits devrait \u00eatre assise sur les droits des                   membres des Forces canadiennes et des anciens combattants et                   non pas seulement comme un ensemble de buts de prestations. &#8220;Les                   anciens combattants canadiens qui ont offert leur vie et leur                   service pour les libert\u00e9s dont profitent les Canadiens aujourd&#8217;hui                   sont des citoyens \u00e0 part&#8221;, est-il \u00e9crit dans l&#8217;\u00e9bauche de la                   L\u00e9gion. &#8220;Ils m\u00e9ritent de la reconnaissance, des avantages et                   des services pour maintenir une qualit\u00e9 de vie appropri\u00e9e durant                   tous les stades de leur vie [&#8230;].&#8221;<\/p>\n<p>Les autres droits expliqu\u00e9s bien clairement dans le document                   de la L\u00e9gion comprennent celui qu&#8217;a chaque ancien combattant                   d&#8217;\u00eatre trait\u00e9 avec courtoisie, respect et opportun\u00e9ment lors                   de tous ses contacts avec ACC, et que cela soit &#8220;d\u00e9montr\u00e9 \u00e0 leur                   famille et aux personnes \u00e0 leur charge&#8221;.<\/p>\n<p>On croit \u00e0 la L\u00e9gion que les anciens combattants ont le droit                   d&#8217;\u00eatre renseign\u00e9s sur tous les programmes et avantages auxquels                   ils ont droit, et qu&#8217;ACC a la responsabilit\u00e9 d&#8217;informer les                   clients actuels et d&#8217;en chercher de nouveaux.<\/p>\n<p>De plus, toute d\u00e9claration des droits de l&#8217;ancien combattant                   devrait comprendre celui d&#8217;\u00eatre trait\u00e9 de mani\u00e8re juste et \u00e9galitaire                   dans la langue officielle qu&#8217;il aura choisi, quel que soit                   l&#8217;endroit o\u00f9 il habite, son grade, son poste ou sa situation,                   et qu&#8217;il devrait aussi prendre part \u00e0 toute d\u00e9cision qui affecte                   les soins qui lui sont attribu\u00e9s.<\/p>\n<p>\u00c0 la L\u00e9gion, on a toujours compris l&#8217;importance de la protection                   des droits des anciens combattants. Aujourd&#8217;hui, alors que                   nous passons de la vieille \u00e0 la nouvelle charte, \u00e0 la L\u00e9gion                   on d\u00e9sire s&#8217;assurer que ces droits soient identifi\u00e9s et compris                   par tous les Canadiens. Prot\u00e9ger ces droits, c&#8217;est plus qu&#8217;un                   but. C&#8217;est une mission sacr\u00e9e.<\/p>\n","protected":false},"excerpt":{"rendered":"<p>La nouvelle Charte des anciens combattants est actuellement en vigueur, et la L\u00e9gion royale canadienne, qui a particip\u00e9 \u00e0 sa formulation, observe la mani\u00e8re dont on est en train de la mettre en application \u00e0 travers le pays. Elle d\u00e9sire s&#8217;assurer que les membres en service, les anciens combattants et les personnes \u00e0 leur charge [&hellip;]<\/p>\n","protected":false},"author":1,"featured_media":0,"comment_status":"open","ping_status":"open","sticky":false,"template":"","format":"standard","meta":{"footnotes":""},"categories":[3],"tags":[],"class_list":["post-110","post","type-post","status-publish","format-standard","hentry","category-articles-principaux"],"_links":{"self":[{"href":"https:\/\/legionmagazine.com\/fr\/wp-json\/wp\/v2\/posts\/110","targetHints":{"allow":["GET"]}}],"collection":[{"href":"https:\/\/legionmagazine.com\/fr\/wp-json\/wp\/v2\/posts"}],"about":[{"href":"https:\/\/legionmagazine.com\/fr\/wp-json\/wp\/v2\/types\/post"}],"author":[{"embeddable":true,"href":"https:\/\/legionmagazine.com\/fr\/wp-json\/wp\/v2\/users\/1"}],"replies":[{"embeddable":true,"href":"https:\/\/legionmagazine.com\/fr\/wp-json\/wp\/v2\/comments?post=110"}],"version-history":[{"count":0,"href":"https:\/\/legionmagazine.com\/fr\/wp-json\/wp\/v2\/posts\/110\/revisions"}],"wp:attachment":[{"href":"https:\/\/legionmagazine.com\/fr\/wp-json\/wp\/v2\/media?parent=110"}],"wp:term":[{"taxonomy":"category","embeddable":true,"href":"https:\/\/legionmagazine.com\/fr\/wp-json\/wp\/v2\/categories?post=110"},{"taxonomy":"post_tag","embeddable":true,"href":"https:\/\/legionmagazine.com\/fr\/wp-json\/wp\/v2\/tags?post=110"}],"curies":[{"name":"wp","href":"https:\/\/api.w.org\/{rel}","templated":true}]}}